{"id":126616,"date":"2025-09-20T03:55:11","date_gmt":"2025-09-20T03:55:11","guid":{"rendered":"https:\/\/www.europesays.com\/es\/126616\/"},"modified":"2025-09-20T03:55:11","modified_gmt":"2025-09-20T03:55:11","slug":"matt-reeves-aclara-como-sera-el-guion-de-the-batman-2-y-confirma-que-su-villano-no-se-ha-hecho-antes-en-una-pelicula","status":"publish","type":"post","link":"https:\/\/www.europesays.com\/es\/126616\/","title":{"rendered":"Matt Reeves aclara c\u00f3mo ser\u00e1 el guion de &#8216;The Batman 2&#8217; y confirma que su villano \u00abno se ha hecho antes en una pel\u00edcula\u00bb"},"content":{"rendered":"<p>A\u00fan quedan unos meses para que empiece el rodaje de <a class=\"text-outboundlink\" href=\"https:\/\/www.espinof.com\/todo-lo-que-sabemos\/the-batman-2-fecha-estreno-reparto-trailer-sinopsis-todo-que-sabemos-pelicula-superheroes-dc-robert-pattinson\" data-vars-post-title=\"&#039;The Batman 2&#039; - fecha de estreno, reparto y todo lo que sabemos sobre la pel\u00edcula de DC con Robert Pattinson como superh\u00e9roe de Gotham\" data-vars-post-url=\"https:\/\/www.espinof.com\/todo-lo-que-sabemos\/the-batman-2-fecha-estreno-reparto-trailer-sinopsis-todo-que-sabemos-pelicula-superheroes-dc-robert-pattinson\" rel=\"nofollow noopener\" target=\"_blank\">&#8216;The Batman 2&#8217;<\/a>, pero Matt Reeves no para de caldear el ambiente. Al fin y al cabo, es muy consciente de que ahora mismo (y de momento) solo queda un Batman en DC, y ese es Robert Pattinson. <strong>La primera entrega recaud\u00f3 772 millones frente a 200 de presupuesto<\/strong>, y, desde luego, el director lo est\u00e1 dando todo para que esta secuela consiga superar esos n\u00fameros gracias a declaraciones donde se intuye que el guion es algo revolucionario. Habr\u00e1 que verlo.<\/p>\n<p>\u00a1Santas bat-secuelas!<\/p>\n<p>Seg\u00fan le ha contado a <a rel=\"noopener, noreferrer nofollow\" href=\"https:\/\/www.youtube.com\/watch?v=j9mdvzqLT_Y\" target=\"_blank\">Josh Horowitz<\/a>, Reeves pondr\u00e1 en el centro a Bruce Wayne, dado que la primera parte se centraba en Batman, y que la gente ver\u00e1 a la persona tras la m\u00e1scara de una manera muy distinta: \u00abEn muchas de las otras pel\u00edculas, que adoro, una vez pasa la historia de origen, que nosotros no hicimos aunque s\u00ed hicimos algo que se refer\u00eda a sus or\u00edgenes, despu\u00e9s empieza a contar la historia de la galer\u00eda de villanos y ese tipo de arco de personaje. Pero <strong>nunca quise perder a Bruce Wayne en el centro de estas historias, y es a lo que estamos apuntando<\/strong>\u00ab. \u00a0<a class=\"text-outboundlink\" href=\"https:\/\/www.espinof.com\/directores-y-guionistas\/matt-reeves-no-quiere-que-batman-deje-ser-protagonista-su-trilogia-otras-peliculas-anteriores-se-han-olvidado-despues-origen\" data-vars-post-title=\"Matt Reeves no quiere que Batman deje de ser el protagonista de su trilog\u00eda: &quot;Otras pel\u00edculas anteriores se han olvidado de \u00e9l despu\u00e9s del origen&quot;\" data-vars-post-url=\"https:\/\/www.espinof.com\/directores-y-guionistas\/matt-reeves-no-quiere-que-batman-deje-ser-protagonista-su-trilogia-otras-peliculas-anteriores-se-han-olvidado-despues-origen\" rel=\"nofollow noopener\" target=\"_blank\">No es la primera vez<\/a> que apunta a algo as\u00ed, por lo que debe tener muy claro.<\/p>\n<p>Poco se sabe a\u00fan de la pel\u00edcula, m\u00e1s all\u00e1 de que, por ejemplo, el Ping\u00fcino de Colin Farrell apenas aparecer\u00e1. Sin embargo, Reeves ha prometido que, precisamente por esta visi\u00f3n que tiene de la historia, <strong>ha pasado un rato complicado eligiendo al villano perfecto: <\/strong><strong>\u00abNunca se ha hecho antes en una pel\u00edcula\u00bb<\/strong>, afirma. Una frase muy categ\u00f3rica que habr\u00e1 que ver si aguanta el paso de los a\u00f1os.<\/p>\n<p>    <a href=\"https:\/\/www.espinof.com\/listas\/todas-peliculas-batman-ordenadas-peor-a-mejor\" class=\"pivot-outboundlink\" data-vars-post-title=\"Todas las pel\u00edculas de Batman ordenadas de peor a mejor\" rel=\"nofollow noopener\" target=\"_blank\"><br \/>\n     <img loading=\"lazy\" decoding=\"async\" alt=\"Todas las pel\u00edculas de Batman ordenadas de peor a mejor\" width=\"375\" height=\"142\" src=\"https:\/\/www.europesays.com\/es\/wp-content\/uploads\/2025\/09\/1758340511_788_375_142.jpeg\"\/><br \/>\n    <\/a><\/p>\n<p>De momento, el guion tan solo lo han podido leer los altos jerifaltes de DC, como James Gunn, y Robert Pattinson, aunque <strong>para hacerlo tuvo que entrar en una c\u00e1mara acorazada<\/strong>, tal y como en su d\u00eda se le\u00edan los guiones de Marvel. Poco a poco, hasta su estreno el 1 de octubre de 2027, a\u00fan queda mucho por saber. Quedan dos a\u00f1os, pero &#8216;The Batman 2&#8217; es la pel\u00edcula que nunca deja de dar.<\/p>\n<p>En Espinof |\u00a0<a class=\"text-outboundlink\" href=\"https:\/\/www.espinof.com\/listas\/batman-guia-definitiva-para-ver-orden-todas-peliculas-hombre-murcielago-adam-west-a-lego\" data-vars-post-title=\"Batman, la gu\u00eda definitiva para ver en orden todas las pel\u00edculas del Hombre Murci\u00e9lago: de Adam West a LEGO\" data-vars-post-url=\"https:\/\/www.espinof.com\/listas\/batman-guia-definitiva-para-ver-orden-todas-peliculas-hombre-murcielago-adam-west-a-lego\" rel=\"nofollow noopener\" target=\"_blank\">Batman, la gu\u00eda definitiva para ver en orden todas las pel\u00edculas del Hombre Murci\u00e9lago: de Adam West a LEGO<\/a><\/p>\n<p>En Espinof | <a class=\"text-outboundlink\" href=\"https:\/\/www.espinof.com\/listas\/mejores-peliculas-2025\" data-vars-post-title=\"Las 14 mejores pel\u00edculas de 2025 (por ahora)\" data-vars-post-url=\"https:\/\/www.espinof.com\/listas\/mejores-peliculas-2025\" rel=\"nofollow noopener\" target=\"_blank\">Las mejores pel\u00edculas de 2025<\/a><\/p>\n","protected":false},"excerpt":{"rendered":"A\u00fan quedan unos meses para que empiece el rodaje de &#8216;The Batman 2&#8217;, pero Matt Reeves no para&hellip;\n","protected":false},"author":2,"featured_media":126617,"comment_status":"","ping_status":"","sticky":false,"template":"","format":"standard","meta":{"footnotes":""},"categories":[169],"tags":[177,146,147,25,24,176,175,23],"class_list":{"0":"post-126616","1":"post","2":"type-post","3":"status-publish","4":"format-standard","5":"has-post-thumbnail","7":"category-cine","8":"tag-cine","9":"tag-entertainment","10":"tag-entretenimiento","11":"tag-es","12":"tag-espana","13":"tag-film","14":"tag-movies","15":"tag-spain"},"share_on_mastodon":{"url":"","error":""},"_links":{"self":[{"href":"https:\/\/www.europesays.com\/es\/wp-json\/wp\/v2\/posts\/126616","targetHints":{"allow":["GET"]}}],"collection":[{"href":"https:\/\/www.europesays.com\/es\/wp-json\/wp\/v2\/posts"}],"about":[{"href":"https:\/\/www.europesays.com\/es\/wp-json\/wp\/v2\/types\/post"}],"author":[{"embeddable":true,"href":"https:\/\/www.europesays.com\/es\/wp-json\/wp\/v2\/users\/2"}],"replies":[{"embeddable":true,"href":"https:\/\/www.europesays.com\/es\/wp-json\/wp\/v2\/comments?post=126616"}],"version-history":[{"count":0,"href":"https:\/\/www.europesays.com\/es\/wp-json\/wp\/v2\/posts\/126616\/revisions"}],"wp:featuredmedia":[{"embeddable":true,"href":"https:\/\/www.europesays.com\/es\/wp-json\/wp\/v2\/media\/126617"}],"wp:attachment":[{"href":"https:\/\/www.europesays.com\/es\/wp-json\/wp\/v2\/media?parent=126616"}],"wp:term":[{"taxonomy":"category","embeddable":true,"href":"https:\/\/www.europesays.com\/es\/wp-json\/wp\/v2\/categories?post=126616"},{"taxonomy":"post_tag","embeddable":true,"href":"https:\/\/www.europesays.com\/es\/wp-json\/wp\/v2\/tags?post=126616"}],"curies":[{"name":"wp","href":"https:\/\/api.w.org\/{rel}","templated":true}]}}