{"id":126626,"date":"2025-09-20T04:03:24","date_gmt":"2025-09-20T04:03:24","guid":{"rendered":"https:\/\/www.europesays.com\/es\/126626\/"},"modified":"2025-09-20T04:03:24","modified_gmt":"2025-09-20T04:03:24","slug":"zonas-donde-llovera-y-mas-bajaran-las-temperaturas","status":"publish","type":"post","link":"https:\/\/www.europesays.com\/es\/126626\/","title":{"rendered":"zonas donde llover\u00e1 y m\u00e1s bajar\u00e1n las temperaturas"},"content":{"rendered":"<p><img decoding=\"async\" class=\"voc-author__img\" src=\"https:\/\/www.europesays.com\/es\/wp-content\/uploads\/2025\/07\/autor-4170-foto-2.jpeg\" alt=\"Mar\u00eda Jos\u00e9 Lora\"\/><\/p>\n<p>19\/09\/2025<br \/>\n<br \/><strong><br \/>\nActualizado a las 13:45h.<br \/>\n<\/strong><\/p>\n<p class=\"voc-p\" style=\"\">Andaluc\u00eda vivir\u00e1 un importante cambio de tiempo que provocar\u00e1 una <strong>bajada brusca de las temperaturas <\/strong>de forma generalizada y algunos <strong>chubascos<\/strong> en esta recta final del verano astron\u00f3mico. \u00abEl anticicl\u00f3n de las Azores va a girar casi 90 grados y se va a colocar Norte-Sur dejando esos vientos que son m\u00e1s frescos\u00bb, explica a ABC Juan de Dios del Pino, delegado de la Agencia Estatal de Meteorolog\u00eda (AEMET) en Andaluc\u00eda. <\/p>\n<p class=\"voc-p\" style=\"\">Esta situaci\u00f3n se empieza a notar ya en la regi\u00f3n con el descenso progresivo desde este viernes, que ir\u00e1 a m\u00e1s conforme avance el fin de semana, siendo <strong>el lunes la jornada m\u00e1s fresca<\/strong>, con la <strong>bajada de 10 grados <\/strong>en las m\u00e1ximas as\u00ed como un descenso moderado en las m\u00ednimas, pero que se apreciar\u00e1 igualmente. <\/p>\n<p class=\"voc-p\" style=\"\">El <strong>domingo<\/strong> pueden producirse, adem\u00e1s, algunos <strong>chubascos tormentosos <\/strong>en algunas zonas de monta\u00f1a de Andaluc\u00eda oriental. \u00abAunque las noches seguir\u00e1n siendo c\u00e1lidas, la del domingo al lunes ser\u00e1 fresca con m\u00ednimas por debajo de los 20 grados, en torno a los 15 grados\u00bb, se\u00f1ala Del Pino. <\/p>\n<p>\nCambio de estaci\u00f3n\n<\/p>\n<p class=\"voc-p\" style=\"\">En el presente cambio de estaci\u00f3n -del verano al oto\u00f1o- estas variaciones de tiempo <strong>son \u00abhabituales, con las entradas y salidas de borrascas<\/strong>, de ah\u00ed que se den estos &#8216;veranillos&#8217; tan t\u00edpicos\u00bb. No obstante, seg\u00fan comenta Del Pino, \u00abla transici\u00f3n no es gradual, sino que se producen este juego de borrascas\u00bb. <\/p>\n<p class=\"voc-p\" style=\"\">De este modo, las temperaturas van a<strong> descender unos 8-10 grados<\/strong> en la mayor\u00eda de las provincias andaluzas hasta el lunes, jornada en la que volver\u00e1 la estabilidad. En Sevilla capital se pasar\u00e1 de los 37\u00baC del s\u00e1bado a los 29\u00baC &#8211; 30\u00baC del lunes, con m\u00ednimas en torno a los 15-16 grados. <\/p>\n<ul class=\"oc-d-c-list__list\">\n<li class=\"voc-d-c-list__item\">\n<p class=\"voc-d-c-list__paragraph\">Huelva: 14\u00baC\/30\u00baC <\/p>\n<\/li>\n<li class=\"voc-d-c-list__item\">\n<p class=\"voc-d-c-list__paragraph\">C\u00f3rdoba: 12\u00baC\/30\u00baC <\/p>\n<\/li>\n<li class=\"voc-d-c-list__item\">\n<p class=\"voc-d-c-list__paragraph\">Antequera (M\u00e1laga): 12\u00baC\/27\u00baC <\/p>\n<\/li>\n<li class=\"voc-d-c-list__item\">\n<p class=\"voc-d-c-list__paragraph\">Trev\u00e9lez (Granada): 9\u00baC\/21\u00baC <\/p>\n<\/li>\n<li class=\"voc-d-c-list__item\">\n<p class=\"voc-d-c-list__paragraph\">Alcal\u00e1 la Real (Ja\u00e9n): 11\u00baC\/25\u00baC<\/p>\n<\/li>\n<li class=\"voc-d-c-list__item\">\n<p class=\"voc-d-c-list__paragraph\">Baza (Granada): 10\u00baC\/28\u00baC <\/p>\n<\/li>\n<li class=\"voc-d-c-list__item\">\n<p class=\"voc-d-c-list__paragraph\">Hu\u00e9scar (Granada): 10\u00baC\/28\u00baC<\/p>\n<\/li>\n<\/ul>\n<p>\nLluvias en Andaluc\u00eda\n<\/p>\n<p class=\"voc-p\" style=\"\">Este frente de aire fr\u00edo que entrar\u00e1 este fin de semana traer\u00e1 consigo<strong> chubascos tormentosos<\/strong> que afectar\u00e1n principalmente a las provincias de <strong>Almer\u00eda, Granada y Ja\u00e9n<\/strong>. El s\u00e1bado por la tarde y sobre todo el domingo ser\u00e1n las jornadas donde se producir\u00e1n estos fen\u00f3menos lluviosos de forma aislada. <\/p>\n<ul class=\"oc-d-c-list__list\">\n<li class=\"voc-d-c-list__item\">\n<p class=\"voc-d-c-list__paragraph\">S\u00e1bado (12 a 18 horas)<\/p>\n<\/li>\n<li class=\"voc-d-c-list__item\">\n<p class=\"voc-d-c-list__paragraph\">Trev\u00e9lez (Granada): 95% probabilidad<\/p>\n<\/li>\n<li class=\"voc-d-c-list__item\">\n<p class=\"voc-d-c-list__paragraph\">Guadix (Granada): 35% probabilidad<\/p>\n<\/li>\n<li class=\"voc-d-c-list__item\">\n<p class=\"voc-d-c-list__paragraph\">Baza (Granada): 65% probabilidad<\/p>\n<\/li>\n<li class=\"voc-d-c-list__item\">\n<p class=\"voc-d-c-list__paragraph\">Hu\u00e9scar (Granada): 40% probabilidad<\/p>\n<\/li>\n<li class=\"voc-d-c-list__item\">\n<p class=\"voc-d-c-list__paragraph\">Domingo (12 a 18 horas) <\/p>\n<\/li>\n<li class=\"voc-d-c-list__item\">\n<p class=\"voc-d-c-list__paragraph\">Trev\u00e9lez (Granada): 100% probabilidad<\/p>\n<\/li>\n<li class=\"voc-d-c-list__item\">\n<p class=\"voc-d-c-list__paragraph\">Granada capital: 65% probabilidad<\/p>\n<\/li>\n<li class=\"voc-d-c-list__item\">\n<p class=\"voc-d-c-list__paragraph\">Guadix (Granada): 65% probabilidad<\/p>\n<\/li>\n<li class=\"voc-d-c-list__item\">\n<p class=\"voc-d-c-list__paragraph\">Baza (Granada): 55% probabilidad<\/p>\n<\/li>\n<li class=\"voc-d-c-list__item\">\n<p class=\"voc-d-c-list__paragraph\">Hu\u00e9scar (Granada): 60% probabilidad<\/p>\n<\/li>\n<li class=\"voc-d-c-list__item\">\n<p class=\"voc-d-c-list__paragraph\">Loja (Granada): 55% probabilidad<\/p>\n<\/li>\n<li class=\"voc-d-c-list__item\">\n<p class=\"voc-d-c-list__paragraph\">G\u00e9rgal (Almer\u00eda): 70% probabilidad<\/p>\n<\/li>\n<li class=\"voc-d-c-list__item\">\n<p class=\"voc-d-c-list__paragraph\">Albox (Almer\u00eda): 80% probabilidad<\/p>\n<\/li>\n<li class=\"voc-d-c-list__item\">\n<p class=\"voc-d-c-list__paragraph\">V\u00e9lez-Rubio (Almer\u00eda): 70% probabilidad<\/p>\n<\/li>\n<li class=\"voc-d-c-list__item\">\n<p class=\"voc-d-c-list__paragraph\">Cazorla (Ja\u00e9n): 60% probabilidad<\/p>\n<\/li>\n<li class=\"voc-d-c-list__item\">\n<p class=\"voc-d-c-list__paragraph\">Huelma (Ja\u00e9n): 55% probabilidad<\/p>\n<\/li>\n<li class=\"voc-d-c-list__item\">\n<p class=\"voc-d-c-list__paragraph\">Alcal\u00e1 la Real (Ja\u00e9n): 55% probabilidad<\/p>\n<\/li>\n<li class=\"voc-d-c-list__item\">\n<p class=\"voc-d-c-list__paragraph\">Arroyo del Ojanco (Ja\u00e9n): 55% probabilidad<\/p>\n<\/li>\n<\/ul>\n<p>Reportar un error<\/p>\n","protected":false},"excerpt":{"rendered":"19\/09\/2025 Actualizado a las 13:45h. Andaluc\u00eda vivir\u00e1 un importante cambio de tiempo que provocar\u00e1 una bajada brusca de&hellip;\n","protected":false},"author":2,"featured_media":126627,"comment_status":"","ping_status":"","sticky":false,"template":"","format":"standard","meta":{"footnotes":""},"categories":[5],"tags":[2980,259,7994,41086,17,18,7556,25,24,13,14,11,19,20,30590,9,10,15,16,57,23,6195,159,12,21,22,7996],"class_list":{"0":"post-126626","1":"post","2":"type-post","3":"status-publish","4":"format-standard","5":"has-post-thumbnail","7":"category-titulares","8":"tag-aemet","9":"tag-andalucia","10":"tag-avisa","11":"tag-bajaran","12":"tag-breaking-news","13":"tag-breakingnews","14":"tag-cambio","15":"tag-es","16":"tag-espana","17":"tag-featured-news","18":"tag-featurednews","19":"tag-headlines","20":"tag-latest-news","21":"tag-latestnews","22":"tag-llovera","23":"tag-news","24":"tag-noticias","25":"tag-noticias-destacadas","26":"tag-noticiasdestacadas","27":"tag-sobre","28":"tag-spain","29":"tag-temperaturas","30":"tag-tiempo","31":"tag-titulares","32":"tag-ultimas-noticias","33":"tag-ultimasnoticias","34":"tag-zonas"},"share_on_mastodon":{"url":"","error":""},"_links":{"self":[{"href":"https:\/\/www.europesays.com\/es\/wp-json\/wp\/v2\/posts\/126626","targetHints":{"allow":["GET"]}}],"collection":[{"href":"https:\/\/www.europesays.com\/es\/wp-json\/wp\/v2\/posts"}],"about":[{"href":"https:\/\/www.europesays.com\/es\/wp-json\/wp\/v2\/types\/post"}],"author":[{"embeddable":true,"href":"https:\/\/www.europesays.com\/es\/wp-json\/wp\/v2\/users\/2"}],"replies":[{"embeddable":true,"href":"https:\/\/www.europesays.com\/es\/wp-json\/wp\/v2\/comments?post=126626"}],"version-history":[{"count":0,"href":"https:\/\/www.europesays.com\/es\/wp-json\/wp\/v2\/posts\/126626\/revisions"}],"wp:featuredmedia":[{"embeddable":true,"href":"https:\/\/www.europesays.com\/es\/wp-json\/wp\/v2\/media\/126627"}],"wp:attachment":[{"href":"https:\/\/www.europesays.com\/es\/wp-json\/wp\/v2\/media?parent=126626"}],"wp:term":[{"taxonomy":"category","embeddable":true,"href":"https:\/\/www.europesays.com\/es\/wp-json\/wp\/v2\/categories?post=126626"},{"taxonomy":"post_tag","embeddable":true,"href":"https:\/\/www.europesays.com\/es\/wp-json\/wp\/v2\/tags?post=126626"}],"curies":[{"name":"wp","href":"https:\/\/api.w.org\/{rel}","templated":true}]}}