{"id":126628,"date":"2025-09-20T04:05:12","date_gmt":"2025-09-20T04:05:12","guid":{"rendered":"https:\/\/www.europesays.com\/es\/126628\/"},"modified":"2025-09-20T04:05:12","modified_gmt":"2025-09-20T04:05:12","slug":"porteno-y-rufo-se-instalan-en-el-podio-de-la-feria-taurina","status":"publish","type":"post","link":"https:\/\/www.europesays.com\/es\/126628\/","title":{"rendered":"&#8216;Porte\u00f1o&#8217; y Rufo se instalan en el podio de la Feria Taurina"},"content":{"rendered":"<p>En esta Espa\u00f1a nuestra, cuando la feria de una ciudad termina y amanece el &#8216;d\u00eda despu\u00e9s&#8217;, todo est\u00e1 envuelto en una sordidez apabullante. Se desactiva el eco ensordecedor de m\u00fasicas y jaranas, se desmontan los tinglados de las casetas que repart\u00edan pinchos y tapas, el peso de la nada se desploma ante nosotros y las calles, todas ellas, aparecen calladas -encalladas- en un pasado reciente que mueve a la melancol\u00eda. Se acab\u00f3 la feria, se acab\u00f3 la fiesta&#8230; y se acabaron las tardes de toros. Llegado es el momento de levantar la persiana del recuerdo, aprovechando la frescura de la memoria, para abrir de nuevo las p\u00e1ginas de las tardes de oro, seda, sangre y sol que se vivieron en el coso taurino del paseo de Zorrilla.\u00a0<\/p>\n<p>No se trata de volver a poner de actualidad un pasado bien reciente -la actualidad es \u00fanica, instant\u00e1nea, inaplazable-, sino de dejar constancia de las circunstancias y concausas que generaron las corridas de toros, esa Fiesta inveterada en las costumbres del pueblo espa\u00f1ol que el socialista e ilustre soci\u00f3logo Enrique Tierno Galv\u00e1n -\u00a1qui\u00e9n lo dijera, en estos tiempos!- definiera como \u00abacontecimiento nacional\u00bb, y que, siquiera fuera por unos d\u00edas, adquiri\u00f3 especial relevancia en Valladolid.<\/p>\n<p>Haremos referencia en primer lugar, al concurso nacional de Cortes, especialidad taurina que me trae recuerdos de mi infancia y primera juventud en Matapozuelos, cuando el mocer\u00edo local rivalizaba quebrando las embestidas de unas vacas gordas y cornalonas, entre el general regocijo. Ahora, los &#8216;cortes&#8217; solo se llaman as\u00ed en Castilla, porque en el resto de Espa\u00f1a se les conoce como re-cortadores a quienes practican esta disciplina, unos muchachos especializados en hacer diabluras de pie o de rodillas, quebrando y saltando por encima de los cuernos de toros con toda la barba. En cualquier caso, el espect\u00e1culo cosech\u00f3, de nuevo, un gran \u00e9xito y se da por segura su repetici\u00f3n en futuras ediciones.<\/p>\n<p>De los festejos mayores -no hubo novillada este a\u00f1o-, la corrida de rejones registr\u00f3 el gran triunfo de Sergio Gal\u00e1n (sustituto a \u00faltima hora del lesionado Andy Cartagena) y, otra vez, del joven Sergio P\u00e9rez de Gregorio, rejoneador de Pe\u00f1aranda de Bracamonte, de quien bien puede decirse que tiene a la plaza del paseo de Zorrilla como la olla expr\u00e9s que le destap\u00f3 como figura en ciernes. Se volvi\u00f3 a ir de la Plaza por la Puerta Grande, en uni\u00f3n de Gal\u00e1n; y no les acompa\u00f1\u00f3 Guillermo Hermoso de Mendoza porque fall\u00f3 reiteradamente con el rej\u00f3n de muerte.\u00a0<\/p>\n<p>Tras tres d\u00edas de asueto taurino, con la afici\u00f3n solaz\u00e1ndose con las innumerables ofertas para consumar el ocio que se programan en las fiestas en honor de la Virgen de San Lorenzo, entramos en el grueso de la feria, donde se dieron cita los toreros m\u00e1s acreditados del momento. Estaban anunciados Morante de la Puebla, Andr\u00e9s Roca Rey, Alejandro Talavante y Emilio de Justo, con la rutilancia que les acredita como grandes figuras del toreo actual. Se anunciaron con toros de dos de las ganader\u00edas m\u00e1s importantes del momento, Victoriano del R\u00edo y Gracigrande. A su vez, nombres tan atractivos como Uceda Lean, Samuel Jim\u00e9nez Fortes y Tom\u00e1s Rufo hubieron de verse las caras con los muy afamados toros de Victorino Mart\u00edn.<\/p>\n<p>Lamentablemente, Morante de la Puebla present\u00f3 el parte facultativo en el que se significaban problemas de salud que justifican su ausencia. Para esta corrida hac\u00eda ya muchos d\u00edas que se hab\u00edan agotado las localidades; pero las que se devolvieron fueron inmediatamente adquiridas, y se volvi\u00f3 a colocar en las taquillas el cartel de No Hay Billetes. Esa tarde, Emilio de Justo ocup\u00f3 la vacante del de la Puebla del R\u00edo, al haber cortado tres orejas a los toros de Victoriano del R\u00edo, y una Alejandro Talavante, que estrope\u00f3 con la espada una brillante faena. En esta ocasi\u00f3n, De Justo no pudo revalidar sus contumaces \u00e9xitos en esta plaza, porque los toros Garcigrande renunciaron a embestir, de forma sorprendente. Y es que el ganado que present\u00f3 Justo Hern\u00e1ndez, propietario de la ganader\u00eda, sorprendi\u00f3 por su forma de acudir a la tela del capote, dudando y corneando antes de entrar en el embroque, a tal punto, que Roca Rey fue cogido aparatosamente, buscado con sa\u00f1a en el suelo y sufriendo derrotes hasta que el toro le llev\u00f3 al estribo de la barrera. Se levant\u00f3 Roca Rey doli\u00e9ndose del costado derecho y haciendo gestos de respirar con dificultad, pero tom\u00f3 la muleta y se fue, resuelto en busca del triunfo. Cort\u00f3 la oreja del toro agresor, pero el sexto fue imposible y no pudo rematar la tarde con resultado positivo.<\/p>\n<p>Al d\u00eda siguiente, Victorino lidi\u00f3 una gran corrida de toros. En tipo de su encaste Saltillo, con las dificultades de rigor, pero tambi\u00e9n con las bondades que, en ocasiones, derrochan estos toros lleg\u00f3 la apoteosis en el tercer toro de la corrida, por nombre &#8216;Porte\u00f1o&#8217;, a quien Tom\u00e1s Rufo realiz\u00f3 una faena magistral. Toro y torero cautivaron al p\u00fablico, que premi\u00f3 al animal con la vuelta al ruedo en el arrastre y al torero con las dos orejas del magn\u00edfico ejemplar de la raza de lidia. Tambi\u00e9n por la Puerta Grande sali\u00f3 Jos\u00e9 Ignacio Uceda Leal, torero repescado para esta corrida, que cumpli\u00f3 con creces unas expectativas que no pudo cumplir Sa\u00fal Jim\u00e9nez Fortes, a pesar del esfuerzo realizado, premiado con oreja.<\/p>\n<p>Para finalizar, otra vez se reunieron los mismos matadores-banderilleros del a\u00f1o pasado: El Fandi, Manuel Escribano e Ismael Mart\u00edn. Fue la corrida &#8216;de la juventud&#8217;, no ciertamente por la edad de los ya veteranos Fandi y Escribano, sino por los reclamos que anunci\u00f3 la empresa para recabar la presencia de ni\u00f1os y j\u00f3venes, de ambos sexos. \u00c9xito rotundo. Se cubrieron las tres cuartas partes de las localidades y los toreros compartieron tercios de banderillas y colaboraron en la elaboraci\u00f3n de esa parte de espect\u00e1culo que acompa\u00f1a a las emociones que genera el enfrentamiento ancestral del hombre y el toro. Se fueron en hombros Fandi y Escribano, con dos orejas cada uno y Mart\u00edn con una, adem\u00e1s de con un enorme chich\u00f3n en la frente, por el palotazo del primer toro de la corrida, de Ba\u00f1uelos, ciertamente bien presentada, pero mala de verdad en lo que a su juego se refiere.<\/p>\n<p>Conclusi\u00f3n: la feria taurina vallisoletana tiene dos nombres propios, un toro, &#8216;Porte\u00f1o&#8217;, y un torero, Tom\u00e1s Rufo, ganadores ambos del trofeo San Pedro Regalado. Y, a mayores, la de la recuperaci\u00f3n de nuevas generaciones de aficionados. En estos d\u00edas de resaca festera, se agradece el venteo de un tiempo de esperanza.\u00a0<\/p>\n","protected":false},"excerpt":{"rendered":"En esta Espa\u00f1a nuestra, cuando la feria de una ciudad termina y amanece el &#8216;d\u00eda despu\u00e9s&#8217;, todo est\u00e1&hellip;\n","protected":false},"author":2,"featured_media":126629,"comment_status":"","ping_status":"","sticky":false,"template":"","format":"standard","meta":{"footnotes":""},"categories":[277],"tags":[373,4995,12706,168,25,24,712,15083,35115,4317,41088,1392,33899,41087,4316,23,167,625,374,444,1607],"class_list":{"0":"post-126628","1":"post","2":"type-post","3":"status-publish","4":"format-standard","5":"has-post-thumbnail","7":"category-toreo","8":"tag-bullfighting","9":"tag-cartagena","10":"tag-cortes","11":"tag-deportes","12":"tag-es","13":"tag-espana","14":"tag-feria-taurina","15":"tag-fiestas-de-la-virgen-de-san-lorenzo","16":"tag-fiestas-de-san-pedro-regalado","17":"tag-la-puebla-de-montalban","18":"tag-matapozuelos","19":"tag-morante-de-la-puebla","20":"tag-paseo-de-zorrilla","21":"tag-pinchos","22":"tag-roca-rey","23":"tag-spain","24":"tag-sports","25":"tag-tauromaquia","26":"tag-toreo","27":"tag-toros","28":"tag-valladolid"},"share_on_mastodon":{"url":"","error":""},"_links":{"self":[{"href":"https:\/\/www.europesays.com\/es\/wp-json\/wp\/v2\/posts\/126628","targetHints":{"allow":["GET"]}}],"collection":[{"href":"https:\/\/www.europesays.com\/es\/wp-json\/wp\/v2\/posts"}],"about":[{"href":"https:\/\/www.europesays.com\/es\/wp-json\/wp\/v2\/types\/post"}],"author":[{"embeddable":true,"href":"https:\/\/www.europesays.com\/es\/wp-json\/wp\/v2\/users\/2"}],"replies":[{"embeddable":true,"href":"https:\/\/www.europesays.com\/es\/wp-json\/wp\/v2\/comments?post=126628"}],"version-history":[{"count":0,"href":"https:\/\/www.europesays.com\/es\/wp-json\/wp\/v2\/posts\/126628\/revisions"}],"wp:featuredmedia":[{"embeddable":true,"href":"https:\/\/www.europesays.com\/es\/wp-json\/wp\/v2\/media\/126629"}],"wp:attachment":[{"href":"https:\/\/www.europesays.com\/es\/wp-json\/wp\/v2\/media?parent=126628"}],"wp:term":[{"taxonomy":"category","embeddable":true,"href":"https:\/\/www.europesays.com\/es\/wp-json\/wp\/v2\/categories?post=126628"},{"taxonomy":"post_tag","embeddable":true,"href":"https:\/\/www.europesays.com\/es\/wp-json\/wp\/v2\/tags?post=126628"}],"curies":[{"name":"wp","href":"https:\/\/api.w.org\/{rel}","templated":true}]}}