{"id":126632,"date":"2025-09-20T04:09:08","date_gmt":"2025-09-20T04:09:08","guid":{"rendered":"https:\/\/www.europesays.com\/es\/126632\/"},"modified":"2025-09-20T04:09:08","modified_gmt":"2025-09-20T04:09:08","slug":"el-clasico-rcn-arranca-este-sabado-con-rodrigo-contreras-como-gran-favorito-ciclismo","status":"publish","type":"post","link":"https:\/\/www.europesays.com\/es\/126632\/","title":{"rendered":"El Cl\u00e1sico RCN arranca este s\u00e1bado con Rodrigo Contreras como gran favorito &#8211; Ciclismo"},"content":{"rendered":"<ol>\n<li><a href=\"https:\/\/news.google.com\/rss\/articles\/CBMiakFVX3lxTFBGNTUzRTJGX0E0a2VSU21ZbllucV9rQ3dqM2ZBUFROcUtITzNIcjBIZ0Z2MDV2Q1YxTW9lRGNMVk1KNE40OUw5bVVKdWp0YTIzaG9SaGdnMVdvZFMzdGpVU25XZEtOQTNMX2c?oc=5\" target=\"_blank\" rel=\"nofollow noopener\">El Cl\u00e1sico RCN arranca este s\u00e1bado con Rodrigo Contreras como gran favorito<\/a>&nbsp;&nbsp;Ciclismo<\/li>\n<li><a href=\"https:\/\/news.google.com\/rss\/articles\/CBMisAFBVV95cUxPWnB1NnFyTXJQTEdwT3FTWk5WUmdfd1J5TEUxQmZvUFN5dHpBTXlCZGtLUU9NMUdJdmliNHFqQ0RFMEN3RmNNOEp0V01OM1dfTGp1NFJCQzBBNnh4dVB6SURMZ3VXdDdFM043cnNVbTFpb1VCRUg4SGUxMjYzRlZmTUFwbkZfZ19HdnV3aXVKSjhJQUZQTHJJZVR5ZnZUNkczQlRRN3Z3TFlkMllaZzZLN9IBtgFBVV95cUxONGNtVHMwMmVQU3dDTVJqTGdFS3htY1JMc1M0LTAtN3Q1dVpyY2RQZkQ0TjBXajkwazlsMVQwUTBXME1FQXdReWctS1p3Q0pEeVVPZ05qRlloZ0d5MTg1ZXFyel9sSmtoM3Z5NGdYdmJpZjBkTHRjeUNDRTlmQU80SWdjc2NIOXdNOVlFZi1SakZ4b1p2V2hqdG9SSUdwSUd1VU92T0pzNmY1SUw2NE9zelYzTE9QQQ?oc=5\" target=\"_blank\" rel=\"nofollow noopener\">168 pedalistas batallar\u00e1n en el Cl\u00e1sico RCN-2025 | El Colombiano<\/a>&nbsp;&nbsp;El Colombiano<\/li>\n<li><a href=\"https:\/\/news.google.com\/rss\/articles\/CBMisAFBVV95cUxQT2NCZDdrNFU3S3NMdjNyYTYxOC16djF3cmdQT3Fybm5nR3ZHYlRFbEc4bFdUblNDdzNTSlJnb3IzVElvTGRGaWpCbnkxZnNpNktBcnljX2c2ak5aajQ4NFhVWE5fNURWUnB1OFE1U1FRQlAzOGlRQ25neWxDaXRJRW0tUkVYUk12RU5ibVJmbzFUcXdvbnJqTnlrZ3FVTDZYVzBrRmJ5WERKSTZHaEp1Xw?oc=5\" target=\"_blank\" rel=\"nofollow noopener\">El Team Boyac\u00e1 es Para Vivirla est\u00e1 listo en Turbo para afrontar el Cl\u00e1sico RCN 2025<\/a>&nbsp;&nbsp;Gobernaci\u00f3n de Boyac\u00e1<\/li>\n<li><a href=\"https:\/\/news.google.com\/rss\/articles\/CBMi3AFBVV95cUxPaHR5eTg4MXdOVG9WaThKcUo0S2lGREU3WHRGZmlCYU1JdmY4T0hZbWl4TU1DaUZqc2ljVFdpY3QyQnVIMFM2N3JpRURUMGM0ZE1MQXhnbGtJQi1CMUxjb2JXcVNVTU9WY3hfdTZuVVlaRUFaLWpYUGRlU25xSmpyaTRQRjB4Q2hRY2ZpNEhrZzhrMDlzSzJwOUprNlM0OHcyY3d4X1N6T2JqRlI0anozZUlXa0pBQVYxNW50QjEwdUxoVzAzVURHTHExN0RnQkpDVjdpQU5hUEZjOTJl0gHiAUFVX3lxTE1YNlJDcG1FZWVDS2dRMEJydFROcm5CR2h5TGpkZHh3S1gxWDFtWkZQTnhQbk10UEpYUFk1eHZyMWFGZ0V1UWVUdTNoUkUwVHI0RDZWZTc3TXdZVE5OUk5zUXhKWmw5czlFOVJ2bm5TZ2dTZUctdkdfZDZncDF3RG1xZld0X2l4djZyeXg5aGZKaGZ3VU9ncVczVEVXRFIwTU5VSV9TdF94NHFKbEttRXoxdXpqU25fZndOX0xWV21VV0xxOVljUWktak85cEJ3ZzNva1E0b1pTdmJ1bkIxVUFmc3c?oc=5\" target=\"_blank\" rel=\"nofollow noopener\">Cl\u00e1sico RCN Sistecr\u00e9dito 2025: un verdadero \u2018Duelo de Titanes\u2019 entre Rodrigo Contreras y Diego Camargo<\/a>&nbsp;&nbsp;Revista Mundo Cicl\u00edstico<\/li>\n<li><a href=\"https:\/\/news.google.com\/rss\/articles\/CBMiuwFBVV95cUxPc2hxNUhoN2l2TDJWUkRVdGx1SFljNUlBQ1VERjNuTS1NTjIxTnFQUDlyOElnUWtLN0gzU01MTEJhYkpHYmtTOE5QTTRHS01tSUtGTHJuT1VONXFYTlYwdHR0SXNGWV9meWVQVGdEcndtUkR0Ym9uNG9KeFV4TG1ORTV3VzNnTmRtV29DbDRWUFBxeFVTRDhMaFlxWWFBUUhxNVlwZVp0QXRsWWNvc2c3U01vSENwVnd1bTEw?oc=5\" target=\"_blank\" rel=\"nofollow noopener\">As\u00ed ser\u00e1 la primera etapa del Cl\u00e1sico RCN: perfil, TV y d\u00f3nde ver en vivo<\/a>&nbsp;&nbsp;El Espectador<\/li>\n<\/ol>\n","protected":false},"excerpt":{"rendered":"El Cl\u00e1sico RCN arranca este s\u00e1bado con Rodrigo Contreras como gran favorito&nbsp;&nbsp;Ciclismo 168 pedalistas batallar\u00e1n en el Cl\u00e1sico&hellip;\n","protected":false},"author":2,"featured_media":126633,"comment_status":"","ping_status":"","sticky":false,"template":"","format":"standard","meta":{"footnotes":""},"categories":[273],"tags":[4860,313,2838,5145,13651,312,168,11956,40342,25,24,41090,16900,5215,1179,5137,41089,7106,3397,23,167,2076],"class_list":{"0":"post-126632","1":"post","2":"type-post","3":"status-publish","4":"format-standard","5":"has-post-thumbnail","7":"category-ciclismo","8":"tag-carrera","9":"tag-ciclismo","10":"tag-ciclistas","11":"tag-clasico","12":"tag-contreras","13":"tag-cycling","14":"tag-deportes","15":"tag-desde","16":"tag-disputaran","17":"tag-es","18":"tag-espana","19":"tag-experimentado","20":"tag-favorito","21":"tag-kilometros","22":"tag-mas","23":"tag-maximo","24":"tag-rcn","25":"tag-rodrigo","26":"tag-sabado","27":"tag-spain","28":"tag-sports","29":"tag-tiene"},"share_on_mastodon":{"url":"","error":""},"_links":{"self":[{"href":"https:\/\/www.europesays.com\/es\/wp-json\/wp\/v2\/posts\/126632","targetHints":{"allow":["GET"]}}],"collection":[{"href":"https:\/\/www.europesays.com\/es\/wp-json\/wp\/v2\/posts"}],"about":[{"href":"https:\/\/www.europesays.com\/es\/wp-json\/wp\/v2\/types\/post"}],"author":[{"embeddable":true,"href":"https:\/\/www.europesays.com\/es\/wp-json\/wp\/v2\/users\/2"}],"replies":[{"embeddable":true,"href":"https:\/\/www.europesays.com\/es\/wp-json\/wp\/v2\/comments?post=126632"}],"version-history":[{"count":0,"href":"https:\/\/www.europesays.com\/es\/wp-json\/wp\/v2\/posts\/126632\/revisions"}],"wp:featuredmedia":[{"embeddable":true,"href":"https:\/\/www.europesays.com\/es\/wp-json\/wp\/v2\/media\/126633"}],"wp:attachment":[{"href":"https:\/\/www.europesays.com\/es\/wp-json\/wp\/v2\/media?parent=126632"}],"wp:term":[{"taxonomy":"category","embeddable":true,"href":"https:\/\/www.europesays.com\/es\/wp-json\/wp\/v2\/categories?post=126632"},{"taxonomy":"post_tag","embeddable":true,"href":"https:\/\/www.europesays.com\/es\/wp-json\/wp\/v2\/tags?post=126632"}],"curies":[{"name":"wp","href":"https:\/\/api.w.org\/{rel}","templated":true}]}}