{"id":126636,"date":"2025-09-20T04:11:08","date_gmt":"2025-09-20T04:11:08","guid":{"rendered":"https:\/\/www.europesays.com\/es\/126636\/"},"modified":"2025-09-20T04:11:08","modified_gmt":"2025-09-20T04:11:08","slug":"un-madrid-de-dos-caras-cae-en-la-prorroga-con-el-breogan","status":"publish","type":"post","link":"https:\/\/www.europesays.com\/es\/126636\/","title":{"rendered":"Un Madrid de dos caras cae en la pr\u00f3rroga con el Breog\u00e1n"},"content":{"rendered":"<p data-mrf-recirculation=\"Links P\u00e1rrafos\" class=\"ue-c-article__paragraph paragraph ue-c-article--first-letter-highlighted\">El Real Madrid perdi\u00f3 en la pr\u00f3rroga con el R\u00edo Breog\u00e1n, 83-78, y tendr\u00e1 que disputar este s\u00e1bado (18.00 h) el tercer y cuarto puesto del torneo EncestaR\u00edas ante el Baskonia. El Breog\u00e1n, en un final espl\u00e9ndido, se cita con el Valencia Basket en la final a partir de las 20.30. Los taronja ganaron con mucha claridad al Baskonia, 84-99, en la eliminatoria anterior.<\/p>\n<p data-mrf-recirculation=\"Links P\u00e1rrafos\" class=\"ue-c-article__paragraph paragraph\">Los blancos, en este partido de azul, mostraron dos caras muy diferentes. Una, la de un equipo que empieza a engranar sus piezas, metido en el choque, y con una defensa extraordinaria con la que estaba asfixiando a su rival. Resultado de ello, una m\u00e1xima de 31-50 a 5:54 para el final del tercer cuarto. Los de Scariolo parec\u00edan tener el partido m\u00e1s que controlado, pero no.<\/p>\n<p data-mrf-recirculation=\"Links P\u00e1rrafos\" class=\"ue-c-article__paragraph paragraph\">De ah\u00ed, al final, el Breog\u00e1n, con mucho jugador nuevo, apret\u00f3 y quiso morir matando y logro remontar para acabar ganando al Madrid. Parcial de 36-17 para los locales en 15 minutos desde la m\u00e1xima ventaja madridista que llegaron a empatar el choque, 65-65, a 58 segundos para el final. El Breo lleg\u00f3 a tener un tiro libre con 69-69 a 10 segundos del final y el Madrid fall\u00f3 el \u00faltimo ataque, con la p\u00e9rdida de Andr\u00e9s Feliz.<\/p>\n<p data-mrf-recirculation=\"Links P\u00e1rrafos\" class=\"ue-c-article__paragraph paragraph\">Scariolo, que hizo jugar a 11 de sus 12 jugadores en el primer cuarto, rot\u00f3 durante todo el choque y, en los minutos finales jug\u00f3 con los supuestamente menos habituales. Y sus jugadores no lograron pasar del empate.<\/p>\n<p data-mrf-recirculation=\"Links P\u00e1rrafos\" class=\"ue-c-article__paragraph paragraph\">En el tiempo extra el Breog\u00e1n se puso por delante por priemra vez en el partido con un triple de Kurucs, 72-69. El Madrid volvi\u00f3 a tener el control del partido, 76-78, tras un tiro libre de Garuba. Pero el Breog\u00e1n se adue\u00f1\u00f3 de los 41 segundos finales con un triple impresionante de Arturs Kurucs, 79-78 y cuatro tiros libres sin fallo de Cook. Scariolo jug\u00f3 sin Tavares ni Fernando en toda la pr\u00f3rroga. Okeke fue eliminado por faltas.<\/p>\n<p data-mrf-recirculation=\"Links P\u00e1rrafos\" class=\"ue-c-article__paragraph paragraph\">Ante el Breog\u00e1n, el Madrid pierde el primer partido de su pretemporada ahora que se acerca la disputa del primer t\u00edtulo de la temporada, la Supercopa, apenas a una semana en M\u00e1laga.\u00a0<\/p>\n","protected":false},"excerpt":{"rendered":"El Real Madrid perdi\u00f3 en la pr\u00f3rroga con el R\u00edo Breog\u00e1n, 83-78, y tendr\u00e1 que disputar este s\u00e1bado&hellip;\n","protected":false},"author":2,"featured_media":126637,"comment_status":"","ping_status":"","sticky":false,"template":"","format":"standard","meta":{"footnotes":""},"categories":[269],"tags":[299,298,168,25,24,23,167],"class_list":{"0":"post-126636","1":"post","2":"type-post","3":"status-publish","4":"format-standard","5":"has-post-thumbnail","7":"category-baloncesto","8":"tag-baloncesto","9":"tag-basketball","10":"tag-deportes","11":"tag-es","12":"tag-espana","13":"tag-spain","14":"tag-sports"},"share_on_mastodon":{"url":"","error":""},"_links":{"self":[{"href":"https:\/\/www.europesays.com\/es\/wp-json\/wp\/v2\/posts\/126636","targetHints":{"allow":["GET"]}}],"collection":[{"href":"https:\/\/www.europesays.com\/es\/wp-json\/wp\/v2\/posts"}],"about":[{"href":"https:\/\/www.europesays.com\/es\/wp-json\/wp\/v2\/types\/post"}],"author":[{"embeddable":true,"href":"https:\/\/www.europesays.com\/es\/wp-json\/wp\/v2\/users\/2"}],"replies":[{"embeddable":true,"href":"https:\/\/www.europesays.com\/es\/wp-json\/wp\/v2\/comments?post=126636"}],"version-history":[{"count":0,"href":"https:\/\/www.europesays.com\/es\/wp-json\/wp\/v2\/posts\/126636\/revisions"}],"wp:featuredmedia":[{"embeddable":true,"href":"https:\/\/www.europesays.com\/es\/wp-json\/wp\/v2\/media\/126637"}],"wp:attachment":[{"href":"https:\/\/www.europesays.com\/es\/wp-json\/wp\/v2\/media?parent=126636"}],"wp:term":[{"taxonomy":"category","embeddable":true,"href":"https:\/\/www.europesays.com\/es\/wp-json\/wp\/v2\/categories?post=126636"},{"taxonomy":"post_tag","embeddable":true,"href":"https:\/\/www.europesays.com\/es\/wp-json\/wp\/v2\/tags?post=126636"}],"curies":[{"name":"wp","href":"https:\/\/api.w.org\/{rel}","templated":true}]}}