{"id":126638,"date":"2025-09-20T04:12:08","date_gmt":"2025-09-20T04:12:08","guid":{"rendered":"https:\/\/www.europesays.com\/es\/126638\/"},"modified":"2025-09-20T04:12:08","modified_gmt":"2025-09-20T04:12:08","slug":"la-real-se-derrumba-en-la-segunda-parte-y-recibira-al-mallorca-con-el-agua-al-cuello-real-sociedad","status":"publish","type":"post","link":"https:\/\/www.europesays.com\/es\/126638\/","title":{"rendered":"La Real se derrumba en la segunda parte y recibir\u00e1 al Mallorca con el agua al cuello | Real Sociedad"},"content":{"rendered":"<p>El enfermo est\u00e1 cogiendo mal color.La Real ha sido zarandeada en la segunda mitad por un Betis que ha aprovechado los numerosos regalos blanquiazules para sumar una c\u00f3moda victoria. El resultado es malo, la clasificaci\u00f3n peor y la sensaci\u00f3n es la de un equipo a medio cocer. Se viene tormenta en Donostia y el partido del pr\u00f3ximo mi\u00e9rcoles frente al Mallorca se ha convertido en una final en la jornada 6.<\/p>\n<p>Sin viajes internacionales de por medio, Sergio Francisco ha optado por un once que podr\u00eda considerarse tipo tras ver sus cuatro primeros partidos, aunque se especulaba con una posible titularidad de Soler, debido a sus buenos minutos ante el Madrid.<\/p>\n<p>As\u00ed, la banda derecha ha vuelto a estar formada por Aramburu y Kubo, que han sentado a Aritz y Guedes. La otra novedad ha sido la entrada de Brais \u2013con una m\u00e1scara debido a su fractura nasal\u2013 en lugar de Goti, acompa\u00f1ando a Gorrotxategi y Mar\u00edn en la medular, pese a que una parte de la parroquia blanquiazul ha decidido convertir al riojano en su particular mu\u00f1equito de pim-pam-pum.<\/p>\n<p>En el Betis la principal atracci\u00f3n era la presencia de Antony \u2018de Triana\u2019, el habilidoso brasile\u00f1o que estuvo cedido el a\u00f1o pasado por el Manchester United y que ahora ha llegado traspasado en olor de multitudes.<\/p>\n<p><strong>Otra vez pronto por detr\u00e1s<\/strong><\/p>\n<p>Un mal despeje de Gorrotxa ha dejado en las botas del Cucho Hern\u00e1ndez un bal\u00f3n que Remiro ha tenido que sacar abajo. No ha perdonado en la segunda ocasi\u00f3n, una jugada en la que Lo Celso y el colombiano se han aprovechado de la pasividad de los realistas \u2013especialmente blando Caleta Car\u2013, que les han dejado hacer a su gusto (1-0, m.7). Otra vez por detr\u00e1s en el marcador, cuando algo se repite tantas veces deja de ser casualidad. <\/p>\n<p>Afortunadamente el empate ha llegado cinco minutos m\u00e1s tarde. La presi\u00f3n blanquiazul ha forzado una p\u00e9rdida b\u00e9tica, y Brais, que celebraba su partido 250 en Primera, ha terminado poniendo el bal\u00f3n en la red con un sutil toque de su zurda (1-1, m.12). <\/p>\n<p>La Real no es el \u00fanico equipo con problemas atr\u00e1s, de hecho el Betis llegaba a este choque con el mismo n\u00famero de goles encajados, seis en cuatro partidos. Ambas escuadras pisaban \u00e1rea rival con facilidad, con p\u00e9rdidas y errores defensivos sobre un c\u00e9sped con pinta de infame, y el choque pod\u00eda caer de cualquier lado. De hecho, el Betis ha terminado la primera parte pidiendo la hora y ha sido una pena que la Real no haya acertado para irse al descanso con ventaja.<\/p>\n<p><strong>Terror en los balones a\u00e9reos<\/strong><\/p>\n<p>La segunda mitad ha comenzado con otro jarro de agua fr\u00eda en un bal\u00f3n parado a\u00e9reo, otra asignatura pendiente, tal y como se comprob\u00f3 ante el Madrid. Abde le ha ganado la partida a Zubeldia para rozar el bal\u00f3n y ese ligero desv\u00edo ha hecho fallar a Remiro en su salida de pu\u00f1os, introduciendo el bal\u00f3n en su propia porter\u00eda (2-1, m.49). Es muy dif\u00edcil sumar regalando tanto en ambas \u00e1reas.<\/p>\n<p>Antony ha perdonado el tercero tras una p\u00e9rdida de Gorrotxa similar a la de Aihen en Oviedo. La Real se aferraba a las cuerdas como un boxeador noqueado. Cada c\u00f3rner era una pel\u00edcula de terror.<\/p>\n<p>Soler y Guedes han entrado por Gorrotxa y Guedes (m.58), y poco despu\u00e9s han saltado al verde Zakharyan y Sucic por Kubo y Mar\u00edn (m.65). Pero el viento segu\u00eda soplando de cola para el Betis. Beller\u00edn ha asistido a Fornals para anotar el tercero (3-1, m.69) y a partir de ah\u00ed ha sido una catarata de ocasiones verdiblancas.<\/p>\n<p>Los cambios no han tenido ning\u00fan efecto positivo y la Real ha sido como un zombie sobre el campo. En el f\u00fatbol la paciencia es un bien escaso y la cuerda siempre se corta por el mismo sitio. Ojo.<\/p>\n<p><strong>Ficha t\u00e9cnica:<\/strong><\/p>\n<p>Betis: Pau L\u00f3pez; Beller\u00edn, Diego Llorente (Bartra, m.46), Natan, Junior Firpo (Valent\u00edn G\u00f3mez, m.70); Amrabat, Fornals (Marc Roca, m.70); Antony (Pablo Garc\u00eda, m.70), Lo Celso (Riquelme, m.86), Ez Abde; y Cucho Hern\u00e1ndez.<\/p>\n<p>Real Sociedad: Remiro; Aramburu (Aritz, m.75), Zubeldia, Caleta-Car, Sergio G\u00f3mez; Gorrotxategi (Carlos Soler, m.58), Pablo Mar\u00edn (Zakharyan, m.66), Brais M\u00e9ndez; Take Kubo (Sucic, m.66), Barrenetxea (Guedes, m.58) y Oyarzabal.<\/p>\n<p>Goles: 1-0, M.7: Cucho Hern\u00e1ndez. 1-1, m.13 Brais M\u00e9ndez. 2-1, m.49: Remiro, en propia meta. 3-1, m.69: Pablo Fornals.<\/p>\n<p>\u00c1rbitro: Mateo Busquets (Comit\u00e9 Balear). Amonest\u00f3 a los visitantes Brais M\u00e9ndez (m.7), Pablo Mar\u00edn (m.18), Aramburu (m.25), Gorrotxategi (m.34), Zubeldia (m.54), Caleta-Car (m.71) y Carlos Soler (m.86), y a los locales Amrabat (m.34), Natan (m.39) y Junior Firpo (m.65).<\/p>\n","protected":false},"excerpt":{"rendered":"El enfermo est\u00e1 cogiendo mal color.La Real ha sido zarandeada en la segunda mitad por un Betis que&hellip;\n","protected":false},"author":2,"featured_media":126639,"comment_status":"","ping_status":"","sticky":false,"template":"","format":"standard","meta":{"footnotes":""},"categories":[268],"tags":[5051,1068,168,41091,25,24,280,282,2457,863,798,10795,3745,281,23,167,1511],"class_list":{"0":"post-126638","1":"post","2":"type-post","3":"status-publish","4":"format-standard","5":"has-post-thumbnail","7":"category-futbol","8":"tag-agua","9":"tag-cuello","10":"tag-deportes","11":"tag-derrumba","12":"tag-es","13":"tag-espana","14":"tag-football","15":"tag-futbol","16":"tag-mallorca","17":"tag-parte","18":"tag-real","19":"tag-recibira","20":"tag-segunda","21":"tag-soccer","22":"tag-spain","23":"tag-sports","24":"tag-y"},"share_on_mastodon":{"url":"","error":""},"_links":{"self":[{"href":"https:\/\/www.europesays.com\/es\/wp-json\/wp\/v2\/posts\/126638","targetHints":{"allow":["GET"]}}],"collection":[{"href":"https:\/\/www.europesays.com\/es\/wp-json\/wp\/v2\/posts"}],"about":[{"href":"https:\/\/www.europesays.com\/es\/wp-json\/wp\/v2\/types\/post"}],"author":[{"embeddable":true,"href":"https:\/\/www.europesays.com\/es\/wp-json\/wp\/v2\/users\/2"}],"replies":[{"embeddable":true,"href":"https:\/\/www.europesays.com\/es\/wp-json\/wp\/v2\/comments?post=126638"}],"version-history":[{"count":0,"href":"https:\/\/www.europesays.com\/es\/wp-json\/wp\/v2\/posts\/126638\/revisions"}],"wp:featuredmedia":[{"embeddable":true,"href":"https:\/\/www.europesays.com\/es\/wp-json\/wp\/v2\/media\/126639"}],"wp:attachment":[{"href":"https:\/\/www.europesays.com\/es\/wp-json\/wp\/v2\/media?parent=126638"}],"wp:term":[{"taxonomy":"category","embeddable":true,"href":"https:\/\/www.europesays.com\/es\/wp-json\/wp\/v2\/categories?post=126638"},{"taxonomy":"post_tag","embeddable":true,"href":"https:\/\/www.europesays.com\/es\/wp-json\/wp\/v2\/tags?post=126638"}],"curies":[{"name":"wp","href":"https:\/\/api.w.org\/{rel}","templated":true}]}}