{"id":126648,"date":"2025-09-20T04:17:11","date_gmt":"2025-09-20T04:17:11","guid":{"rendered":"https:\/\/www.europesays.com\/es\/126648\/"},"modified":"2025-09-20T04:17:11","modified_gmt":"2025-09-20T04:17:11","slug":"nos-hemos-propuesto-hacer-lo-que-nos-apetezca-musicalmente","status":"publish","type":"post","link":"https:\/\/www.europesays.com\/es\/126648\/","title":{"rendered":"Nos hemos propuesto hacer lo que nos apetezca musicalmente"},"content":{"rendered":"<p>Est\u00e1n en un buen momento. Solo era cuesti\u00f3n de tiempo. <strong>Mery Bas<\/strong> (Alicante, 1967) y <strong>Mark Dasousa<\/strong> (Ondara, 1974), <strong>Nebulossa<\/strong>, salieron a la calle a gritar lo que sent\u00edan a los cuatro vientos. Y no les ha ido nada mal.<\/p>\n<p>\u00abEl amor que nos da el p\u00fablico es lo m\u00e1s. Sacar canciones que transmiten y con las que la gente se siente identificada va m\u00e1s all\u00e1 de nosotros. Es m\u00fasica y movimiento\u00bb, confiesan en <strong>Las tardes de RNE<\/strong>, con <strong>David Cantero<\/strong> y <strong>Marta Solano<\/strong>. Trasciende.<\/p>\n<p>Porque lo hicieron, gritaron, por ellos, \u00ab<strong>Por Ti, Por M\u00ed<\/strong>\u00ab. Demostraron que es posible <strong>\u00abBailar hasta morir\u00bb <\/strong>ignorando el ruido y <a href=\"https:\/\/www.rtve.es\/television\/20240913\/nueva-cancion-nebulossa-respuesta-haters\/16247081.shtml\" rel=\"nofollow noopener\" target=\"_blank\">transformando el \u00abCotilleo\u00bb en un himno<\/a>. Uno m\u00e1s. Como en \u00ab<strong>Zorra<\/strong>\u00ab, le dieron la vuelta al insulto para elevarlo a la categor\u00eda de consigna. Como en \u00ab<strong>Venenosa<\/strong>\u00bb junto a <strong>M\u00f3nica Naranjo <\/strong>\u2014tras un \u00abflechazo en el WiZink en <strong>Madrid<\/strong>\u00ab\u2014, usaron la m\u00fasica a modo de ant\u00eddoto contra la <strong><a href=\"https:\/\/www.rtve.es\/noticias\/20241125\/formacion-clave-lucha-contra-violencia-genero\/16338062.shtml\" rel=\"nofollow noopener\" target=\"_blank\">violencia machista<\/a><\/strong>.<\/p>\n<p>Lo mismo buscan conseguir ahora con \u00ab<strong>Supersexy<\/strong>\u00ab, su nuevo single. A trav\u00e9s de la mezcla del <strong>italo disco<\/strong> m\u00e1s cl\u00e1sico \u2014gui\u00f1o a \u00ab<strong>La cosa m\u00e1s bella<\/strong>\u00bb de <strong>Eros Ramazzotti<\/strong> incluido\u2014y una frescura <strong>pop<\/strong> actual tratan de empoderar, reivindicar y celebrar. Todo y a todos y todas.<\/p>\n<p>\t\tLas tardes de RNE &#8211; &#8216;Supersexy&#8217;, lo nuevo de Nebulossa\t<\/p>\n<p>\u00abQuer\u00edamos transmitir <strong>felicidad<\/strong> y <strong>diversidad<\/strong>, que se viera que cualquiera puede ser s\u00faper sexy\u00bb, explican. Por eso lo ten\u00edan claro: el videoclip, dirigido por <strong>Luis Castro<\/strong>, deb\u00eda contar con un \u00abgran casting de personas maravillosas\u00bb. \u00abLa idea era que quedara claro que lo importante es lo que est\u00e1 dentro, no lo que est\u00e1 fuera\u00bb, apunta el d\u00fao.<\/p>\n<p>\u00abDeja de pensar \/ Esto no va de bien o mal, olvida el drama \/ Esa sensaci\u00f3n de soledad no va a durar ni una semana \/ \u00bfDe qu\u00e9 sirve lamentarse si no va a volver? \/ La vida pasa\/ Y est\u00e1 hecha para ti\u00bb, cantan en un estribillo que funciona como mantra.<\/p>\n<p>Porque \u00abla canci\u00f3n es una actitud\u00bb, asegura la vocalista. Se trata de una forma de vivir. \u00abQue la vida es una fiesta porque t\u00fa eres supersexy\u00bb dice su letra. \u00abHabla de c\u00f3mo enfrentarse al <strong>desamor<\/strong> sin dramas. \u00bfY c\u00f3mo se hace? Practicando la autoestima, am\u00e1ndose un poquito\u00bb, insiste Mery Bas. Y no solo en el \u00e1mbito personal.<\/p>\n<p>La filosof\u00eda del autocuidado debe aplicarse en todos los aspectos de la vida. Tambi\u00e9n en el profesional. Todo suma y todo cuenta. \u00abLe ponemos amor a nuestras canciones\u00bb, reconoce el teclista. Siempre ha sido as\u00ed. Antes lo hac\u00edan con el tiempo justo; ahora, volcados de lleno en la m\u00fasica, las ganas permanecen solo que, adem\u00e1s, se permiten \u00abdejarse llevar\u00bb. <\/p>\n<p>\u00abEn estos momentos solo nos estamos dedicando a esto. Nos hemos propuesto hacer lo que nos apetezca musicalmente y que nos lleve hasta donde nos tenga que llevar\u00bb, comenta Mark Dasousa.<\/p>\n<p><strong>Eurovisi\u00f3n: un \u00abtrampol\u00edn\u00bb del que no se bajan<\/strong><\/p>\n<p>Primero fue en direcci\u00f3n a la<strong> perla de la Costa Blanca<\/strong>, donde conquistaron el micr\u00f3fono de broce del <strong>Benidorm Fest 2024<\/strong>. Despu\u00e9s, ya con los billetes a <strong>Eurovisi\u00f3n 2024<\/strong> en el bolsillo, le toc\u00f3 el turno a <strong>Malm\u00f6<\/strong>, sede del festival de ese a\u00f1o, habiendo hecho, eso s\u00ed, escala en <strong>Madrid<\/strong>, <strong>Barcelona<\/strong>, <strong>Londres<\/strong>, <strong>\u00c1msterdam<\/strong> y <strong>Estocolmo<\/strong> as\u00ed como <strong>Miami<\/strong> y <strong>Nueva York<\/strong>. <\/p>\n<p>\t\tNebulossa estrena una versi\u00f3n de \u00abZorra\u00bb con Gloria Trevi en Nueva York\t<\/p>\n<p>Y, pronto, \u00abentre el 22 y 29 de noviembre, \u2014cuando haya un hueco dentro de una agenda repleta de conciertos \u00abmuy chulos\u00bb de los que no pueden hablar y composiciones de temas nuevos\u2014, iremos a <strong>M\u00e9xico<\/strong>\u00ab.<\/p>\n<p>\u00abTenemos que dar las gracias a <strong>RTVE<\/strong>. Ellos idearon viajar a <strong>Latinoam\u00e9rica<\/strong> para la promoci\u00f3n de <a href=\"https:\/\/www.rtve.es\/play\/videos\/eurovision\/espana-actuacion-final\/16098729\/\" rel=\"nofollow noopener\" target=\"_blank\">Eurovisi\u00f3n<\/a>\u00ab, aseguran. \u00abAll\u00ed, \u2014al igual que en el <strong>m\u00edtico Radio City Music Hall<\/strong> neoyorquino, donde interpretaron \u00abZorra\u00bb con <strong>Gloria Trevi<\/strong>\u2014, nos dimos a conocer. Todav\u00eda nos llegan mensajes de <strong>Per\u00fa<\/strong>, de <strong>Colombia<\/strong>, de <strong>M\u00e9xico<\/strong> o <strong>Brasil<\/strong>\u00ab, confiesan.<\/p>\n<p>Para Nebulossa, \u00absin duda\u00bb, el Festival de la Canci\u00f3n de Eurovisi\u00f3n, fue un \u00abtrampol\u00edn\u00bb del que no guardan una \u00abopini\u00f3n negativa\u00bb. Al contrario.<\/p>\n<p>\u00abNos hubiera encantado quedar primeros, pero lo que realmente nos importaba era comprobar si la canci\u00f3n transmit\u00eda lo mismo all\u00ed que en <strong>Espa\u00f1a<\/strong>, y eso ocurri\u00f3\u00bb, recuerdan satisfechos y mostr\u00e1ndose asimismo tajantes sobre la <a href=\"https:\/\/www.rtve.es\/noticias\/20250916\/rtve-eurovision-participacion-israel\/16730487.shtml\" rel=\"nofollow noopener\" target=\"_blank\">pol\u00e9mica del certamen a causa de la participaci\u00f3n de Israel<\/a>: \u00abSiempre estamos a favor de quienes est\u00e9n defendiendo los <strong>derechos humanos<\/strong>. Israel demuestra que, como seres humanos porque al final son seres humanos como nosotros, todav\u00eda no hemos entendido nada\u00bb.<\/p>\n","protected":false},"excerpt":{"rendered":"Est\u00e1n en un buen momento. Solo era cuesti\u00f3n de tiempo. Mery Bas (Alicante, 1967) y Mark Dasousa (Ondara,&hellip;\n","protected":false},"author":2,"featured_media":126649,"comment_status":"","ping_status":"","sticky":false,"template":"","format":"standard","meta":{"footnotes":""},"categories":[170],"tags":[146,147,25,24,184,185,23],"class_list":{"0":"post-126648","1":"post","2":"type-post","3":"status-publish","4":"format-standard","5":"has-post-thumbnail","7":"category-musica","8":"tag-entertainment","9":"tag-entretenimiento","10":"tag-es","11":"tag-espana","12":"tag-music","13":"tag-musica","14":"tag-spain"},"share_on_mastodon":{"url":"","error":""},"_links":{"self":[{"href":"https:\/\/www.europesays.com\/es\/wp-json\/wp\/v2\/posts\/126648","targetHints":{"allow":["GET"]}}],"collection":[{"href":"https:\/\/www.europesays.com\/es\/wp-json\/wp\/v2\/posts"}],"about":[{"href":"https:\/\/www.europesays.com\/es\/wp-json\/wp\/v2\/types\/post"}],"author":[{"embeddable":true,"href":"https:\/\/www.europesays.com\/es\/wp-json\/wp\/v2\/users\/2"}],"replies":[{"embeddable":true,"href":"https:\/\/www.europesays.com\/es\/wp-json\/wp\/v2\/comments?post=126648"}],"version-history":[{"count":0,"href":"https:\/\/www.europesays.com\/es\/wp-json\/wp\/v2\/posts\/126648\/revisions"}],"wp:featuredmedia":[{"embeddable":true,"href":"https:\/\/www.europesays.com\/es\/wp-json\/wp\/v2\/media\/126649"}],"wp:attachment":[{"href":"https:\/\/www.europesays.com\/es\/wp-json\/wp\/v2\/media?parent=126648"}],"wp:term":[{"taxonomy":"category","embeddable":true,"href":"https:\/\/www.europesays.com\/es\/wp-json\/wp\/v2\/categories?post=126648"},{"taxonomy":"post_tag","embeddable":true,"href":"https:\/\/www.europesays.com\/es\/wp-json\/wp\/v2\/tags?post=126648"}],"curies":[{"name":"wp","href":"https:\/\/api.w.org\/{rel}","templated":true}]}}