{"id":126652,"date":"2025-09-20T04:19:08","date_gmt":"2025-09-20T04:19:08","guid":{"rendered":"https:\/\/www.europesays.com\/es\/126652\/"},"modified":"2025-09-20T04:19:08","modified_gmt":"2025-09-20T04:19:08","slug":"el-salto-del-madrid-de-xabi-defiende-10-metros-mas-arriba-y-roba-como-nunca-futbol-deportes","status":"publish","type":"post","link":"https:\/\/www.europesays.com\/es\/126652\/","title":{"rendered":"El salto del Madrid de Xabi: defiende 10 metros m\u00e1s arriba y roba como nunca | F\u00fatbol | Deportes"},"content":{"rendered":"<p class=\"\">Se puede sospechar cierta alma de top\u00f3grafo en Xabi Alonso; con la cuadr\u00edcula que ha hecho pintar en los campos de entrenamiento de Valdebebas, su inquietud por las distancias a las que se sit\u00faan los futbolistas y el dron con el que las vigila. Por ah\u00ed empez\u00f3 a operar en el Real Madrid en julio para preparar el Mundial de Clubes: \u201cSi tenemos mejores distancias, tanto sin bal\u00f3n como con bal\u00f3n, vamos a estar mejor posicionados y todo va a funcionar mucho mejor\u201d, <a href=\"https:\/\/elpais.com\/deportes\/mundial-de-clubes-de-futbol\/2025-07-08\/asi-es-el-campamento-expres-de-xabi-alonso-que-cambio-al-real-madrid.html\" target=\"_self\" rel=\"nofollow noopener\" title=\"https:\/\/elpais.com\/deportes\/mundial-de-clubes-de-futbol\/2025-07-08\/asi-es-el-campamento-expres-de-xabi-alonso-que-cambio-al-real-madrid.html\">subrayaba EE UU<\/a>. Y en efecto, la primera gran transformaci\u00f3n del Madrid es geogr\u00e1fica: defiende casi 10 metros m\u00e1s adelante. Produjo su ejemplo m\u00e1s refinado en <a href=\"https:\/\/elpais.com\/deportes\/futbol\/2025-09-16\/mbappe-al-rescate-para-la-remontada-del-madrid-al-olympique.html\" target=\"_self\" rel=\"nofollow noopener\" title=\"https:\/\/elpais.com\/deportes\/futbol\/2025-09-16\/mbappe-al-rescate-para-la-remontada-del-madrid-al-olympique.html\">el comienzo de partido contra el Olympique de Marsella<\/a>.<\/p>\n<p class=\"\">Desde que Opta empez\u00f3 a recoger datos en la temporada 2006\/07, el Madrid nunca hab\u00eda robado tantos balones en campo contrario en la primera parte de un partido de Champions como los 13 del martes. Fue el origen del tiroteo al que someti\u00f3 a Rulli. De esas recuperaciones, ocho acabaron en disparos, seg\u00fan Hudlstatsbomb. \u201cUna primera media hora fant\u00e1stica. Me ha gustado mucho el ritmo que ten\u00edamos, la presi\u00f3n que hac\u00edamos\u201d, dijo Xabi.<\/p>\n<p class=\"\">Si se atiende a los mapas del top\u00f3grafo Xabi, el salto adelante fue formidable: el Madrid defendi\u00f3 10 metros m\u00e1s arriba que la temporada pasada en la Champions. De media, el martes ejecut\u00f3 las acciones defensivas a 53,4 metros de su porter\u00eda. En la primera jornada solo lo hicieron m\u00e1s lejos el Olympiacos (64,9) y el Liverpool (62,6). El curso pasado el Real defendi\u00f3 a 43,5, dos m\u00e1s atr\u00e1s que los 45,5 de la Liga.<\/p>\n<p class=\"\">Lo del Olympique de Marsella es solo un partido, es cierto, pero el desempe\u00f1o en la competici\u00f3n dom\u00e9stica apunta tambi\u00e9n en esa direcci\u00f3n, aunque la muestra de cuatro partidos a\u00fan es peque\u00f1a, y est\u00e1 condicionada porque en uno jugaron m\u00e1s de una hora con uno menos. De media el Madrid ha defendido a 50,6 metros de su porter\u00eda, cinco m\u00e1s adelante que el curso pasado, un avance del 11% que le hace pasar de ser el noveno del torneo al segundo, solo por detr\u00e1s del Barcelona (53,3).<\/p>\n<p class=\"\">El avance es producto del funcionamiento colectivo, pero como en el vuelo de una bandada de aves resulta determinante el comportamiento del ejemplar que viaja en la punta de la V, Kylian Mbapp\u00e9 presion\u00f3 24 veces contra el Olympique, m\u00e1s que nunca con el Madrid, seg\u00fan <a href=\"https:\/\/statsbomb.hudl.com\/\" target=\"_self\" rel=\"nofollow noopener\" title=\"https:\/\/statsbomb.hudl.com\/\">Hudlstatsbomb<\/a>. Solo una vez en su carrera se entreg\u00f3 m\u00e1s. Fue en 2019, en Old Trafford, en la ida de los octavos de la Champions, en un Manchester United-PSG en el que marc\u00f3 el 0-2 definitivo. Thomas Tuchel consigui\u00f3 que presionara 30 veces aquella noche. Fue algo excepcional para un futbolista que en las \u00faltimas ocho temporadas promedi\u00f3 7,3 presiones por partido.<\/p>\n<p class=\"\">Courtois resalt\u00f3 el cambio respecto al curso pasado: \u201cEl problema es cuando no defiendes con once, todo el equipo\u2026\u201d, dijo despu\u00e9s de ganar al Olympique. \u201cAhora el m\u00edster est\u00e1 muy encima de los extremos. Kylian, los centrocampistas ofensivos como Arda, por ejemplo, tienen que volver r\u00e1pidamente por detr\u00e1s del bal\u00f3n. Y eso cambia mucho\u201d. Lo confirm\u00f3 Mbapp\u00e9: \u201cQuiere que recuperemos el bal\u00f3n r\u00e1pido. Me pide ayudar a presionar al equipo, recuperar balones como lo hemos hecho hoy\u201d.<\/p>\n<p class=\"\">Carlo Ancelotti tambi\u00e9n trat\u00f3 de persuadir la temporada pasada al franc\u00e9s, que termin\u00f3 el curso como el atacante de las cinco grandes ligas europeas que menos veces presion\u00f3: 8,7 veces por encuentro. Desde que regres\u00f3 al banquillo en el verano de 2021, el italiano fantase\u00f3 con ir a buscar a los rivales muy arriba, como explic\u00f3 al comienzo de aquel curso: \u201cNos gustar\u00eda tener la l\u00ednea en el medio del campo, pero no siempre es posible\u201d, dijo al principio de aquella temporada. Pero desisti\u00f3 muy pronto. Ya entonces explic\u00f3 que la vanguardia de la bandada condiciona el conjunto: \u201cLa l\u00ednea de defensa se posiciona teniendo en cuenta la presi\u00f3n que hay con el bal\u00f3n. Si metemos presi\u00f3n al bal\u00f3n, la l\u00ednea se puede situarse m\u00e1s alta. Si no hay presi\u00f3n, tenemos que defender con bloque bajo\u201d.<\/p>\n<p class=\"\">Despu\u00e9s de bendecir la primera media hora contra el Olympique, Xabi busca m\u00e1s. \u201cQueremos completar un partido bueno. Hemos tenido fases\u201d, dijo este viernes. \u201cPoder tener durante fases m\u00e1s largas del partido esa sensaci\u00f3n de control, que estamos generando, que nos generan poco, que trabajamos los partidos, que tenemos estabilidad en el juego\u201d. <\/p>\n<p class=\"\">El aumento de control ya apunta sus primeros resultados en lo poco que va de Liga. Los rivales le generan menos peligro. Si la temporada pasada produc\u00edan 0,95 goles esperados, esta consiguen 0,78, una ca\u00edda del 21%, una seguridad defensiva que no se ve\u00eda desde la segunda \u00e9poca de Zidane.<\/p>\n","protected":false},"excerpt":{"rendered":"Se puede sospechar cierta alma de top\u00f3grafo en Xabi Alonso; con la cuadr\u00edcula que ha hecho pintar en&hellip;\n","protected":false},"author":2,"featured_media":126653,"comment_status":"","ping_status":"","sticky":false,"template":"","format":"standard","meta":{"footnotes":""},"categories":[93],"tags":[1241,1540,168,1539,25,24,282,1538,1210,11783,3048,23,167,10344],"class_list":{"0":"post-126652","1":"post","2":"type-post","3":"status-publish","4":"format-standard","5":"has-post-thumbnail","7":"category-deportes","8":"tag-champions-league","9":"tag-competiciones","10":"tag-deportes","11":"tag-entrenadores","12":"tag-es","13":"tag-espana","14":"tag-futbol","15":"tag-futbolistas","16":"tag-laliga-ea-sports","17":"tag-rcd-espanyol","18":"tag-real-madrid","19":"tag-spain","20":"tag-sports","21":"tag-xabi-alonso"},"share_on_mastodon":{"url":"","error":""},"_links":{"self":[{"href":"https:\/\/www.europesays.com\/es\/wp-json\/wp\/v2\/posts\/126652","targetHints":{"allow":["GET"]}}],"collection":[{"href":"https:\/\/www.europesays.com\/es\/wp-json\/wp\/v2\/posts"}],"about":[{"href":"https:\/\/www.europesays.com\/es\/wp-json\/wp\/v2\/types\/post"}],"author":[{"embeddable":true,"href":"https:\/\/www.europesays.com\/es\/wp-json\/wp\/v2\/users\/2"}],"replies":[{"embeddable":true,"href":"https:\/\/www.europesays.com\/es\/wp-json\/wp\/v2\/comments?post=126652"}],"version-history":[{"count":0,"href":"https:\/\/www.europesays.com\/es\/wp-json\/wp\/v2\/posts\/126652\/revisions"}],"wp:featuredmedia":[{"embeddable":true,"href":"https:\/\/www.europesays.com\/es\/wp-json\/wp\/v2\/media\/126653"}],"wp:attachment":[{"href":"https:\/\/www.europesays.com\/es\/wp-json\/wp\/v2\/media?parent=126652"}],"wp:term":[{"taxonomy":"category","embeddable":true,"href":"https:\/\/www.europesays.com\/es\/wp-json\/wp\/v2\/categories?post=126652"},{"taxonomy":"post_tag","embeddable":true,"href":"https:\/\/www.europesays.com\/es\/wp-json\/wp\/v2\/tags?post=126652"}],"curies":[{"name":"wp","href":"https:\/\/api.w.org\/{rel}","templated":true}]}}