{"id":126656,"date":"2025-09-20T04:24:10","date_gmt":"2025-09-20T04:24:10","guid":{"rendered":"https:\/\/www.europesays.com\/es\/126656\/"},"modified":"2025-09-20T04:24:10","modified_gmt":"2025-09-20T04:24:10","slug":"portugal-anuncia-que-reconocera-al-estado-de-palestina-este-domingo-internacional","status":"publish","type":"post","link":"https:\/\/www.europesays.com\/es\/126656\/","title":{"rendered":"Portugal anuncia que reconocer\u00e1 al Estado de Palestina este domingo | Internacional"},"content":{"rendered":"<p class=\"\"><a href=\"https:\/\/elpais.com\/internacional\/2024-05-26\/el-reconocimiento-del-estado-palestino-una-apuesta-con-vocacion-de-efecto-domino.html\" target=\"_self\" rel=\"nofollow noopener\" title=\"https:\/\/elpais.com\/internacional\/2024-05-26\/el-reconocimiento-del-estado-palestino-una-apuesta-con-vocacion-de-efecto-domino.html\">Despu\u00e9s de meses de indecisi\u00f3n<\/a>, Portugal dar\u00e1 finalmente el paso de reconocer a Palestina como Estado independiente. El Ministerio de Asuntos Exteriores anunci\u00f3 esta tarde en un comunicado que el reconocimiento oficial se realizar\u00e1 este domingo, antes de la asamblea de la ONU que debatir\u00e1 la causa palestina.<\/p>\n<p class=\"\">Paulo Rangel, ministro de Asuntos Exteriores, ya adelant\u00f3 este lunes que el Gobierno portugu\u00e9s dar\u00eda el paso al no encontrar obst\u00e1culos para respaldar la demanda palestina. En los \u00faltimos meses, Rangel ha mantenido contactos con todas las fuerzas parlamentarias para conocer su opini\u00f3n.<\/p>\n<p class=\"\">En la determinaci\u00f3n portuguesa ha influido el paso dado por el presidente franc\u00e9s, Emmanuel Macron, de defender el derecho de los palestinos a tener un Estado, que luego secundaron otros pa\u00edses como Reino Unido o Canad\u00e1.<\/p>\n<p class=\"\">En una conferencia en Nueva York el pasado lunes, Francia confirm\u00f3 que diez pa\u00edses se preparaban para reconocer el Estado palestino en la conferencia de alto nivel que se celebrar\u00e1 el pr\u00f3ximo lunes.<\/p>\n<p class=\"\"><a href=\"https:\/\/elpais.com\/internacional\/2025-09-19\/las-dudas-de-alemania-sobre-el-acuerdo-comercial-de-la-ue-con-israel-dan-alas-a-una-posible-suspension.html\" target=\"_self\" rel=\"nofollow noopener\" title=\"https:\/\/elpais.com\/internacional\/2025-09-19\/las-dudas-de-alemania-sobre-el-acuerdo-comercial-de-la-ue-con-israel-dan-alas-a-una-posible-suspension.html\">Adem\u00e1s de Francia,<\/a> dar\u00e1n el espaldarazo pol\u00edtico al Estado palestino en la cita en la ONU Andorra, Australia, B\u00e9lgica, Canad\u00e1, Luxemburgo, Malta, Reino Unido y San Marino. Portugal dar\u00e1 el paso un d\u00eda antes. <\/p>\n<p class=\"\">El Gobierno portugu\u00e9s, en manos de una coalici\u00f3n conservadora, ha evitado posicionarse contra Israel de forma rotunda, a diferencia de la posici\u00f3n del Ejecutivo espa\u00f1ol. El reconocimiento de Palestina es un asunto que lleva tres lustros dando vueltas por la Asamblea de la Rep\u00fablica, donde se han presentado sucesivas iniciativas favorables a la causa palestina. Pero ha sido la dram\u00e1tica evoluci\u00f3n de la ofensiva israel\u00ed en Gaza, calificada ya oficialmente por una comisi\u00f3n independiente de la ONU como genocidio, lo que ha desactivado las reticencias del Gobierno, que considera que los dos estados es la salida pol\u00edtica al conflicto.<\/p>\n<p class=\"\">El reconocimiento del Estado Palestino por parte de una decena de pa\u00edses, a los que ahora se suma Portugal, a\u00f1ade presi\u00f3n sobre Israel, <a href=\"https:\/\/elpais.com\/internacional\/2025-09-19\/israel-cierra-la-segunda-via-de-salida-de-ciudad-de-gaza-y-anuncia-una-ofensiva-sin-precedentes-sobre-la-zona.html\" target=\"_self\" rel=\"nofollow noopener\" title=\"https:\/\/elpais.com\/internacional\/2025-09-19\/israel-cierra-la-segunda-via-de-salida-de-ciudad-de-gaza-y-anuncia-una-ofensiva-sin-precedentes-sobre-la-zona.html\">mientras este pa\u00eds intensifica su ofensiva en Gaza<\/a>. La Asamblea General de la ONU ha aprobado este viernes por una mayor\u00eda aplastante de 145 votos a favor y solo cinco en contra permitir de forma excepcional que Palestina participe por videoconferencia en la 80\u00aa sesi\u00f3n del organismo, que comienza el lunes. <\/p>\n","protected":false},"excerpt":{"rendered":"Despu\u00e9s de meses de indecisi\u00f3n, Portugal dar\u00e1 finalmente el paso de reconocer a Palestina como Estado independiente. El&hellip;\n","protected":false},"author":2,"featured_media":126657,"comment_status":"","ping_status":"","sticky":false,"template":"","format":"standard","meta":{"footnotes":""},"categories":[42],"tags":[17,18,68,70,71,72,13,14,73,69,75,11,61,62,63,64,74,19,20,9,10,15,16,77,76,1462,12,21,22,65,66,67],"class_list":{"0":"post-126656","1":"post","2":"type-post","3":"status-publish","4":"format-standard","5":"has-post-thumbnail","7":"category-internacional","8":"tag-breaking-news","9":"tag-breakingnews","10":"tag-conflicto-arabe-israeli","11":"tag-conflictos","12":"tag-conflictos-armados","13":"tag-conflictos-internacionales","14":"tag-featured-news","15":"tag-featurednews","16":"tag-franja-gaza","17":"tag-guerra","18":"tag-hamas","19":"tag-headlines","20":"tag-internacional","21":"tag-international","22":"tag-international-news","23":"tag-internationalnews","24":"tag-israel","25":"tag-latest-news","26":"tag-latestnews","27":"tag-news","28":"tag-noticias","29":"tag-noticias-destacadas","30":"tag-noticiasdestacadas","31":"tag-oriente-proximo","32":"tag-palestina","33":"tag-portugal","34":"tag-titulares","35":"tag-ultimas-noticias","36":"tag-ultimasnoticias","37":"tag-world","38":"tag-world-news","39":"tag-worldnews"},"share_on_mastodon":{"url":"","error":""},"_links":{"self":[{"href":"https:\/\/www.europesays.com\/es\/wp-json\/wp\/v2\/posts\/126656","targetHints":{"allow":["GET"]}}],"collection":[{"href":"https:\/\/www.europesays.com\/es\/wp-json\/wp\/v2\/posts"}],"about":[{"href":"https:\/\/www.europesays.com\/es\/wp-json\/wp\/v2\/types\/post"}],"author":[{"embeddable":true,"href":"https:\/\/www.europesays.com\/es\/wp-json\/wp\/v2\/users\/2"}],"replies":[{"embeddable":true,"href":"https:\/\/www.europesays.com\/es\/wp-json\/wp\/v2\/comments?post=126656"}],"version-history":[{"count":0,"href":"https:\/\/www.europesays.com\/es\/wp-json\/wp\/v2\/posts\/126656\/revisions"}],"wp:featuredmedia":[{"embeddable":true,"href":"https:\/\/www.europesays.com\/es\/wp-json\/wp\/v2\/media\/126657"}],"wp:attachment":[{"href":"https:\/\/www.europesays.com\/es\/wp-json\/wp\/v2\/media?parent=126656"}],"wp:term":[{"taxonomy":"category","embeddable":true,"href":"https:\/\/www.europesays.com\/es\/wp-json\/wp\/v2\/categories?post=126656"},{"taxonomy":"post_tag","embeddable":true,"href":"https:\/\/www.europesays.com\/es\/wp-json\/wp\/v2\/tags?post=126656"}],"curies":[{"name":"wp","href":"https:\/\/api.w.org\/{rel}","templated":true}]}}