{"id":126658,"date":"2025-09-20T04:25:15","date_gmt":"2025-09-20T04:25:15","guid":{"rendered":"https:\/\/www.europesays.com\/es\/126658\/"},"modified":"2025-09-20T04:25:15","modified_gmt":"2025-09-20T04:25:15","slug":"el-gran-wyoming-pone-a-ayuso-contra-al-espejo-y-le-lanza-este-desafiante-gesto-en-el-intermedio","status":"publish","type":"post","link":"https:\/\/www.europesays.com\/es\/126658\/","title":{"rendered":"El Gran Wyoming pone a Ayuso contra al espejo y le lanza este desafiante gesto en &#8216;El Intermedio&#8217;"},"content":{"rendered":"<p><a href=\"https:\/\/eltelevisero.huffingtonpost.es\/2025\/09\/los-5-atronadores-titulares-de-andreu-buenafuente-en-futuro-imperfecto-con-palos-a-ayuso-israel-tellado-y-al-hijo-de-puta\/\" rel=\"nofollow noopener\" target=\"_blank\">Isabel D\u00edaz Ayuso<\/a> ha vuelto a reafirmarse de lleno en su decisi\u00f3n de prohibir las banderas palestinas en los centros educativos de la Comunidad de Madrid. <a href=\"https:\/\/eltelevisero.huffingtonpost.es\/2025\/09\/nunca-habia-llegado-tan-lejos-el-gran-wyoming-con-su-advertencia-sobre-espana-es-el-fin-de-la-democracia\/\" rel=\"nofollow noopener\" target=\"_blank\">&#8216;El Intermedio&#8217;<\/a> se hac\u00eda eco este jueves sobre las \u00faltimas declaraciones de la presidenta madrile\u00f1a condenando las muestras de apoyo a Gaza, y <a href=\"https:\/\/eltelevisero.huffingtonpost.es\/2025\/09\/uno-de-los-periodicos-mas-leidos-de-israel-hablan-de-esta-forma-del-gran-wyoming-por-su-peineta-a-netanyahu\/\" rel=\"nofollow noopener\" target=\"_blank\">el Gran Wyoming<\/a> no ha dudado en contestar desafiando a la popular. <\/p>\n<p>\u00abDejen de provocar en las aulas porque est\u00e1n provocando, dejen de azuzar ese odio en las universidades, los colegios. Porque los ni\u00f1os en la infancia no tienen la culpa de nada, nadie quiere que nadie muera. Nadie quiere esta situaci\u00f3n\u00bb, ha insistido la l\u00edder del Partido Popular madrile\u00f1o durante su \u00faltima intervenci\u00f3n en la Asamblea de Madrid.<\/p>\n<p>El Gran Wyoming responde a la \u00fatlima prohibici\u00f3n de Ayuso mostrando una bandera de Palestina en &#8216;El Intermedio&#8217;<\/p>\n<p>\u00ab\u00bfCon qui\u00e9n est\u00e1n? \u00bfO con aquellos que sufren a Ham\u00e1s? El pueblo de Palestina sufre a Ham\u00e1s\u00bb, sentenciaba la presidenta en las declaraciones recogidas por &#8216;El Intermedio&#8217; este jueves.<strong> \u00abPues s\u00ed, ahora mismo en muchos colegios madrile\u00f1os adem\u00e1s de la lista de los reyes Godos para aprobar 1\u00ba de la ESO te exigen saberte la lista de los l\u00edderes de Ham\u00e1s\u00bb<\/strong>, ha bromeado el Gran Wyoming nada m\u00e1s escuchar las palabras de Ayuso, que contin\u00faa negando el genocidio.<\/p>\n<blockquote class=\"twitter-tweet\" data-width=\"550\" data-dnt=\"true\">\n<p lang=\"es\" dir=\"ltr\">\ud83d\udd34 Wyoming saca la bandera de Palestina en solidaridad con los colegios de la Comunidad de Madrid, donde la presidenta, Isabel D\u00edaz Ayuso, presiona para que no se vean. <a href=\"https:\/\/twitter.com\/hashtag\/elintermedio?src=hash&amp;ref_src=twsrc%5Etfw\" rel=\"nofollow noopener\" target=\"_blank\">#elintermedio<\/a> <a href=\"https:\/\/t.co\/royQ6rTeEs\" rel=\"nofollow\">pic.twitter.com\/royQ6rTeEs<\/a><\/p>\n<p>&mdash; El Intermedio (@El_Intermedio) <a href=\"https:\/\/twitter.com\/El_Intermedio\/status\/1968765520238260461?ref_src=twsrc%5Etfw\" rel=\"nofollow noopener\" target=\"_blank\">September 18, 2025<\/a><\/p><\/blockquote>\n<p><script async src=\"https:\/\/platform.twitter.com\/widgets.js\" charset=\"utf-8\"><\/script>\n<\/p>\n<p>As\u00ed, el rostro de La Sexta no dudaba en dar un paso adelante desafiando la censura de Isabel D\u00edaz Ayuso. <strong>\u00abVosotros re\u00edros pero esto lo s\u00e9 porque esta ma\u00f1ana he pasado por uno de esos colegios donde adoctrinan a los ni\u00f1os y se me ha pegado un poco\u00bb<\/strong>, ha adelantado el presentador seg\u00fan sacaba una bandera de Palestina para mostrarla ante la c\u00e1mara. <\/p>\n<p><strong>\u00abDe hecho, me est\u00e1n entrando unas ganas enormes de sacar esta bandera palestina y ponerla ah\u00ed, encima de la mesa. \u00bfA ti te molesta Sandra?\u00bb<\/strong>, ha preguntado a su compa\u00f1era entre aplausos mientras dejaba la insignia sobre la mesa. \u00abA mi no\u00bb, ha asegurado la colaboradora de &#8216;El Intermedio&#8217;. \u00abEsta es la raz\u00f3n por la que nunca llegar\u00e1s a presidenta de la Comunidad de Madrid\u00bb, bromeaba entonces el comunicador.<\/p>\n<p><strong>\u00abEn fin, hay que ver c\u00f3mo endurece la pol\u00edtica, a\u00fan recuerdo como si fuera ayer cuando a Ayuso le afectaban las tragedias humanas y animaba a los colegios a solidarizarse con el pueblo ucraniano\u00bb<\/strong>, ha recordado el Gran Wyoming, recuperando un clip en el que Isabel D\u00edaz Ayuso anuncia unas jornadas especiales en los centros educativos de la comunidad para condenar la invasi\u00f3n de Ucrania.<\/p>\n<p>\u00abAunque ahora que lo pienso, tampoco es tan contradictorio. Ayuso sigue estando del lado de los que sufren, de los que lo pierden todo. <strong>Por eso le ha dado la medalla de oro a La Vuelta a Espa\u00f1a, porque por culpa de los palestinos estos o la mierda de siempre, como dice ella, pues se perdieron la \u00faltima etapa<\/strong>\u00ab, ha se\u00f1alado con sorna el rostro de La Sexta entre aplausos del p\u00fablico. <\/p>\n<p>\t\t\t\t\t\t                    <script async src=\"https:\/\/platform.twitter.com\/widgets.js\" charset=\"utf-8\"><\/script><\/p>\n","protected":false},"excerpt":{"rendered":"Isabel D\u00edaz Ayuso ha vuelto a reafirmarse de lleno en su decisi\u00f3n de prohibir las banderas palestinas en&hellip;\n","protected":false},"author":2,"featured_media":126659,"comment_status":"","ping_status":"","sticky":false,"template":"","format":"standard","meta":{"footnotes":""},"categories":[8],"tags":[17,18,25,24,13,14,11,19,20,9,10,15,16,23,12,21,22],"class_list":{"0":"post-126658","1":"post","2":"type-post","3":"status-publish","4":"format-standard","5":"has-post-thumbnail","7":"category-espana","8":"tag-breaking-news","9":"tag-breakingnews","10":"tag-es","11":"tag-espana","12":"tag-featured-news","13":"tag-featurednews","14":"tag-headlines","15":"tag-latest-news","16":"tag-latestnews","17":"tag-news","18":"tag-noticias","19":"tag-noticias-destacadas","20":"tag-noticiasdestacadas","21":"tag-spain","22":"tag-titulares","23":"tag-ultimas-noticias","24":"tag-ultimasnoticias"},"share_on_mastodon":{"url":"","error":""},"_links":{"self":[{"href":"https:\/\/www.europesays.com\/es\/wp-json\/wp\/v2\/posts\/126658","targetHints":{"allow":["GET"]}}],"collection":[{"href":"https:\/\/www.europesays.com\/es\/wp-json\/wp\/v2\/posts"}],"about":[{"href":"https:\/\/www.europesays.com\/es\/wp-json\/wp\/v2\/types\/post"}],"author":[{"embeddable":true,"href":"https:\/\/www.europesays.com\/es\/wp-json\/wp\/v2\/users\/2"}],"replies":[{"embeddable":true,"href":"https:\/\/www.europesays.com\/es\/wp-json\/wp\/v2\/comments?post=126658"}],"version-history":[{"count":0,"href":"https:\/\/www.europesays.com\/es\/wp-json\/wp\/v2\/posts\/126658\/revisions"}],"wp:featuredmedia":[{"embeddable":true,"href":"https:\/\/www.europesays.com\/es\/wp-json\/wp\/v2\/media\/126659"}],"wp:attachment":[{"href":"https:\/\/www.europesays.com\/es\/wp-json\/wp\/v2\/media?parent=126658"}],"wp:term":[{"taxonomy":"category","embeddable":true,"href":"https:\/\/www.europesays.com\/es\/wp-json\/wp\/v2\/categories?post=126658"},{"taxonomy":"post_tag","embeddable":true,"href":"https:\/\/www.europesays.com\/es\/wp-json\/wp\/v2\/tags?post=126658"}],"curies":[{"name":"wp","href":"https:\/\/api.w.org\/{rel}","templated":true}]}}