{"id":126660,"date":"2025-09-20T04:26:25","date_gmt":"2025-09-20T04:26:25","guid":{"rendered":"https:\/\/www.europesays.com\/es\/126660\/"},"modified":"2025-09-20T04:26:25","modified_gmt":"2025-09-20T04:26:25","slug":"el-ayuntamiento-inaugura-las-remodeladas-instalaciones-deportivas-de-san-gines","status":"publish","type":"post","link":"https:\/\/www.europesays.com\/es\/126660\/","title":{"rendered":"El Ayuntamiento inaugura las remodeladas instalaciones deportivas de San Gin\u00e9s"},"content":{"rendered":"<p class=\"western\">El teniente de alcaldesa Agust\u00edn Mu\u00f1oz, acompa\u00f1ado de miembros del Gobierno municipal, ha inaugurado las obras de <strong>remodelaci\u00f3n de las instalaciones deportivas municipales de San Gin\u00e9s<\/strong>, donde tienen su sede los equipos Jerez Atl\u00e9tico, San Benito, promesas del Xerez CD y El Paquete. Este proyecto ha contado con un presupuesto de 654.018,39 euros que se enmarca en el Plan de Inversiones \u2018C\u00e1diz en Marcha\u2019 de la Diputaci\u00f3n Provincial de C\u00e1diz.<\/p>\n<p class=\"western\">El <strong>acto inaugural<\/strong> ha contado con la presencia de representantes del Club Jerez Atl\u00e9tico, de la Escuela El Paquete, de la Asociaci\u00f3n San Benito F.C, as\u00ed como de la Asociaci\u00f3n de Vecinos Nuevos Tiempos, de la Asociaci\u00f3n de Mujeres Nuevos Aires y de Asociaci\u00f3n de Mujeres Nueva Amistad. Tambi\u00e9n han asistido representantes de la empresa adjudicataria del proyecto, Manuel Alba.<\/p>\n<p class=\"western\">Agust\u00edn Mu\u00f1oz ha recordado durante la inauguraci\u00f3n que las instalaciones deportivas municipales de San Gin\u00e9s <strong>presentaban un gran deterioro<\/strong> y era necesario llevar a cabo, cuanto antes, un proyecto de intervenci\u00f3n. \u201cEl mejorar estas instalaciones era una reclamaci\u00f3n hist\u00f3rica, ya que este espacio no estaba en condiciones ni para practicar deporte ni simplemente para estar, por tanto, la realizaci\u00f3n de estas obras han supuesto una mejora para el barrio, una mejora notable para la convivencia y sobre todo para la pr\u00e1ctica deportiva\u201d, ha explicado.<\/p>\n<p class=\"western\">El teniente de alcaldesa ha dado las gracias a la <strong>Diputaci\u00f3n Provincial <\/strong>y a su presidenta Almudena Mart\u00ednez, porque que este proyecto se ha realizado a trav\u00e9s del Plan de la Diputaci\u00f3n Provincial \u2018C\u00e1diz en Marcha\u2019.<\/p>\n<p class=\"western\">Las obras de remodelaci\u00f3n realizadas en las instalaciones deportivas de San Gin\u00e9s han comprendido las<strong> siguientes actuaciones<\/strong> en los dos campos de f\u00fatbol existentes: dotaci\u00f3n de c\u00e9sped artificial y sistema de riego del campo anexo; retranqueos y sustituci\u00f3n de las columnas de iluminaci\u00f3n por columnas de mayor altura; renovaci\u00f3n casi completa de los cerramientos existentes, adecuaci\u00f3n de los fondos del campo Manuel Mill\u00e1n y dotaci\u00f3n de mobiliario deportivo.<\/p>\n<p class=\"western\">Agust\u00edn Mu\u00f1oz ha se\u00f1alado que estas obras son el resultado \u201cde un<strong> presupuesto bien invertido<\/strong>, ya que sirven para mejorar Jerez y promover el deporte. Hemos hecho realidad un compromiso que adquirimos antes incluso de llegar al Gobierno de la ciudad; y por tanto, podemos decir que estamos mejorando nuestros barrios, nuestras calles, nuestras plazas y es importante tambi\u00e9n apostar por la pr\u00e1ctica del deporte\u201d.<\/p>\n","protected":false},"excerpt":{"rendered":"El teniente de alcaldesa Agust\u00edn Mu\u00f1oz, acompa\u00f1ado de miembros del Gobierno municipal, ha inaugurado las obras de remodelaci\u00f3n&hellip;\n","protected":false},"author":2,"featured_media":126661,"comment_status":"","ping_status":"","sticky":false,"template":"","format":"standard","meta":{"footnotes":""},"categories":[5],"tags":[17,18,25,24,13,14,11,19,20,9,10,15,16,23,12,21,22],"class_list":{"0":"post-126660","1":"post","2":"type-post","3":"status-publish","4":"format-standard","5":"has-post-thumbnail","7":"category-titulares","8":"tag-breaking-news","9":"tag-breakingnews","10":"tag-es","11":"tag-espana","12":"tag-featured-news","13":"tag-featurednews","14":"tag-headlines","15":"tag-latest-news","16":"tag-latestnews","17":"tag-news","18":"tag-noticias","19":"tag-noticias-destacadas","20":"tag-noticiasdestacadas","21":"tag-spain","22":"tag-titulares","23":"tag-ultimas-noticias","24":"tag-ultimasnoticias"},"share_on_mastodon":{"url":"","error":""},"_links":{"self":[{"href":"https:\/\/www.europesays.com\/es\/wp-json\/wp\/v2\/posts\/126660","targetHints":{"allow":["GET"]}}],"collection":[{"href":"https:\/\/www.europesays.com\/es\/wp-json\/wp\/v2\/posts"}],"about":[{"href":"https:\/\/www.europesays.com\/es\/wp-json\/wp\/v2\/types\/post"}],"author":[{"embeddable":true,"href":"https:\/\/www.europesays.com\/es\/wp-json\/wp\/v2\/users\/2"}],"replies":[{"embeddable":true,"href":"https:\/\/www.europesays.com\/es\/wp-json\/wp\/v2\/comments?post=126660"}],"version-history":[{"count":0,"href":"https:\/\/www.europesays.com\/es\/wp-json\/wp\/v2\/posts\/126660\/revisions"}],"wp:featuredmedia":[{"embeddable":true,"href":"https:\/\/www.europesays.com\/es\/wp-json\/wp\/v2\/media\/126661"}],"wp:attachment":[{"href":"https:\/\/www.europesays.com\/es\/wp-json\/wp\/v2\/media?parent=126660"}],"wp:term":[{"taxonomy":"category","embeddable":true,"href":"https:\/\/www.europesays.com\/es\/wp-json\/wp\/v2\/categories?post=126660"},{"taxonomy":"post_tag","embeddable":true,"href":"https:\/\/www.europesays.com\/es\/wp-json\/wp\/v2\/tags?post=126660"}],"curies":[{"name":"wp","href":"https:\/\/api.w.org\/{rel}","templated":true}]}}