{"id":126662,"date":"2025-09-20T04:28:21","date_gmt":"2025-09-20T04:28:21","guid":{"rendered":"https:\/\/www.europesays.com\/es\/126662\/"},"modified":"2025-09-20T04:28:21","modified_gmt":"2025-09-20T04:28:21","slug":"la-a-a-e-t-pedro-romero-premiada-en-la-vi-bienal-internacional-de-la-tauromaquia-por-su-labor-en-el-fomento-de-la-cultura-taurina-web-oficial","status":"publish","type":"post","link":"https:\/\/www.europesays.com\/es\/126662\/","title":{"rendered":"La A.A.E.T. \u201cPedro Romero\u201d, premiada en la VI Bienal Internacional de la Tauromaquia por su labor en el fomento de la cultura taurina &#8211; Web oficial"},"content":{"rendered":"<p>\n    \u00a0\n<\/p>\n<p style=\"text-align: right;\">\n    COMUNICACI\u00d3N: AAET &#8216;PEDRO ROMERO&#8217;\n<\/p>\n<p style=\"text-align: right;\">\n    \u00a0\n<\/p>\n<p class=\"MsoNormal\" style=\"line-height: normal; text-align: justify;\">\n    <strong>La entidad<br \/>\n    andaluza recibir\u00e1 el galard\u00f3n al \u2018Fomento y Promoci\u00f3n de la Cultura Taurina\u2019 por su destacada trayectoria de m\u00e1s de tres d\u00e9cadas impulsando nuevos valores del toreo en las escuelas de<br \/>\n    Andaluc\u00eda.<\/strong>\n<\/p>\n<p class=\"MsoNormal\" style=\"mso-margin-top-alt: auto; mso-margin-bottom-alt: auto; line-height: normal;\">\n    \u00a0\n<\/p>\n<p class=\"MsoNormal\" style=\"mso-margin-top-alt: auto; mso-margin-bottom-alt: auto; text-align: justify; line-height: normal;\">\n    \u00a0\n<\/p>\n<p class=\"MsoNormal\" style=\"mso-margin-top-alt: auto; mso-margin-bottom-alt: auto; text-align: justify; line-height: normal;\">\n    La <strong>Asociaci\u00f3n Andaluza de Escuelas Taurinas \u201cPedro Romero\u201d<\/strong> ha sido reconocida con uno de los principales<br \/>\n    galardones en la pr\u00f3xima edici\u00f3n de la <strong>VI Bienal Internacional de la Tauromaquia<\/strong>, organizada por la <strong>Asociaci\u00f3n Tauromundo<\/strong>. El evento se celebrar\u00e1 los d\u00edas<br \/>\n    <strong>24, 25 y 26 de octubre de 2025<\/strong> en el emblem\u00e1tico <strong>Alc\u00e1zar de Jerez de la Frontera<\/strong>, en un contexto especial que apoya la candidatura de la ciudad como<br \/>\n    <strong>Capital Europea de la Cultura 2031.<\/strong>\n<\/p>\n<p class=\"MsoNormal\" style=\"mso-margin-top-alt: auto; mso-margin-bottom-alt: auto; text-align: justify; line-height: normal;\">\n    \u00a0\n<\/p>\n<p class=\"MsoNormal\" style=\"mso-margin-top-alt: auto; mso-margin-bottom-alt: auto; text-align: justify; line-height: normal;\">\n    El reconocimiento otorgado a la <strong>A.A.E.T. \u201cPedro Romero\u201d<\/strong> destaca por su <strong>\u201cm\u00e1s de 30 a\u00f1os de<br \/>\n    continuo Proyecto de Fomento de la Cultura Taurina Andaluza con la Permanente Promoci\u00f3n de los Nuevos Valores del Toreo en las Escuelas de Andaluc\u00eda\u201d.<\/strong> La entidad, dirigida por<br \/>\n    <strong>Eduardo Ord\u00f3\u00f1ez<\/strong> y que aglutina actualmente a 31 escuelas taurinas en todo el territorio andaluz, recibir\u00e1 el <strong>\u2018Premio al Fomento y Promoci\u00f3n de la Cultura<br \/>\n    Taurina\u2019<\/strong> el s\u00e1bado 25 de octubre durante la gala de entrega de premios.\n<\/p>\n<p class=\"MsoNormal\" style=\"mso-margin-top-alt: auto; mso-margin-bottom-alt: auto; text-align: justify; line-height: normal;\">\n    \u00a0\n<\/p>\n<p class=\"MsoNormal\" style=\"mso-margin-top-alt: auto; mso-margin-bottom-alt: auto; text-align: justify; line-height: normal;\">\n    La <strong>Asociaci\u00f3n Tauromundo<\/strong>, impulsora de esta <strong>Bienal,<\/strong> centra su labor en la defensa y<br \/>\n    divulgaci\u00f3n de la tauromaquia como una manifestaci\u00f3n cultural y art\u00edstica de profundo arraigo en la sociedad espa\u00f1ola. La celebraci\u00f3n en <strong>Jerez de la Frontera<\/strong> responde a una<br \/>\n    iniciativa conjunta con la <strong>Fundaci\u00f3n Cultura Taurina<\/strong> para sumar esfuerzos en la promoci\u00f3n internacional de la ciudad y de la <strong>Fiesta de los Toros.<\/strong>\n<\/p>\n<p class=\"MsoNormal\" style=\"mso-margin-top-alt: auto; mso-margin-bottom-alt: auto; text-align: justify; line-height: normal;\">\n    \u00a0\n<\/p>\n<p class=\"MsoNormal\" style=\"mso-margin-top-alt: auto; mso-margin-bottom-alt: auto; text-align: justify; line-height: normal;\">\n    La <strong>VI Bienal Internacional de la Tauromaquia<\/strong> rendir\u00e1 homenaje a los protagonistas m\u00e1s destacados de la<br \/>\n    temporada 2025. La gala de premios contar\u00e1 con una cuidada selecci\u00f3n de figuras consagradas del toreo, as\u00ed como entidades y profesionales que han contribuido al sostenimiento, evoluci\u00f3n y<br \/>\n    prestigio de la tauromaquia en sus diversas expresiones.\n<\/p>\n<p class=\"MsoNormal\" style=\"mso-margin-top-alt: auto; mso-margin-bottom-alt: auto; text-align: justify; line-height: normal;\">\n    \u00a0\n<\/p>\n<p class=\"MsoNormal\" style=\"mso-margin-top-alt: auto; mso-margin-bottom-alt: auto; text-align: justify; line-height: normal;\">\n    Este reconocimiento a la <strong>A.A.E.T. \u201cPedro Romero\u201d<\/strong> subraya el valor educativo, formativo y cultural de las<br \/>\n    escuelas taurinas, y el papel esencial que desempe\u00f1an en la transmisi\u00f3n de una tradici\u00f3n que forma parte del patrimonio vivo de <strong>Andaluc\u00eda.<\/strong>\n<\/p>\n<p class=\"MsoNoSpacing\" style=\"text-align: center;\">\n    <strong>Relaci\u00f3n de Premiados:<\/strong>\n<\/p>\n<p class=\"MsoNoSpacing\" style=\"text-align: center;\">\n    \u00a0\n<\/p>\n<p class=\"MsoNoSpacing\" style=\"text-align: center;\">\n    <strong>Premio al Fomento y Promoci\u00f3n de la Cultura Taurina<\/strong>: A.A.E.T. \u201cPedro Romero\u201d.\n<\/p>\n<p class=\"MsoNoSpacing\" style=\"text-align: center;\">\n    <strong>Triunfador de la Temporada<\/strong>: Morante de la Puebla.\n<\/p>\n<p class=\"MsoNoSpacing\" style=\"text-align: center;\">\n    <strong>Mejor Faena de la Temporada<\/strong>: David de Miranda.\n<\/p>\n<p class=\"MsoNoSpacing\" style=\"text-align: center;\">\n    <strong>Mejor Rejoneador de la Temporada<\/strong>: Diego Ventura.\n<\/p>\n<p class=\"MsoNoSpacing\" style=\"text-align: center;\">\n    <strong>Mejor Subalterno de la Temporada<\/strong>: Juan Sierra.\n<\/p>\n<p class=\"MsoNoSpacing\" style=\"text-align: center;\">\n    <strong>Mejor Ganader\u00eda<\/strong>: Juan Pedro Domecq.\n<\/p>\n<p class=\"MsoNoSpacing\" style=\"text-align: center;\">\n    <strong>A la Difusi\u00f3n Taurina<\/strong>: Remagens Ouro Plata.\n<\/p>\n<p class=\"MsoNoSpacing\" style=\"text-align: center;\">\n    <strong>A la Trayectoria Taurina<\/strong>: Juli\u00e1n L\u00f3pez \u201cEl Juli\u201d.\n<\/p>\n<p class=\"MsoNoSpacing\" style=\"text-align: center;\">\n    <strong>A t\u00edtulo p\u00f3stumo<\/strong>: Alfonso Ord\u00f3\u00f1ez.\n<\/p>\n<p>    \u00a0<\/p>\n","protected":false},"excerpt":{"rendered":"\u00a0 COMUNICACI\u00d3N: AAET &#8216;PEDRO ROMERO&#8217; \u00a0 La entidad andaluza recibir\u00e1 el galard\u00f3n al \u2018Fomento y Promoci\u00f3n de la&hellip;\n","protected":false},"author":2,"featured_media":126663,"comment_status":"","ping_status":"","sticky":false,"template":"","format":"standard","meta":{"footnotes":""},"categories":[277],"tags":[373,168,25,24,23,167,374],"class_list":{"0":"post-126662","1":"post","2":"type-post","3":"status-publish","4":"format-standard","5":"has-post-thumbnail","7":"category-toreo","8":"tag-bullfighting","9":"tag-deportes","10":"tag-es","11":"tag-espana","12":"tag-spain","13":"tag-sports","14":"tag-toreo"},"share_on_mastodon":{"url":"","error":""},"_links":{"self":[{"href":"https:\/\/www.europesays.com\/es\/wp-json\/wp\/v2\/posts\/126662","targetHints":{"allow":["GET"]}}],"collection":[{"href":"https:\/\/www.europesays.com\/es\/wp-json\/wp\/v2\/posts"}],"about":[{"href":"https:\/\/www.europesays.com\/es\/wp-json\/wp\/v2\/types\/post"}],"author":[{"embeddable":true,"href":"https:\/\/www.europesays.com\/es\/wp-json\/wp\/v2\/users\/2"}],"replies":[{"embeddable":true,"href":"https:\/\/www.europesays.com\/es\/wp-json\/wp\/v2\/comments?post=126662"}],"version-history":[{"count":0,"href":"https:\/\/www.europesays.com\/es\/wp-json\/wp\/v2\/posts\/126662\/revisions"}],"wp:featuredmedia":[{"embeddable":true,"href":"https:\/\/www.europesays.com\/es\/wp-json\/wp\/v2\/media\/126663"}],"wp:attachment":[{"href":"https:\/\/www.europesays.com\/es\/wp-json\/wp\/v2\/media?parent=126662"}],"wp:term":[{"taxonomy":"category","embeddable":true,"href":"https:\/\/www.europesays.com\/es\/wp-json\/wp\/v2\/categories?post=126662"},{"taxonomy":"post_tag","embeddable":true,"href":"https:\/\/www.europesays.com\/es\/wp-json\/wp\/v2\/tags?post=126662"}],"curies":[{"name":"wp","href":"https:\/\/api.w.org\/{rel}","templated":true}]}}