{"id":126664,"date":"2025-09-20T04:31:09","date_gmt":"2025-09-20T04:31:09","guid":{"rendered":"https:\/\/www.europesays.com\/es\/126664\/"},"modified":"2025-09-20T04:31:09","modified_gmt":"2025-09-20T04:31:09","slug":"la-final-de-roland-garros-fue-algo-inaudito-en-este-deporte","status":"publish","type":"post","link":"https:\/\/www.europesays.com\/es\/126664\/","title":{"rendered":"La final de Roland Garros fue algo inaudito en este deporte"},"content":{"rendered":"<p><b>Alexander Zverev<\/b> se encuentra en San Francisco para disputar la <b><a title=\"Laver Cup 2025\" href=\"https:\/\/www.antena3.com\/noticias\/deportes\/tenis\/carlos-alcaraz-laver-cup-2025-cuando-empieza-horarios-equipos-partidos-donde-verla_2025091868cc514ea2dd1a7e0d09c180.html\" target=\"_blank\" rel=\"nofollow noopener\">Laver Cup 2025<\/a><\/b>, el de Hamburgo ha jugado cinco ediciones de la competici\u00f3n (2017, 2018, 2019, 2021 y 2014), las cinco en las que Europa se llev\u00f3 el trofeo. El jugador alem\u00e1n, actual n\u00famero 3 del mundo, compartir\u00e1 equipo este fin de semana con Carlos Alcaraz, Holger Rune, Casper Ruud, Jakub Men\u0161\u00edk y Flavio Cobolli (Tom\u00e1\u0161 Mach\u00e1\u010d, reserva).<\/p>\n<p>Hace unos meses, en julio, Zverev fue noticia al <b><a title=\"reconocer los problemas mentales\" href=\"https:\/\/www.antena3.com\/noticias\/deportes\/tenis\/zverev-derrota-wimbledon-veces-siento-muy-solo-ahi-afuera-lucho-mentalmente_202507026864de7e77c9307258652895.html\" target=\"_blank\" rel=\"nofollow noopener\">reconocer los problemas mentales<\/a><\/b> que ha atravesado a lo largo de su carrera. \u00abEs gracioso, a veces me siento muy solo ah\u00ed afuera. Lucho mentalmente. He estado diciendo eso desde despu\u00e9s del Abierto de Australia. S\u00ed, simplemente no s\u00e9. Estoy tratando de encontrar maneras, intentando encontrar formas de salir de este agujero. Pero sigo encontr\u00e1ndome de vuelta en \u00e9l de alguna manera. S\u00ed, no s\u00e9. Me siento, en t\u00e9rminos generales, bastante solo en la vida en este momento, lo cual es un sentimiento que no es muy agradable\u00bb, reconoc\u00eda el de Hamburgo tras perder ante Arthur Rinderknech en Wimbledon.<\/p>\n<p>\u00ab\u00bfSinner y Alcaraz? Ambos est\u00e1n por delante de los dem\u00e1s, claramente\u00bb<\/p>\n<p>Dos meses y medio despu\u00e9s de aquello, a Zverev se le ha visto sonriente en San Francisco con el resto de tenistas que van a disputar este fin de semana la Laver Cup. El jugador alem\u00e1n, que no ha sido elegido por <b><a title=\"Yannick Noah\" href=\"https:\/\/www.antena3.com\/noticias\/deportes\/tenis\/vaticinio-yannick-noah-ocho-proximos-grand-slam-aparte-alcaraz-sinner-veo_2025091868cbbc05a2dd1a7e0d0644a9.html\" target=\"_blank\" rel=\"nofollow noopener\">Yannick Noah<\/a><\/b> para ning\u00fan partido de la primera jornada de este viernes, habl\u00f3 en rueda de prensa sobre diversos temas y se le pregunt\u00f3 por el dominio de Alcaraz y Sinner en el circuito.<\/p>\n<p>\u00abAmbos est\u00e1n por delante de los dem\u00e1s, claramente, y nuestro obligaci\u00f3n es trabajar duro para intentar ponernos a su altura. Este a\u00f1o, nadie lo ha conseguido. Ojal\u00e1 alguien lo logre la pr\u00f3xima temporada\u00bb, reconoci\u00f3 Zverev.<\/p>\n<p>El tenista alem\u00e1n se refiri\u00f3 a la <b><a title=\"hist\u00f3rica final de Roland Garros\" href=\"https:\/\/www.antena3.com\/noticias\/deportes\/tenis\/alcaraz-sinner-final-roland-garros-2025-directo-resultado-minuto-minuto-ultima-hora-partido-hoy_20250608684579984c9357775b853cb6.html\" target=\"_blank\" rel=\"nofollow noopener\">hist\u00f3rica final de Roland Garros<\/a><\/b> que jugaron el espa\u00f1ol y el italiano en la Philippe Chatrier el pasado 8 de junio y no duda en apuntar que \u00abfue algo inaudito\u00bb en la historia del tenis.<\/p>\n<p>\u00abLa final de Roland Garros entre Carlos y Jannik fue algo inaudito en este deporte, aunque solo sea por la velocidad de sus golpes. La forma en que jugaron al tenis ese d\u00eda&#8230; Por supuesto, hemos tenido grandes campeones que se han enfrentado en los \u00faltimos 15 a\u00f1os y el Big Three nos ha ofrecido partidos inolvidables, pero el estilo de juego que Alcaraz y Sinner propusieron en Par\u00eds fue algo que nunca hab\u00eda visto antes\u00bb, admiti\u00f3 Alexander Zverev.<\/p>\n<p>S\u00edguenos en nuestro <a title=\"canal de WhatsApp\" href=\"https:\/\/www.whatsapp.com\/channel\/0029Va6BhYH2phHPnlatwW3b\" target=\"_blank\" rel=\"nofollow noopener\">canal de WhatsApp<\/a> y no te pierdas la \u00faltima hora y toda la actualidad de antena3noticias.com<\/p>\n<p>   <img decoding=\"async\" title=\"La presidenta de la Comunidad de Madrid, Isabel D\u00edaz Ayuso\" alt=\"La presidenta de la Comunidad de Madrid, Isabel D\u00edaz Ayuso\" width=\"480\" height=\"270\" src=\"https:\/\/www.europesays.com\/es\/wp-content\/uploads\/2025\/09\/presidenta-comunidad-madrid-isabel-diaz-ayuso_70.jpg\" loading=\"lazy\" class=\"lazy\"\/><\/p>\n","protected":false},"excerpt":{"rendered":"Alexander Zverev se encuentra en San Francisco para disputar la Laver Cup 2025, el de Hamburgo ha jugado&hellip;\n","protected":false},"author":2,"featured_media":126665,"comment_status":"","ping_status":"","sticky":false,"template":"","format":"standard","meta":{"footnotes":""},"categories":[274],"tags":[168,25,24,23,167,327,326],"class_list":{"0":"post-126664","1":"post","2":"type-post","3":"status-publish","4":"format-standard","5":"has-post-thumbnail","7":"category-tenis","8":"tag-deportes","9":"tag-es","10":"tag-espana","11":"tag-spain","12":"tag-sports","13":"tag-tenis","14":"tag-tennis"},"share_on_mastodon":{"url":"","error":""},"_links":{"self":[{"href":"https:\/\/www.europesays.com\/es\/wp-json\/wp\/v2\/posts\/126664","targetHints":{"allow":["GET"]}}],"collection":[{"href":"https:\/\/www.europesays.com\/es\/wp-json\/wp\/v2\/posts"}],"about":[{"href":"https:\/\/www.europesays.com\/es\/wp-json\/wp\/v2\/types\/post"}],"author":[{"embeddable":true,"href":"https:\/\/www.europesays.com\/es\/wp-json\/wp\/v2\/users\/2"}],"replies":[{"embeddable":true,"href":"https:\/\/www.europesays.com\/es\/wp-json\/wp\/v2\/comments?post=126664"}],"version-history":[{"count":0,"href":"https:\/\/www.europesays.com\/es\/wp-json\/wp\/v2\/posts\/126664\/revisions"}],"wp:featuredmedia":[{"embeddable":true,"href":"https:\/\/www.europesays.com\/es\/wp-json\/wp\/v2\/media\/126665"}],"wp:attachment":[{"href":"https:\/\/www.europesays.com\/es\/wp-json\/wp\/v2\/media?parent=126664"}],"wp:term":[{"taxonomy":"category","embeddable":true,"href":"https:\/\/www.europesays.com\/es\/wp-json\/wp\/v2\/categories?post=126664"},{"taxonomy":"post_tag","embeddable":true,"href":"https:\/\/www.europesays.com\/es\/wp-json\/wp\/v2\/tags?post=126664"}],"curies":[{"name":"wp","href":"https:\/\/api.w.org\/{rel}","templated":true}]}}