{"id":126666,"date":"2025-09-20T04:32:10","date_gmt":"2025-09-20T04:32:10","guid":{"rendered":"https:\/\/www.europesays.com\/es\/126666\/"},"modified":"2025-09-20T04:32:10","modified_gmt":"2025-09-20T04:32:10","slug":"estoy-mejor-pero-estuve-muy-jodido-probablemente-han-s","status":"publish","type":"post","link":"https:\/\/www.europesays.com\/es\/126666\/","title":{"rendered":"\u00abEstoy mejor, pero estuve muy jodido. Probablemente han s&#8230;"},"content":{"rendered":"<p>                    Oscar Pereiro estuve en \u00abEl Chiringuito\u00bb con Pedrerol y habl\u00f3 a coraz\u00f3n abierto sobre c\u00f3mo vivi\u00f3 la Vuelta m\u00e1s convulsa de la historia<\/p>\n<p class=\"c-mainarticle__date\">\n<p>                    19 de septiembre de 2025 (10:16 CET)<\/p>\n<p>                                                                                                                                        <img fetchpriority=\"high\" decoding=\"async\" src=\"https:\/\/www.ciclismoafondo.es\/uploads\/s1\/14\/48\/39\/36\/oscar-pereiro-junto-a-juan-mari-guajardo-el-speaker-de-la-vuelta.webp\" alt=\"Oscar Pereiro junto a Juan Mari Guajardo, el speaker de La Vuelta\" title=\"Oscar Pereiro junto a Juan Mari Guajardo, el speaker de La Vuelta\" class=\"c-mainarticle__img\" loading=\"eager\" width=\"790\" height=\"454\"\/><\/p>\n<p>                    Oscar Pereiro junto a Juan Mari Guajardo, el speaker de La Vuelta<\/p>\n<p>Oscar Pereiro regres\u00f3 a \u00abEl Chiringuito\u00bb, el programa de La Sexta del que es colaborador. El ganador del Tour de Francia de 2006 e hizo una larga reflexi\u00f3n por todo lo que ha vivido en las \u00faltimas semanas como miembro de la organizaci\u00f3n de la Vuelta a Espa\u00f1a. \u00abEstoy mejor, pero estuve muy jodido. Probablemente han sido de los peores 15 d\u00edas de mi vida. Tanta presi\u00f3n, tanta impotencia&#8230; durante tanto tiempo, jam\u00e1s lo hab\u00eda vivido\u00bb<\/p>\n<p>\u00a0<\/p>\n<p>Preguntando por Josep Pedrerol, el ex-ciclista gallego (48 a\u00f1os) cont\u00f3 que \u00abnos han acribillado a insultos y no hay ning\u00fan trabajador de LaVuelta, ni una persona que est\u00e9 siguiendo la Vuelta a Espa\u00f1a, que est\u00e9 a favor de lo que est\u00e1 ocurriendo en Gaza. Y simplemente por querer hacer nuestro trabajo y querer llevar una carrera parec\u00edamos el enemigo de lo mismo por lo que estamos luchando nosotros, que es que haya paz en el mundo. Nos han llamado asesinos, genocidas y vendidos a un metro de la cara. Nos han escupido y tirado orina. Han lanzado chinchetas a los ciclistas. Han tirado a varios ciclistas&#8230;Todo era que \u00e9ramos los malos de la pel\u00edcula y que est\u00e1bamos blanqueando&#8230; \u00bfBlanquear a qui\u00e9n? \u00bfQu\u00e9 pod\u00edamos hacer nosotros? Absolutamente nada\u00bb.<\/p>\n<p>Pereiro, emocionado durante toda la charla, expres\u00f3 la soledad en que se encontraron los que trataron de que La Vuelta llegara a Madrid. \u00abHemos sentido que hemos estado abandonados a nyestra suerte. La UCI no dec\u00eda absolutamente nada. El COI callado. Pol\u00edticos de este pa\u00eds, exministros y diputados, alentando y cortando la carretera. Intentando tirar a los ciclistas. El Ministro del Interior aplaudiendo que la manifestaci\u00f3n era pac\u00edfica. El Presidente de Gobierno tambi\u00e9n. \u00bfEsta gente ha venido a ver si esto era pac\u00edfico? Yo no he visto que fuera pac\u00edfico&#8230; \u00a1absolutamente nada! En Madrid 22 polic\u00edas heridos y sin cargar. Porque la orden era no cargar. \u00bfY este pa\u00eds est\u00e1 pensando en organizar el Mundial de f\u00fatbol?\u00bb La Vuelta no pudo terminar en Madrid porque a alguien se le puso entre ceja y ceja boicotearla\u00bb.<\/p>\n<p>Y como despedida, Pereiro lanz\u00f3 un desaf\u00edo a los gobernantes..\u00bbVeremos si el Gobierno tiene las pelotas de que Espa\u00f1a no juegue el Mundial si est\u00e1 Israel\u00bb<\/p>\n","protected":false},"excerpt":{"rendered":"Oscar Pereiro estuve en \u00abEl Chiringuito\u00bb con Pedrerol y habl\u00f3 a coraz\u00f3n abierto sobre c\u00f3mo vivi\u00f3 la Vuelta&hellip;\n","protected":false},"author":2,"featured_media":126667,"comment_status":"","ping_status":"","sticky":false,"template":"","format":"standard","meta":{"footnotes":""},"categories":[273],"tags":[313,312,168,25,24,23,167],"class_list":{"0":"post-126666","1":"post","2":"type-post","3":"status-publish","4":"format-standard","5":"has-post-thumbnail","7":"category-ciclismo","8":"tag-ciclismo","9":"tag-cycling","10":"tag-deportes","11":"tag-es","12":"tag-espana","13":"tag-spain","14":"tag-sports"},"share_on_mastodon":{"url":"","error":""},"_links":{"self":[{"href":"https:\/\/www.europesays.com\/es\/wp-json\/wp\/v2\/posts\/126666","targetHints":{"allow":["GET"]}}],"collection":[{"href":"https:\/\/www.europesays.com\/es\/wp-json\/wp\/v2\/posts"}],"about":[{"href":"https:\/\/www.europesays.com\/es\/wp-json\/wp\/v2\/types\/post"}],"author":[{"embeddable":true,"href":"https:\/\/www.europesays.com\/es\/wp-json\/wp\/v2\/users\/2"}],"replies":[{"embeddable":true,"href":"https:\/\/www.europesays.com\/es\/wp-json\/wp\/v2\/comments?post=126666"}],"version-history":[{"count":0,"href":"https:\/\/www.europesays.com\/es\/wp-json\/wp\/v2\/posts\/126666\/revisions"}],"wp:featuredmedia":[{"embeddable":true,"href":"https:\/\/www.europesays.com\/es\/wp-json\/wp\/v2\/media\/126667"}],"wp:attachment":[{"href":"https:\/\/www.europesays.com\/es\/wp-json\/wp\/v2\/media?parent=126666"}],"wp:term":[{"taxonomy":"category","embeddable":true,"href":"https:\/\/www.europesays.com\/es\/wp-json\/wp\/v2\/categories?post=126666"},{"taxonomy":"post_tag","embeddable":true,"href":"https:\/\/www.europesays.com\/es\/wp-json\/wp\/v2\/tags?post=126666"}],"curies":[{"name":"wp","href":"https:\/\/api.w.org\/{rel}","templated":true}]}}