{"id":126674,"date":"2025-09-20T04:39:08","date_gmt":"2025-09-20T04:39:08","guid":{"rendered":"https:\/\/www.europesays.com\/es\/126674\/"},"modified":"2025-09-20T04:39:08","modified_gmt":"2025-09-20T04:39:08","slug":"angel-caido-la-cancion-que-une-a-pablo-lopez-y-malu-vuelve-a-brillar-en-la-voz","status":"publish","type":"post","link":"https:\/\/www.europesays.com\/es\/126674\/","title":{"rendered":"\u00c1ngel ca\u00eddo\u2019, la canci\u00f3n que une a Pablo L\u00f3pez y Mal\u00fa, vuelve a brillar en La Voz"},"content":{"rendered":"<p>La s\u00e9ptima temporada de<b> La Voz<\/b> vivi\u00f3 uno de sus momentos m\u00e1s emocionantes con la actuaci\u00f3n de<b> Dani<\/b>, que eligi\u00f3 interpretar \u2018<b><a title=\"\u00c1ngel ca\u00eddo\" href=\"https:\/\/www.antena3.com\/programas\/la-voz\/dani-pone-piel-gallina-angel-caido-conmueve-coaches-cancion_2025092068cddc36394a81387390bbe5.html\" target=\"_blank\" rel=\"nofollow noopener\">\u00c1ngel ca\u00eddo<\/a><\/b>\u2019, la <b>canci\u00f3n<\/b> que Pablo L\u00f3pez escribi\u00f3 para Mal\u00fa y que se ha convertido en uno de los temas m\u00e1s especiales de su carrera.<\/p>\n<p>Su interpretaci\u00f3n conmovi\u00f3 al p\u00fablico y a los coaches, consiguiendo un pleno. Adem\u00e1s, Mal\u00fa no dud\u00f3 en usar el superbloqueo para impedir que Pablo pudiera luchar por la voz del joven, asegur\u00e1ndose as\u00ed de que Dani acabara en su equipo.<\/p>\n<p>Tras esta actuaci\u00f3n cargada de emoci\u00f3n, lleg\u00f3 la sorpresa: <b>Mal\u00fa<\/b> y <b>Pablo L\u00f3pez<\/b> subieron juntos al escenario para cantar \u2018\u00c1ngel ca\u00eddo\u2019. Un <b>momento<\/b> \u00fanico, lleno de complicidad y recuerdos, ya que ambos se conocen desde hace muchos a\u00f1os y han compartido innumerables experiencias.<\/p>\n<p>Con gran <b>emoci\u00f3n<\/b>, Pablo confes\u00f3: \u201cMira que la hemos hecho veces, pero la voz tiene esa magia\u201d. Una frase que resume la intensidad de un instante que ya forma parte de los grandes momentos de La Voz.<\/p>\n<p>\u00a1Rev\u00edvelo en el v\u00eddeo de arriba!<\/p>\n<p>   <img decoding=\"async\" title=\"Eva Gonz\u00e1lez \" alt=\"Eva Gonz\u00e1lez \" width=\"480\" height=\"270\" src=\"https:\/\/www.europesays.com\/es\/wp-content\/uploads\/2025\/09\/eva-gonzalez_70.jpg\" loading=\"lazy\" class=\"lazy\"\/><\/p>\n","protected":false},"excerpt":{"rendered":"La s\u00e9ptima temporada de La Voz vivi\u00f3 uno de sus momentos m\u00e1s emocionantes con la actuaci\u00f3n de Dani,&hellip;\n","protected":false},"author":2,"featured_media":126675,"comment_status":"","ping_status":"","sticky":false,"template":"","format":"standard","meta":{"footnotes":""},"categories":[171],"tags":[146,147,25,24,23,214],"class_list":{"0":"post-126674","1":"post","2":"type-post","3":"status-publish","4":"format-standard","5":"has-post-thumbnail","7":"category-tv","8":"tag-entertainment","9":"tag-entretenimiento","10":"tag-es","11":"tag-espana","12":"tag-spain","13":"tag-tv"},"share_on_mastodon":{"url":"","error":""},"_links":{"self":[{"href":"https:\/\/www.europesays.com\/es\/wp-json\/wp\/v2\/posts\/126674","targetHints":{"allow":["GET"]}}],"collection":[{"href":"https:\/\/www.europesays.com\/es\/wp-json\/wp\/v2\/posts"}],"about":[{"href":"https:\/\/www.europesays.com\/es\/wp-json\/wp\/v2\/types\/post"}],"author":[{"embeddable":true,"href":"https:\/\/www.europesays.com\/es\/wp-json\/wp\/v2\/users\/2"}],"replies":[{"embeddable":true,"href":"https:\/\/www.europesays.com\/es\/wp-json\/wp\/v2\/comments?post=126674"}],"version-history":[{"count":0,"href":"https:\/\/www.europesays.com\/es\/wp-json\/wp\/v2\/posts\/126674\/revisions"}],"wp:featuredmedia":[{"embeddable":true,"href":"https:\/\/www.europesays.com\/es\/wp-json\/wp\/v2\/media\/126675"}],"wp:attachment":[{"href":"https:\/\/www.europesays.com\/es\/wp-json\/wp\/v2\/media?parent=126674"}],"wp:term":[{"taxonomy":"category","embeddable":true,"href":"https:\/\/www.europesays.com\/es\/wp-json\/wp\/v2\/categories?post=126674"},{"taxonomy":"post_tag","embeddable":true,"href":"https:\/\/www.europesays.com\/es\/wp-json\/wp\/v2\/tags?post=126674"}],"curies":[{"name":"wp","href":"https:\/\/api.w.org\/{rel}","templated":true}]}}