{"id":126678,"date":"2025-09-20T04:41:09","date_gmt":"2025-09-20T04:41:09","guid":{"rendered":"https:\/\/www.europesays.com\/es\/126678\/"},"modified":"2025-09-20T04:41:09","modified_gmt":"2025-09-20T04:41:09","slug":"jason-momoa-tiene-noticias-para-los-fans-de-fast-furious-y-no-son-precisamente-buenas","status":"publish","type":"post","link":"https:\/\/www.europesays.com\/es\/126678\/","title":{"rendered":"Jason Momoa tiene noticias para los fans de \u2018Fast &#038; Furious\u2019 y no son precisamente buenas"},"content":{"rendered":"<p class=\"\">Parec\u00eda que <a href=\"https:\/\/as.com\/meristation\/cine\/adios-a-piruetas-imposibles-vin-diesel-confirma-el-rumbo-que-tomara-la-esperada-fast-furious-11-n\/\" target=\"_blank\" rel=\"nofollow noopener\" title=\"https:\/\/as.com\/meristation\/cine\/adios-a-piruetas-imposibles-vin-diesel-confirma-el-rumbo-que-tomara-la-esperada-fast-furious-11-n\/\">el estreno<\/a> de <b>\u2018Fast XI\u2019<\/b> ser\u00eda el pr\u00f3ximo a\u00f1o 2026, cuando se cumplieran 3 a\u00f1os de<a href=\"https:\/\/as.com\/meristation\/reportajes\/fast-and-furious-x-james-mamoa-echa-de-la-carretera-a-vin-diesel-r\/\" target=\"_blank\" rel=\"nofollow noopener\" title=\"https:\/\/as.com\/meristation\/reportajes\/fast-and-furious-x-james-mamoa-echa-de-la-carretera-a-vin-diesel-r\/\"> la llegada a cines<\/a> de <b>\u2018Fast X\u2019<\/b>. Lamentablemente, todo apunta a que habr\u00e1 que esperar bastante m\u00e1s, ya que si hay guion preparado, los principales protagonistas a\u00fan no lo tienen, como asegura <b>Jason Momoa<\/b>. O eso, o no se espera el regreso de su personaje, algo que ser\u00eda a\u00fan m\u00e1s sorprendente. <\/p>\n<p class=\"\">El actor de origen hawaiano, que debut\u00f3 en la saga en aquella d\u00e9cima entrega interpretando a Dante Reyes, ha estado ocupado en los \u00faltimos meses con el rodaje de <b>\u2018Supergirl\u2019<\/b>, en la que <a href=\"https:\/\/as.com\/meristation\/cine\/jason-momoa-cambia-de-papel-en-el-nuevo-universo-dc-y-sera-el-antiheroe-mas-violento-en-supergirl-woman-of-tomorrow-n\/\" target=\"_blank\" rel=\"nofollow noopener\" title=\"https:\/\/as.com\/meristation\/cine\/jason-momoa-cambia-de-papel-en-el-nuevo-universo-dc-y-sera-el-antiheroe-mas-violento-en-supergirl-woman-of-tomorrow-n\/\">intepretar\u00e1 a Lobo<\/a>. Sin embargo, eso no es \u00f3bice para que al menos hubiera recibido el guion de \u2018Fast XI\u2019, y no ha sido el caso. <\/p>\n<p class=\"\">En <a href=\"https:\/\/theplaylist.net\/chief-of-war-jason-momoa-on-his-hawaiian-epic-directing-the-finale-historical-accuracy-vs-spectacle-street-fighter-bingeworthy-podcast-20250919\/?utm_source=dlvr.it&amp;utm_medium=twitter\" target=\"_blank\" rel=\"nofollow noopener\" title=\"https:\/\/theplaylist.net\/chief-of-war-jason-momoa-on-his-hawaiian-epic-directing-the-finale-historical-accuracy-vs-spectacle-street-fighter-bingeworthy-podcast-20250919\/?utm_source=dlvr.it&amp;utm_medium=twitter\">una entrevista<\/a> a colaci\u00f3n de la exitosa serie que protagoniza en Apple TV+, <b>\u2018Jefe de guerra\u2019<\/b>, Momoa fue preguntado por su papel, de momento hipot\u00e9tico, en \u2018Fast X\u2019. \u201cMe encantar\u00eda volver y ser Dante, t\u00edo\u201d, comienza diciendo Momoa. \u201c<b>La gente alrededor de todo el mundo ama a ese personaje, es algo loco. Pero no tengo guion, as\u00ed que si vuelvo, no ser\u00e1 pronto<\/b>\u201d. <\/p>\n<p><img decoding=\"async\" src=\"https:\/\/www.europesays.com\/es\/wp-content\/uploads\/2025\/09\/2HRBXLFWKFE7VA2DZ4KZSR6HKM.png\" alt=\"Fast &amp; Furious X\" class=\"mm__img\"   width=\"1738\" height=\"919\" loading=\"lazy\"\/><\/p>\n<p>Ampliar<\/p>\n<p>Todo lo que Momoa tiene en marcha<\/p>\n<p class=\"\">Ya dec\u00edamos antes que Jason Momoa ha participado en el rodaje de \u2018Supergirl\u2019, y es que tras haber sido Aquaman en el DCEU, <b>James Gunn<\/b> y \u00e9l no tardaron en hablar para <a href=\"https:\/\/as.com\/meristation\/cine\/esta-es-la-unica-vez-que-lobo-el-sadico-personaje-que-interpretara-jason-momoa-aparecio-en-un-live-action-de-dc-n\/\" target=\"_blank\" rel=\"nofollow noopener\" title=\"https:\/\/as.com\/meristation\/cine\/esta-es-la-unica-vez-que-lobo-el-sadico-personaje-que-interpretara-jason-momoa-aparecio-en-un-live-action-de-dc-n\/\">el regreso del actor<\/a>. Lobo era uno de los personajes favoritos del hawaiano, as\u00ed que la conversaci\u00f3n seguramente no tard\u00f3 en llegar a buen puerto. Adem\u00e1s, tambi\u00e9n estar\u00e1 presente en <b>\u2018Dune: Parte 3\u2032<\/b> y en la adaptaci\u00f3n de una de las grandes franquicias de la historia de los videojuegos. <\/p>\n<p class=\"\">Hablamos de <b>\u2018Street Fighter\u2019<\/b>, una pel\u00edcula en la que participar\u00e1n las estrellas de la WWE <b>Roman Reigns<\/b> (Akuma) y <a href=\"https:\/\/as.com\/meristation\/cine\/street-fighter-confirma-a-una-leyenda-del-rap-y-un-actor-de-dc-y-apunta-a-otra-estrella-de-la-wwe-n\/\" target=\"_blank\" rel=\"nofollow noopener\" title=\"https:\/\/as.com\/meristation\/cine\/street-fighter-confirma-a-una-leyenda-del-rap-y-un-actor-de-dc-y-apunta-a-otra-estrella-de-la-wwe-n\/\">Cody Rhodes<\/a> (Guile), adem\u00e1s de otras celebridades como <b>David Dastmalchian<\/b> (Bison) o <b>50 Cent<\/b> (Balrog). Momoa interpretar\u00e1 al guerrero brasile\u00f1o, presente desde la legendaria segunda entrega, un hito de las recreativas. \u00abNo hay nadie mejor para interpretar a Blanka, por eso lo hago\u00bb, dice el actor. \u201cHaremos lo que al p\u00fablico le gustar\u00eda ver: algo pr\u00e1ctico, efectos especiales, haremos nuestro mejor esfuerzo. El reparto es una locura. Mi hijo y yo lo interpretamos; es el \u00fanico juego que he jugado\u201d. <\/p>\n<p class=\"\">\u2018Street Fighter\u2019 se estrenar\u00e1 <b>en octubre de 2026<\/b>. <\/p>\n<p>Noticias relacionadas<\/p>\n<p class=\"\">Suscr\u00edbete al <a href=\"https:\/\/www.youtube.com\/@meristation\" target=\"_self\" rel=\"nofollow noopener\" title=\"https:\/\/www.youtube.com\/@meristation\">canal de MeriStation en YouTube<\/a>, tu web de videojuegos y entretenimiento para conocer todas las noticias y novedades sobre el mundo del videojuego, cine, series, manga y anime. An\u00e1lisis, entrevistas, tr\u00e1ileres, gameplays, p\u00f3dcast y mucho m\u00e1s. Tambi\u00e9n te animamos a seguir <a href=\"https:\/\/www.tiktok.com\/@meristation\" rel=\"nofollow noopener\" title=\"https:\/\/www.tiktok.com\/@meristation\" target=\"_blank\">nuestra cuenta de TikTok<\/a>. <\/p>\n<p class=\"\">\u00a1S\u00edguenos en ambas y, si est\u00e1s interesado en licenciar este contenido, pincha <a href=\"https:\/\/profesional.elpais.com\/soluciones-sindicacion?utm_medium=interno&amp;utm_source=crosslinking&amp;utm_campaign=sindicacion_as_pie_articulos\" target=\"_blank\" rel=\"nofollow noopener\" title=\"https:\/\/profesional.elpais.com\/soluciones-sindicacion?utm_medium=interno&amp;utm_source=crosslinking&amp;utm_campaign=sindicacion_as_pie_articulos\">aqu\u00ed<\/a>!<\/p>\n<p><script async src=\"\/\/www.tiktok.com\/embed.js\"><\/script><\/p>\n","protected":false},"excerpt":{"rendered":"Parec\u00eda que el estreno de \u2018Fast XI\u2019 ser\u00eda el pr\u00f3ximo a\u00f1o 2026, cuando se cumplieran 3 a\u00f1os de&hellip;\n","protected":false},"author":2,"featured_media":126679,"comment_status":"","ping_status":"","sticky":false,"template":"","format":"standard","meta":{"footnotes":""},"categories":[169],"tags":[177,146,147,25,24,176,175,23],"class_list":{"0":"post-126678","1":"post","2":"type-post","3":"status-publish","4":"format-standard","5":"has-post-thumbnail","7":"category-cine","8":"tag-cine","9":"tag-entertainment","10":"tag-entretenimiento","11":"tag-es","12":"tag-espana","13":"tag-film","14":"tag-movies","15":"tag-spain"},"share_on_mastodon":{"url":"","error":""},"_links":{"self":[{"href":"https:\/\/www.europesays.com\/es\/wp-json\/wp\/v2\/posts\/126678","targetHints":{"allow":["GET"]}}],"collection":[{"href":"https:\/\/www.europesays.com\/es\/wp-json\/wp\/v2\/posts"}],"about":[{"href":"https:\/\/www.europesays.com\/es\/wp-json\/wp\/v2\/types\/post"}],"author":[{"embeddable":true,"href":"https:\/\/www.europesays.com\/es\/wp-json\/wp\/v2\/users\/2"}],"replies":[{"embeddable":true,"href":"https:\/\/www.europesays.com\/es\/wp-json\/wp\/v2\/comments?post=126678"}],"version-history":[{"count":0,"href":"https:\/\/www.europesays.com\/es\/wp-json\/wp\/v2\/posts\/126678\/revisions"}],"wp:featuredmedia":[{"embeddable":true,"href":"https:\/\/www.europesays.com\/es\/wp-json\/wp\/v2\/media\/126679"}],"wp:attachment":[{"href":"https:\/\/www.europesays.com\/es\/wp-json\/wp\/v2\/media?parent=126678"}],"wp:term":[{"taxonomy":"category","embeddable":true,"href":"https:\/\/www.europesays.com\/es\/wp-json\/wp\/v2\/categories?post=126678"},{"taxonomy":"post_tag","embeddable":true,"href":"https:\/\/www.europesays.com\/es\/wp-json\/wp\/v2\/tags?post=126678"}],"curies":[{"name":"wp","href":"https:\/\/api.w.org\/{rel}","templated":true}]}}