{"id":126684,"date":"2025-09-20T04:47:08","date_gmt":"2025-09-20T04:47:08","guid":{"rendered":"https:\/\/www.europesays.com\/es\/126684\/"},"modified":"2025-09-20T04:47:08","modified_gmt":"2025-09-20T04:47:08","slug":"el-deber-de-cooperar-en-la-lucha-contra-la-impunidad-espana","status":"publish","type":"post","link":"https:\/\/www.europesays.com\/es\/126684\/","title":{"rendered":"El deber de cooperar en la lucha contra la impunidad | Espa\u00f1a"},"content":{"rendered":"<p class=\"\">El 29 de diciembre de 2023 <a href=\"https:\/\/elpais.com\/internacional\/2023-12-31\/sudafrica-y-el-genocidio-en-gaza.html\" target=\"_self\" rel=\"nofollow noopener\" title=\"https:\/\/elpais.com\/internacional\/2023-12-31\/sudafrica-y-el-genocidio-en-gaza.html\">Sud\u00e1frica present\u00f3 una demanda ante la Corte Internacional de Justicia<\/a>, por la que acusa a Israel de cometer actos de genocidio contra el pueblo palestino de la Franja de Gaza. En su demanda, Sud\u00e1frica consider\u00f3 que de las cinco conductas que pueden dar lugar a genocidio, Israel comete cuatro de ellas \u2014matanza de los miembros del grupo, lesi\u00f3n grave a la integridad f\u00edsica o mental de los miembros del grupo, sometimiento intencional del grupo a condiciones de existencia que hayan de acarrear su destrucci\u00f3n f\u00edsica, total o parcial y medidas destinadas a impedir los nacimientos en el seno del grupo\u2014. A ello se suma el elemento particular del genocidio: la intenci\u00f3n genocida, esto es, la intenci\u00f3n de destruir, total o parcialmente, a un grupo nacional, \u00e9tnico, racial o religioso, como tal. <\/p>\n<p class=\"\">La prueba del genocidio es muy compleja, especialmente por lo que respecta a la prueba de la intencionalidad. No obstante, en mi opini\u00f3n, y en la de otros juristas e internacionalistas, entre las que destaca el informe de la Relatora de Naciones Unidas sobre los Territorios Palestinos Ocupados, la declaraci\u00f3n de la Asociaci\u00f3n internacional de estudiosos del genocidio y el informe de la Comisi\u00f3n Internacional Independiente de Investigaci\u00f3n sobre los Territorios Palestinos Ocupados, en Gaza es posible concluir que concurre la intenci\u00f3n genocida, ya mediante pruebas directas \u2014declaraciones de miembros del Gobierno israel\u00ed\u2014 o indirectas \u2014por la dimensi\u00f3n excepcional de los actos que lleva a cabo el ej\u00e9rcito israel\u00ed en la Franja\u2014. <\/p>\n<p class=\"\">El 21 de noviembre de 2024, la Sala de Cuestiones Preliminares I de la Corte Penal Internacional emiti\u00f3 una orden de arresto contra el primer ministro de Israel, Benjamin Netanyahu y contra su exministro de Defensa, Yoav Gallant, por cr\u00edmenes de guerra y cr\u00edmenes contra la humanidad, que incluyen el uso del hambre como arma de guerra, asesinatos y otros actos inhumanos contra la poblaci\u00f3n civil. Estas \u00f3rdenes obligan a todos los Estados parte en el Estatuto de Roma, procediendo al arresto de estas personas si entran en su territorio. <\/p>\n<p class=\"\">No cabe duda de que estamos ante dos procesos hist\u00f3ricos, aunque para que sean exitosos es imprescindible contar con la cooperaci\u00f3n de los Estados. <a href=\"https:\/\/elpais.com\/espana\/2025-09-18\/el-fiscal-general-del-estado-autoriza-abrir-una-investigacion-sobre-los-crimenes-de-israel-en-gaza.html\" target=\"_self\" rel=\"nofollow noopener\" title=\"https:\/\/elpais.com\/espana\/2025-09-18\/el-fiscal-general-del-estado-autoriza-abrir-una-investigacion-sobre-los-crimenes-de-israel-en-gaza.html\">Es aqu\u00ed donde se enmarca la autorizaci\u00f3n de la Fiscal\u00eda General del Estado<\/a> de Espa\u00f1a para iniciar diligencias preprocesales que investiguen los cr\u00edmenes cometidos por Israel en Gaza, y es que, m\u00e1s all\u00e1 del impacto medi\u00e1tico, esta decisi\u00f3n plantea cuestiones esenciales para el derecho internacional, como es el alcance de las obligaciones internacionales de Espa\u00f1a y c\u00f3mo las sucesivas reformas del art\u00edculo 23.4 de la Ley Org\u00e1nica del Poder Judicial han limitado la jurisdicci\u00f3n universal de nuestro pa\u00eds de forma dr\u00e1stica. <\/p>\n<p class=\"\">Espa\u00f1a, como Estado miembro de Naciones Unidas que reconoce la competencia de la Corte Internacional de Justicia y como Estado parte en el Estatuto de Roma, tiene la obligaci\u00f3n prioritaria de cooperar con ambas jurisdicciones. En virtud de la Convenci\u00f3n para la Prevenci\u00f3n y la Sanci\u00f3n del Delito de Genocidio, Espa\u00f1a debe colaborar activamente para prevenir y sancionar el genocidio, lo que incluye asistir a la Corte Internacional de Justicia en la aplicaci\u00f3n de sus decisiones. Del mismo modo, al ser parte del Estatuto de Roma, est\u00e1 jur\u00eddicamente obligada a cooperar con la Corte Penal Internacional en la investigaci\u00f3n y persecuci\u00f3n de los cr\u00edmenes de su competencia. De estas obligaciones internacionales se deriva un deber general de cooperaci\u00f3n en la investigaci\u00f3n de violaciones graves del derecho internacional cuando existan indicios de tales cr\u00edmenes. En este contexto, la decisi\u00f3n de la Fiscal\u00eda General del Estado de abrir diligencias sobre los cr\u00edmenes cometidos en Gaza no solo es jur\u00eddicamente correcta, sino que tambi\u00e9n constituye el cumplimiento de las obligaciones internacionales de Espa\u00f1a en la lucha contra la impunidad, tanto por lo que respecta a los Estados como a los individuos.<\/p>\n<p class=\"\">Pero no podemos olvidar que, en relaci\u00f3n con la segunda de las cuestiones, Espa\u00f1a es un Estado con una s\u00f3lida trayectoria judicial en la lucha contra la impunidad. Asuntos emblem\u00e1ticos como el caso Scilingo se dirimieron en el marco que prove\u00eda la jurisdicci\u00f3n universal, regulada en el art\u00edculo 23.4 de la Ley Org\u00e1nica del Poder Judicial. Las reformas de 2009 y de 2014 han limitado de forma casi total la posibilidad de que los tribunales espa\u00f1oles conozcan de estos cr\u00edmenes. Si bien es cierto que en la agenda parlamentaria se contemplaba impulsar una reforma que permitiera volver a activar esta disposici\u00f3n, esto no ha sucedido, pero, tal vez, con la movilizaci\u00f3n de la sociedad civil espa\u00f1ola ante la tragedia del Gaza, haya llegado el momento de retomarla.<\/p>\n<p><strong>Ana Manero Salvador <\/strong>es catedr\u00e1tica de Derecho Internacional P\u00fablico y Relaciones Internacionales en la\u00a0Universidad Carlos III de Madrid.<\/p>\n","protected":false},"excerpt":{"rendered":"El 29 de diciembre de 2023 Sud\u00e1frica present\u00f3 una demanda ante la Corte Internacional de Justicia, por la&hellip;\n","protected":false},"author":2,"featured_media":126685,"comment_status":"","ping_status":"","sticky":false,"template":"","format":"standard","meta":{"footnotes":""},"categories":[42],"tags":[17,18,68,41094,5282,24,13,14,73,11,61,62,63,64,74,19,20,9,10,15,16,76,12,41095,21,22,65,66,67],"class_list":{"0":"post-126684","1":"post","2":"type-post","3":"status-publish","4":"format-standard","5":"has-post-thumbnail","7":"category-internacional","8":"tag-breaking-news","9":"tag-breakingnews","10":"tag-conflicto-arabe-israeli","11":"tag-derecho-internacional","12":"tag-derechos-humanos","13":"tag-espana","14":"tag-featured-news","15":"tag-featurednews","16":"tag-franja-gaza","17":"tag-headlines","18":"tag-internacional","19":"tag-international","20":"tag-international-news","21":"tag-internationalnews","22":"tag-israel","23":"tag-latest-news","24":"tag-latestnews","25":"tag-news","26":"tag-noticias","27":"tag-noticias-destacadas","28":"tag-noticiasdestacadas","29":"tag-palestina","30":"tag-titulares","31":"tag-tribunal-internacional-la-haya","32":"tag-ultimas-noticias","33":"tag-ultimasnoticias","34":"tag-world","35":"tag-world-news","36":"tag-worldnews"},"share_on_mastodon":{"url":"","error":""},"_links":{"self":[{"href":"https:\/\/www.europesays.com\/es\/wp-json\/wp\/v2\/posts\/126684","targetHints":{"allow":["GET"]}}],"collection":[{"href":"https:\/\/www.europesays.com\/es\/wp-json\/wp\/v2\/posts"}],"about":[{"href":"https:\/\/www.europesays.com\/es\/wp-json\/wp\/v2\/types\/post"}],"author":[{"embeddable":true,"href":"https:\/\/www.europesays.com\/es\/wp-json\/wp\/v2\/users\/2"}],"replies":[{"embeddable":true,"href":"https:\/\/www.europesays.com\/es\/wp-json\/wp\/v2\/comments?post=126684"}],"version-history":[{"count":0,"href":"https:\/\/www.europesays.com\/es\/wp-json\/wp\/v2\/posts\/126684\/revisions"}],"wp:featuredmedia":[{"embeddable":true,"href":"https:\/\/www.europesays.com\/es\/wp-json\/wp\/v2\/media\/126685"}],"wp:attachment":[{"href":"https:\/\/www.europesays.com\/es\/wp-json\/wp\/v2\/media?parent=126684"}],"wp:term":[{"taxonomy":"category","embeddable":true,"href":"https:\/\/www.europesays.com\/es\/wp-json\/wp\/v2\/categories?post=126684"},{"taxonomy":"post_tag","embeddable":true,"href":"https:\/\/www.europesays.com\/es\/wp-json\/wp\/v2\/tags?post=126684"}],"curies":[{"name":"wp","href":"https:\/\/api.w.org\/{rel}","templated":true}]}}