{"id":126686,"date":"2025-09-20T04:48:06","date_gmt":"2025-09-20T04:48:06","guid":{"rendered":"https:\/\/www.europesays.com\/es\/126686\/"},"modified":"2025-09-20T04:48:06","modified_gmt":"2025-09-20T04:48:06","slug":"mustafa-era-en-realidad-su-primo-muerto-la-familia-que-falseo-la-identidad-de-un-nino-para-sacarlo-del-infierno-de-gaza-hacia-espana-noticias-de-cataluna","status":"publish","type":"post","link":"https:\/\/www.europesays.com\/es\/126686\/","title":{"rendered":"Mustaf\u00e1 era en realidad su primo muerto: la familia que false\u00f3 la identidad de un ni\u00f1o para sacarlo del infierno de Gaza hacia Espa\u00f1a | Noticias de Catalu\u00f1a"},"content":{"rendered":"<p class=\"\">Sentada en el suelo, rodeada de ni\u00f1os y junto a su hermano, Samar ense\u00f1a la documentaci\u00f3n de su hijo, Mustaf\u00e1. Es un beb\u00e9 gazat\u00ed de 11 meses, que desde el 31 de julio est\u00e1 a salvo de la guerra en Espa\u00f1a. Samar se lo dio a su sobrino con un plan delicado: que lo hiciese pasar por el hijo de este, con una enfermedad coronaria grave, que hab\u00eda sido elegido <a href=\"https:\/\/elpais.com\/internacional\/2024-07-24\/espana-recibe-este-miercoles-a-15-ninos-palestinos-heridos-y-enfermos-de-gaza.html\" target=\"_self\" rel=\"nofollow noopener\" title=\"https:\/\/elpais.com\/internacional\/2024-07-24\/espana-recibe-este-miercoles-a-15-ninos-palestinos-heridos-y-enfermos-de-gaza.html\">para ser tratado en un hospital en Espa\u00f1a.<\/a> El beb\u00e9 muri\u00f3 en marzo, meses antes de que partiese el avi\u00f3n, pero ambas familias acordaron que usar\u00edan la documentaci\u00f3n para salvar a otro ni\u00f1o. \u201cSe lo entregu\u00e9 a mi sobrino, Abdallah, para que lo acogiera, lo criara y lo mantuviera vivo\u201d, cuenta Samar en un v\u00eddeo para descargar a su pariente de cualquier responsabilidad, y que consta en la causa judicial abierta en Espa\u00f1a por la suplantaci\u00f3n. <a href=\"https:\/\/elpais.com\/internacional\/2025-09-18\/gaza-presagia-un-recrudecimiento-de-la-ofensiva-israeli-al-perder-toda-la-conexion-de-telefono-e-internet.html\" target=\"_self\" rel=\"nofollow noopener\" title=\"https:\/\/elpais.com\/internacional\/2025-09-18\/gaza-presagia-un-recrudecimiento-de-la-ofensiva-israeli-al-perder-toda-la-conexion-de-telefono-e-internet.html\">\u201cEl asedio nos mata: mis hijos tienen hambre<\/a> [\u2026]. Nuestro destino es la muerte\u201d, lamenta la mujer, de 29 a\u00f1os, que pide que la ayuden a reunirse con su hijo. <\/p>\n<p class=\"\">Abdallah, su mujer y Mustaf\u00e1 partieron de Gaza y aterrizaron en Espa\u00f1a, a trav\u00e9s de Jordania, en la \u00faltima de las operaciones coordinadas por la OMS para evacuar de la Franja a personas por motivos sanitarios. Los ni\u00f1os viajan acompa\u00f1ados de sus familias. En Europa, Espa\u00f1a ha liderado la acogida de enfermos, principalmente ni\u00f1os, y ha participado hasta el momento en cuatro derivaciones sanitarias. En el vuelo de Mustaf\u00e1 viajaban en total 13 ni\u00f1os y ni\u00f1as, con 45 familiares: seis padec\u00edan cardiopat\u00edas cong\u00e9nitas, cinco con enfermedades oncol\u00f3gicas, y dos con cuadros de traumatolog\u00eda o cirug\u00eda pl\u00e1stica. Al d\u00eda siguiente de su llegada, la OMS comunic\u00f3 al Ministerio de Sanidad \u201csus sospechas\u201d sobre la suplantaci\u00f3n, seg\u00fan detalla un portavoz del ministerio a preguntas de EL PA\u00cdS. Mustaf\u00e1, que a finales de octubre cumplir\u00e1 un a\u00f1o, fue trasladado al <a href=\"https:\/\/elpais.com\/noticias\/hospital-general-vall-d-hebron\/\" target=\"_self\" rel=\"nofollow noopener\" title=\"https:\/\/elpais.com\/noticias\/hospital-general-vall-d-hebron\/\">hospital Vall d\u2019Hebron de Barcelona<\/a>. All\u00ed los m\u00e9dicos detectaron que sufr\u00eda problemas estomacales, pero no la enfermedad coronaria que constaba en su documentaci\u00f3n, confirman fuentes del centro m\u00e9dico. Al poco, fue dado de alta, en buen estado de salud. <\/p>\n<p class=\"\">El descubrimiento fue comunicado tambi\u00e9n al Ministerio del Interior, que gestiona la documentaci\u00f3n de los reci\u00e9n llegados como solicitantes de asilo, y oblig\u00f3 a la apertura de una causa judicial por la situaci\u00f3n irregular del menor de edad. La gesti\u00f3n de la tutela deriv\u00f3 tambi\u00e9n en la apertura de un proceso de acogida, en el que Mustaf\u00e1 pas\u00f3 unos d\u00edas bajo la guarda de la <a href=\"https:\/\/elpais.com\/espana\/catalunya\/2025-05-26\/el-govern-se-prepara-para-limitar-las-funciones-de-la-dgaia-y-transformar-el-sistema.html\" target=\"_self\" rel=\"nofollow noopener\" title=\"https:\/\/elpais.com\/espana\/catalunya\/2025-05-26\/el-govern-se-prepara-para-limitar-las-funciones-de-la-dgaia-y-transformar-el-sistema.html\">Direcci\u00f3n General de Atenci\u00f3n a la Infancia y la Adolescencia (DGAiA),<\/a> hasta que fue entregado de nuevo a sus parientes. El juzgado de instrucci\u00f3n 25 de Barcelona mantiene todav\u00eda abierta la investigaci\u00f3n, por lo que la oeneg\u00e9 Accem, que gestiona la acogida de Abdallah, su mujer y Mustaf\u00e1, a trav\u00e9s del Ministerio de Inclusi\u00f3n, Seguridad Social, y Migraciones, ha declinado hablar con este diario. Prefieren esperar al desenlace de la causa, que seg\u00fan todas las fuentes consultadas acabar\u00e1 archivada.<\/p>\n<p class=\"\">La derivaci\u00f3n de enfermos en la Franja de Gaza al extranjero es un delicado proceso, coordinado por la OMS. Empieza cuando un m\u00e9dico especialista que atiende al paciente considera que su cuadro cl\u00ednico obliga a ser tratado fuera del pa\u00eds. El enfermo rellena un formulario en el servicio de atenci\u00f3n al paciente del hospital donde se visita, y son las autoridades sanitarias quienes revisan el caso, deciden la prioridad y aprueban la evacuaci\u00f3n. La lista de las personas seleccionadas se <a href=\"https:\/\/elpais.com\/noticias\/oms-organizacion-mundial-salud\/\" target=\"_self\" rel=\"nofollow noopener\" title=\"https:\/\/elpais.com\/noticias\/oms-organizacion-mundial-salud\/\">comparte entonces con la OMS, <\/a>que comprueba que la documentaci\u00f3n m\u00e9dica est\u00e9 completa, y la env\u00eda a posibles pa\u00edses anfitriones. Cuando todo est\u00e1 listo, se env\u00eda a las autoridades israel\u00eds para la autorizaci\u00f3n de salida, y se coordina la salida con los pacientes y los pa\u00edses que los recibir\u00e1n. Desde el inicio de la guerra, la OMS ha coordinado la evacuaci\u00f3n de m\u00e1s de 7.700 personas. \u201cEste es un incidente \u00fanico y aislado que refleja las terribles condiciones en Gaza, donde padres y familias se ven obligados a tomar decisiones desgarradoras para sobrevivir\u201d, asegura una portavoz de la organizaci\u00f3n, que explica que supieron de la alteraci\u00f3n porque un familiar de Mustaf\u00e1 avis\u00f3 a las autoridades sanitarias en Gaza.<\/p>\n<p class=\"\">El Ministerio de Sanidad admite, sin embargo, que en la \u00faltima operaci\u00f3n del pasado 31 de julio ocurri\u00f3 otra irregularidad. En este caso, una familia suplant\u00f3 a su hija muerta por otro de sus hijos, que tambi\u00e9n falleci\u00f3 en marzo. De nuevo, las comprobaciones m\u00e9dicas revelaron que el menor que atendieron en un hospital de Navarra no padec\u00eda las patolog\u00edas del registrado en la operaci\u00f3n. Pero en ese caso, al viajar con sus padres, no hubo problemas con la gesti\u00f3n de la tutela. Sanidad recuerda que las comprobaciones sobre el terreno, que asegura que lleva a cabo la OMS, se hacen en \u201ccondiciones muy complejas\u201d. \u201cNo existe ning\u00fan hospital en Gaza que est\u00e9 plenamente operativo, de los 26 hospitales, solo 18 contin\u00faan parcialmente operativos\u201d, a\u00f1aden, sobre la situaci\u00f3n terriblemente precaria en la zona en guerra, donde los \u201csistemas administrativos apenas funcionan\u201d. Si el ni\u00f1o muere en el hospital, el centro registra el fallecimiento, pero si lo hace fuera, depende de la propia familia. <\/p>\n<p class=\"\">\u201cNos <a href=\"https:\/\/elpais.com\/noticias\/conflicto-arabe-israeli\/\" target=\"_self\" rel=\"nofollow noopener\" title=\"https:\/\/elpais.com\/noticias\/conflicto-arabe-israeli\/\">acostamos con hambre y nos levantamos con hambre\u201d, <\/a>describe Samar en el v\u00eddeo enviado a su sobrino Abdallah, que asegura que hace todo lo posible por sus cinco hijos. Ella y su familia se han desplazado de Bani Suhelia a Jan Yunis, donde sigue con su hermano, y explica que no sabe si su marido \u201cest\u00e1 vivo o muerto\u201d. Mientras habla, le coloca bien el chupete a su hija peque\u00f1a. \u201cTiene un a\u00f1o y 10 meses y no puedo darle comida, ni bebida, ni ropa, ni pa\u00f1ales\u201d, detalla, sobre su situaci\u00f3n. \u201cCada d\u00eda veo la muerte. Nos levantamos sin agua potable ni electricidad\u201d, explica, y lamenta que la poca comida que tienen la consigue su hermano, que va a las \u201ccocinas solidarias\u201d, pero est\u00e1 \u201cen mal estado\u201d. Y acaba con una petici\u00f3n de auxilio: \u201cRuego a las organizaciones en Espa\u00f1a que nos re\u00fanan con nuestro hijo y nos salven de esta situaci\u00f3n\u201d. <\/p>\n","protected":false},"excerpt":{"rendered":"Sentada en el suelo, rodeada de ni\u00f1os y junto a su hermano, Samar ense\u00f1a la documentaci\u00f3n de su&hellip;\n","protected":false},"author":2,"featured_media":126687,"comment_status":"","ping_status":"","sticky":false,"template":"","format":"standard","meta":{"footnotes":""},"categories":[8],"tags":[17,18,1980,68,71,25,24,13,14,69,11,19,20,8509,9,10,15,16,3572,1811,23,12,21,22],"class_list":{"0":"post-126686","1":"post","2":"type-post","3":"status-publish","4":"format-standard","5":"has-post-thumbnail","7":"category-espana","8":"tag-breaking-news","9":"tag-breakingnews","10":"tag-cataluna","11":"tag-conflicto-arabe-israeli","12":"tag-conflictos-armados","13":"tag-es","14":"tag-espana","15":"tag-featured-news","16":"tag-featurednews","17":"tag-guerra","18":"tag-headlines","19":"tag-latest-news","20":"tag-latestnews","21":"tag-ministerio-de-sanidad","22":"tag-news","23":"tag-noticias","24":"tag-noticias-destacadas","25":"tag-noticiasdestacadas","26":"tag-oms","27":"tag-sanidad","28":"tag-spain","29":"tag-titulares","30":"tag-ultimas-noticias","31":"tag-ultimasnoticias"},"share_on_mastodon":{"url":"","error":""},"_links":{"self":[{"href":"https:\/\/www.europesays.com\/es\/wp-json\/wp\/v2\/posts\/126686","targetHints":{"allow":["GET"]}}],"collection":[{"href":"https:\/\/www.europesays.com\/es\/wp-json\/wp\/v2\/posts"}],"about":[{"href":"https:\/\/www.europesays.com\/es\/wp-json\/wp\/v2\/types\/post"}],"author":[{"embeddable":true,"href":"https:\/\/www.europesays.com\/es\/wp-json\/wp\/v2\/users\/2"}],"replies":[{"embeddable":true,"href":"https:\/\/www.europesays.com\/es\/wp-json\/wp\/v2\/comments?post=126686"}],"version-history":[{"count":0,"href":"https:\/\/www.europesays.com\/es\/wp-json\/wp\/v2\/posts\/126686\/revisions"}],"wp:featuredmedia":[{"embeddable":true,"href":"https:\/\/www.europesays.com\/es\/wp-json\/wp\/v2\/media\/126687"}],"wp:attachment":[{"href":"https:\/\/www.europesays.com\/es\/wp-json\/wp\/v2\/media?parent=126686"}],"wp:term":[{"taxonomy":"category","embeddable":true,"href":"https:\/\/www.europesays.com\/es\/wp-json\/wp\/v2\/categories?post=126686"},{"taxonomy":"post_tag","embeddable":true,"href":"https:\/\/www.europesays.com\/es\/wp-json\/wp\/v2\/tags?post=126686"}],"curies":[{"name":"wp","href":"https:\/\/api.w.org\/{rel}","templated":true}]}}