{"id":126690,"date":"2025-09-20T04:50:19","date_gmt":"2025-09-20T04:50:19","guid":{"rendered":"https:\/\/www.europesays.com\/es\/126690\/"},"modified":"2025-09-20T04:50:19","modified_gmt":"2025-09-20T04:50:19","slug":"ciudad-real-el-regreso-de-la-localidad-que-levanto-un-imperio-en-el-balonmano-deportes","status":"publish","type":"post","link":"https:\/\/www.europesays.com\/es\/126690\/","title":{"rendered":"Ciudad Real, el regreso de la localidad que levant\u00f3 un imperio en el balonmano | Deportes"},"content":{"rendered":"<p class=\"\">Donde hubo fuego, siempre quedar\u00e1n brasas para reavivar la llama. Que se lo pregunten a Ciudad Real y el balonmano. La poblaci\u00f3n que asisti\u00f3 a la construcci\u00f3n de un imperio en este deporte, que vio una colecci\u00f3n deslumbrante de estrellas y que, casi de un d\u00eda para otro, <a href=\"https:\/\/elpais.com\/elpais\/2013\/12\/31\/masterdeperiodismo\/1386273239_386789.html\" rel=\"nofollow noopener\" target=\"_blank\">se qued\u00f3 sin nada<\/a> en 2011 por el crac inmobiliario, ha regresado a la Asobal. Una reconstrucci\u00f3n hecha a mano y, como dice el t\u00f3pico, surgida del pueblo. Este s\u00e1bado (20.30), contra el Cuenca, el Quijote Arena vuelve a vivir un partido de la \u00e9lite espa\u00f1ola. <\/p>\n<p class=\"\">Hace 14 a\u00f1os, en una manifestaci\u00f3n de protesta despu\u00e9s de que el Balonmano Ciudad Real, que acababa de ganar <a href=\"https:\/\/elpais.com\/diario\/2009\/06\/01\/deportes\/1243807234_850215.html\" rel=\"nofollow noopener\" target=\"_blank\">tres Champions<\/a>, anunciara su <a href=\"https:\/\/elpais.com\/diario\/2011\/07\/04\/deportes\/1309730416_850215.html\" rel=\"nofollow noopener\" target=\"_blank\">mudanza a Madrid<\/a> bajo el nombre de Atl\u00e9tico de Madrid con una plantilla muy similar, varias pe\u00f1as del club decidieron que algo hab\u00eda que hacer y que, si las estrellas se marchaban a la capital por imperativo econ\u00f3mico del proyecto, ellos no se pod\u00edan quedar sin balonmano en la localidad. As\u00ed que crearon un equipo desde cero y le pusieron el nombre de Caser\u00edo Ciudad Real, como homenaje a la entidad original que hab\u00eda dado lugar al exitoso conjunto que levant\u00f3 hasta 27 t\u00edtulos en solo una d\u00e9cada con aquel desfile apabullante de figuras: <a href=\"https:\/\/elpais.com\/deportes\/juegos-olimpicos\/2021-07-20\/talant-dujshebaev-ser-un-depredador-es-lo-fantastico-del-deporte.html\" rel=\"nofollow noopener\" target=\"_blank\">Talant Dujshebaev<\/a>, <a href=\"https:\/\/elpais.com\/deportes\/2020\/01\/12\/actualidad\/1578849527_339956.html\" rel=\"nofollow noopener\" target=\"_blank\">Juan de Dios Rom\u00e1n<\/a>, <a href=\"https:\/\/elpais.com\/deportes\/2022-09-21\/el-sorprendente-regreso-con-51-anos-de-la-leyenda-del-balonmano-rolando-urios-podria-ser-el-padre-de-todos.html\" rel=\"nofollow noopener\" target=\"_blank\">Rolando Ur\u00edos<\/a>, Didier Dinart, Viran Morros, <a href=\"https:\/\/elpais.com\/deportes\/2021-06-20\/hombrados-en-mi-ultima-etapa-he-sido-un-vinagres.html\" rel=\"nofollow noopener\" target=\"_blank\">Jota Hombrados<\/a>, <a href=\"https:\/\/elpais.com\/deportes\/2020-04-12\/sterbik-los-rivales-me-temian-mas-que-yo-a-ellos.html\" rel=\"nofollow noopener\" target=\"_blank\">Sterbik<\/a>, <a href=\"https:\/\/elpais.com\/deportes\/2015\/10\/05\/actualidad\/1444069093_917967.html\" rel=\"nofollow noopener\" target=\"_blank\">Rutenka<\/a>, Dzomba, Olafur Stefansson\u2026 <\/p>\n<p class=\"\">\u201cPero claro, ese nuevo equipo no ten\u00eda jugadores\u201d, advierte Juli\u00e1n Amores, el actual presidente. \u201cEntonces, se les ocurri\u00f3 unirse al Miguelturra, muy cerca de all\u00ed, que se hab\u00eda creado unos a\u00f1os antes con gente de Ciudad Real; y al Colegio Marianistas, para la cantera. Y as\u00ed empez\u00f3 todo para el Caser\u00edo, desde la segunda divisi\u00f3n territorial de Castilla-La Mancha\u201d, explica el dirigente.<\/p>\n<p class=\"\">El caso es que entre despedidas traum\u00e1ticas y nuevos conjuntos, el panorama del balonmano en la localidad al inicio de esa d\u00e9cada tan convulsa fue, cuando menos, curioso. Por un lado, hab\u00eda nacido el Caser\u00edo por acci\u00f3n popular. Pero, en paralelo, durante la temporada 2011-12, la primera tras la conversi\u00f3n del Balonmano Ciudad Real en Atl\u00e9tico de Madrid, esa plantilla de estrellas y el cuerpo t\u00e9cnico segu\u00edan entrenando y viviendo en la localidad manchega, y solo sal\u00edan de all\u00ed para competir, a Madrid como locales o donde les tocara como visitantes. Una circunstancia que tambi\u00e9n result\u00f3 dif\u00edcil de asimilar para los propios jugadores, que sufr\u00edan una especie de desarraigo.<\/p>\n<p>Once fichajes <\/p>\n<p class=\"\">Y en 2013 surgi\u00f3 una tercera pata en la ciudad con un nuevo equipo, el Alarcos. La resurrecci\u00f3n de la hist\u00f3rica marca del Atl\u00e9tico solo dur\u00f3 dos cursos, hasta 2013 (fue el \u00faltimo conjunto que le arrebat\u00f3 un t\u00edtulo nacional al Barcelona), y la desaparici\u00f3n definitiva de todo el proyecto (el original y la continuaci\u00f3n rojiblanca) oblig\u00f3 a cerrar la cantera, que nunca se hab\u00eda movido de La Mancha. As\u00ed que algunos padres, cuando se quedaron sin academia para sus hijos, se lanzaron a crear su propio club, el segundo surgido de las brasas del extinto imperio de Ciudad Real. <\/p>\n<p class=\"\">Dos entidades nuevas, Caser\u00edo y Alarcos, en una localidad de unos 80.000 habitantes que aspiraron a recoger y reaprovechar todo lo que se hab\u00eda perdido por el camino. Una competencia de la que ha salido ganando el Caser\u00edo, que empez\u00f3 por detr\u00e1s y que en 2015 estuvo al borde la desaparici\u00f3n \u2013\u201cnos aplazaron la primera jornada porque no hab\u00edamos pagado ni las fichas\u201d, admite Amores-, pero que ha llegado el primero a la meta.<\/p>\n<p><img decoding=\"auto\" class=\"_re lazyload a_m-h\" height=\"276\"  width=\"414\"  src=\"https:\/\/www.europesays.com\/es\/wp-content\/uploads\/2025\/09\/4YILUSL5OFA4FNO6KMTSZMCUTM.JPG\" loading=\"lazy\"\/>El entrenador del Balonmano Caser\u00edo Ciudad Real, en un tiempo muerto.JOS\u00c9 LUIS MORA<\/p>\n<p class=\"\">A diferencia de otras ciudades que tambi\u00e9n vieron diluirse sus equipos de \u00e9lite por la gran crisis inmobiliaria, el tejido de aficionados al balonmano se ha mantenido vivo en Ciudad Real. \u201cAhora tenemos unos 2.200 socios. El a\u00f1o pasado est\u00e1bamos en 700, pero en un partido normal met\u00edamos unos 2.000 espectadores en el Quijote Arena. En la fase de ascenso, m\u00e1s de 4.000\u201d, asegura su presidente. Unas cifras que lo sit\u00faan muy por encima de casi todos los equipos de la Asobal y que le conceden una potencia de tiro nada despreciable para un reci\u00e9n ascendido. <\/p>\n<p class=\"\">Su presupuesto, seg\u00fan Juli\u00e1n Amores, ronda el mill\u00f3n de euros y este verano, pese a perder a la gran promesa Marcos Fis (al Granollers), han firmado 11 fichajes. Los dirigir\u00e1 Santi Urdiales, que lleva en el cargo desde 2015, cuando el equipo disputaba la Primera Nacional (tercera categor\u00eda) y que form\u00f3 parte como jugador de aquel Balonmano Ciudad Real de principios de siglo que inici\u00f3 su gran explosi\u00f3n tras la llegada de <a href=\"https:\/\/elpais.com\/deportes\/2023-01-11\/charla-con-talant-alex-y-dani-dujshebaev-mis-hijos-no-mataran-a-nadie-en-la-pista-yo-lo-necesite.html\" rel=\"nofollow noopener\" target=\"_blank\">Talant Dujshebaev<\/a>. Un <a href=\"https:\/\/elpais.com\/diario\/2008\/05\/12\/deportes\/1210543232_850215.html\" rel=\"nofollow noopener\" target=\"_blank\">pasado de gloria<\/a> que represent\u00f3 la edad de dorada (y perdida) de la Liga y que ser\u00e1 casi imposible de repetir, pero que, al menos, no muri\u00f3 de todo. <\/p>\n","protected":false},"excerpt":{"rendered":"Donde hubo fuego, siempre quedar\u00e1n brasas para reavivar la llama. Que se lo pregunten a Ciudad Real y&hellip;\n","protected":false},"author":2,"featured_media":126691,"comment_status":"","ping_status":"","sticky":false,"template":"","format":"standard","meta":{"footnotes":""},"categories":[278],"tags":[41104,41098,376,41096,1940,168,25,24,375,41105,41099,41100,41101,1675,41106,41102,23,167,41097,41103],"class_list":{"0":"post-126690","1":"post","2":"type-post","3":"status-publish","4":"format-standard","5":"has-post-thumbnail","7":"category-balonmano","8":"tag-alberto-entrerrios","9":"tag-arpad-sterbik","10":"tag-balonmano","11":"tag-bm-ciudad-real","12":"tag-ciudad-real","13":"tag-deportes","14":"tag-es","15":"tag-espana","16":"tag-handball","17":"tag-joan-canellas","18":"tag-jose-javier-hombrados","19":"tag-jota-hombrados","20":"tag-juan-de-dios-roman","21":"tag-liga-asobal","22":"tag-olafur-stefansson","23":"tag-rolando-urios","24":"tag-spain","25":"tag-sports","26":"tag-talant-duishebaiev","27":"tag-viran-morros"},"share_on_mastodon":{"url":"","error":""},"_links":{"self":[{"href":"https:\/\/www.europesays.com\/es\/wp-json\/wp\/v2\/posts\/126690","targetHints":{"allow":["GET"]}}],"collection":[{"href":"https:\/\/www.europesays.com\/es\/wp-json\/wp\/v2\/posts"}],"about":[{"href":"https:\/\/www.europesays.com\/es\/wp-json\/wp\/v2\/types\/post"}],"author":[{"embeddable":true,"href":"https:\/\/www.europesays.com\/es\/wp-json\/wp\/v2\/users\/2"}],"replies":[{"embeddable":true,"href":"https:\/\/www.europesays.com\/es\/wp-json\/wp\/v2\/comments?post=126690"}],"version-history":[{"count":0,"href":"https:\/\/www.europesays.com\/es\/wp-json\/wp\/v2\/posts\/126690\/revisions"}],"wp:featuredmedia":[{"embeddable":true,"href":"https:\/\/www.europesays.com\/es\/wp-json\/wp\/v2\/media\/126691"}],"wp:attachment":[{"href":"https:\/\/www.europesays.com\/es\/wp-json\/wp\/v2\/media?parent=126690"}],"wp:term":[{"taxonomy":"category","embeddable":true,"href":"https:\/\/www.europesays.com\/es\/wp-json\/wp\/v2\/categories?post=126690"},{"taxonomy":"post_tag","embeddable":true,"href":"https:\/\/www.europesays.com\/es\/wp-json\/wp\/v2\/tags?post=126690"}],"curies":[{"name":"wp","href":"https:\/\/api.w.org\/{rel}","templated":true}]}}