{"id":126692,"date":"2025-09-20T04:51:11","date_gmt":"2025-09-20T04:51:11","guid":{"rendered":"https:\/\/www.europesays.com\/es\/126692\/"},"modified":"2025-09-20T04:51:11","modified_gmt":"2025-09-20T04:51:11","slug":"aaron-palacio-cierra-la-temporada-mas-importante-de-su-vida","status":"publish","type":"post","link":"https:\/\/www.europesays.com\/es\/126692\/","title":{"rendered":"Aar\u00f3n Palacio cierra la temporada m\u00e1s importante de su vida"},"content":{"rendered":"<p data-start=\"127\" data-end=\"754\">El diestro de <strong data-start=\"141\" data-end=\"150\">Biota<\/strong> ya se encamina a hacer historia en el <strong data-start=\"189\" data-end=\"199\">albero<\/strong>. <strong data-start=\"201\" data-end=\"218\">Aar\u00f3n Palacio<\/strong> ha recorrido una temporada llena de \u00e9xitos este a\u00f1o y muy pocas tempestades. A sus <strong data-start=\"302\" data-end=\"313\">20 a\u00f1os<\/strong>, se prepara para uno de los momentos m\u00e1s importantes en la carrera de un matador: <strong data-start=\"396\" data-end=\"420\">tomar la alternativa<\/strong>.<\/p>\n<p data-start=\"127\" data-end=\"754\">Lo har\u00e1 en una de las plazas con m\u00e1s belleza e historia del panorama como es <strong data-start=\"499\" data-end=\"528\">Nimes el 20 de septiembre<\/strong> con <strong data-start=\"533\" data-end=\"558\">Andr\u00e9s Roca Rey<\/strong> como padrino y <strong data-start=\"574\" data-end=\"593\">Pablo Aguado (en sustituci\u00f3n de Jos\u00e9 Mar\u00eda Manzanares que iba a abrir el cartel)<\/strong>\u00a0como testigo.<a href=\"https:\/\/www.hoyaragon.es\/articulo\/noticias-aragon\/aaron-palacio-enfrenta-temporada-mas-importante-vida\/20250415142434093732.html\" rel=\"nofollow noopener\" target=\"_blank\"> Matar\u00e1 toros de la ganader\u00eda extreme\u00f1a de <strong data-start=\"650\" data-end=\"662\">Jandilla<\/strong><\/a>, pero detr\u00e1s de ese d\u00eda hay un proceso de <strong data-start=\"705\" data-end=\"751\">constancia, esfuerzo y una pizca de suerte<\/strong>.<\/p>\n<p data-start=\"756\" data-end=\"834\"><br data-start=\"955\" data-end=\"958\"\/><br \/>\nMuchos toreros a lo largo de la historia se han doctorado de esta profesi\u00f3n en la <strong data-start=\"1040\" data-end=\"1058\">Arena de Nimes<\/strong>. En este anfiteatro romano tom\u00f3 la alternativa <strong data-start=\"1106\" data-end=\"1167\">Andr\u00e9s Roca Rey, Rom\u00e1n, Lea Vicens, Jesul\u00edn de Ubrique&#8230;<\/strong><\/p>\n<p data-start=\"1171\" data-end=\"1791\">Pese a que Palacio sali\u00f3 de una <strong data-start=\"1203\" data-end=\"1242\">familia poco aficionada a los toros<\/strong>, \u00e9l tuvo claro desde el primer momento que no solo quer\u00eda ser matador, sino que <strong data-start=\"1323\" data-end=\"1344\">quer\u00eda ser figura<\/strong>.<\/p>\n<p data-start=\"1171\" data-end=\"1791\">Este mundo da muchas vueltas y una fea cogida, una mala temporada o simplemente el desinter\u00e9s puede hacer que pases de la retina de los aficionados al <strong data-start=\"1497\" data-end=\"1518\">permanente olvido<\/strong>. Hay una frase bien grande en la <strong data-start=\"1552\" data-end=\"1581\">Escuela Taurina de Madrid<\/strong> que describe muy bien esta profesi\u00f3n: <a href=\"https:\/\/www.hoyaragon.es\/articulo\/noticias-aragon\/aaron-palacio-tomara-altenativa-nimes-manzanares-como-padrino\/20250717122913103245.html\" rel=\"nofollow noopener\" target=\"_blank\">\u00abLlegar a ser figura en el toreo es casi un milagro\u00bb<\/a>. Una frase que los aspirantes a toreros ven cada d\u00eda para que tengan en cuenta la <strong data-start=\"1757\" data-end=\"1775\">cruel realidad<\/strong> de todo esto.<\/p>\n<p data-start=\"1793\" data-end=\"2254\">A pesar de ello, Palacio, por m\u00e9ritos propios, ha conseguido que su <strong data-start=\"1861\" data-end=\"1871\">estilo<\/strong> est\u00e9 presente en la retina de los aficionados con una temporada marcada por <strong data-start=\"1948\" data-end=\"1960\">triunfos<\/strong> como en el de <strong data-start=\"1975\" data-end=\"1985\">Madrid<\/strong>. El toreo, como en la vida, lo m\u00e1s dif\u00edcil no es llegar, sino <strong data-start=\"2048\" data-end=\"2062\">mantenerse<\/strong>. Pese a que la competencia cada vez est\u00e9 m\u00e1s diluida, ya hay novilleros o semitoreros que apuntan a estar en los carteles en los pr\u00f3ximos siglos. Algunos de ellos sin haber demostrado nada.<\/p>\n<p data-start=\"2256\" data-end=\"2713\">Por ello, y pese a que <strong data-start=\"2279\" data-end=\"2303\">tomar la alternativa<\/strong> es un momento crucial en la vida de un torero porque sirve de colador para muchos matadores y muchos se retiran de la carrera por la falta de oportunidades. De momento, el a\u00fan novillero tiene dos fechas cerradas como torero tras la alternativa: el <strong data-start=\"2552\" data-end=\"2580\">9 de octubre en Zaragoza<\/strong> en un mano a mano con <strong data-start=\"2603\" data-end=\"2625\">Sebasti\u00e1n Castella<\/strong> y el <strong data-start=\"2631\" data-end=\"2662\">21 de septiembre en Logro\u00f1o<\/strong> junto a <strong data-start=\"2671\" data-end=\"2690\">Diego San Rom\u00e1n<\/strong> y <strong data-start=\"2693\" data-end=\"2710\">Fabio Jim\u00e9nez<\/strong>.<\/p>\n<p data-start=\"2715\" data-end=\"2962\">Palacio, junto con <strong data-start=\"2734\" data-end=\"2745\">El Mene<\/strong>, son ese <strong data-start=\"2755\" data-end=\"2804\">rayo de esperanza en la tauromaquia aragonesa<\/strong> que tantos a\u00f1os hu\u00e9rfana ha estado. Dos diestros que actualmente est\u00e1n en las <strong data-start=\"2883\" data-end=\"2905\">ferias importantes<\/strong> y recuerdan que <strong data-start=\"2922\" data-end=\"2959\">Zaragoza sigue estando en el mapa<\/strong>.<\/p>\n<p data-start=\"2715\" data-end=\"2962\">Desde el tendido, lo que se le achaca a este joven novillero es la falta de variedad de encastes. Algo que no es nuevo entre los que destacan en el escalaf\u00f3n. Principalmente mata animales de procedencia Domecq: nobles, poco exigentes y preparados para lucirse en la muleta.\u00a0<\/p>\n<p data-start=\"2964\" data-end=\"3384\">Criado en la <strong data-start=\"2977\" data-end=\"3009\">Escuela Taurina Mar de Nubes<\/strong>, el a\u00f1o del de Biota ha sido <strong data-start=\"3039\" data-end=\"3058\">casi espl\u00e9ndido<\/strong>. <strong data-start=\"3060\" data-end=\"3117\">Dos orejas en Sevilla, una en Pamplona y la de Madrid<\/strong>. <strong data-start=\"3119\" data-end=\"3131\">Zaragoza<\/strong> tambi\u00e9n fue part\u00edcipe de la inspiraci\u00f3n de Palacio al cortar <strong data-start=\"3193\" data-end=\"3227\">tres orejas en La Misericordia<\/strong>. Por el momento no ha dado ning\u00fan <strong data-start=\"3262\" data-end=\"3282\">golpe en la mesa<\/strong> en el tablero taurino con una faena memorable, pero su <strong data-start=\"3338\" data-end=\"3364\">tel\u00e9fono sigue sonando<\/strong>. <strong data-start=\"3366\" data-end=\"3382\">Buena se\u00f1al.<\/strong><\/p>\n<p data-start=\"3386\" data-end=\"3808\">Con <strong data-start=\"3390\" data-end=\"3414\">Morante de la Puebla<\/strong> como \u00eddolo, es consciente de la <strong data-start=\"3447\" data-end=\"3476\">dificultad de este oficio<\/strong>, pero tiene dos elementos claves que le pueden hacer sobresalir entre sus compa\u00f1eros: <strong data-start=\"3563\" data-end=\"3603\">la cabeza y el don de la oportunidad<\/strong>. Lo primero no es una cosa menor a tener en cuenta, dado que muchos se dejan guiar por el <strong data-start=\"3694\" data-end=\"3728\">devenir comercial de la fiesta<\/strong>, antes que por su <strong data-start=\"3747\" data-end=\"3761\">buen hacer<\/strong>. Un devenir que solo transmite <strong data-start=\"3793\" data-end=\"3805\">tragedia<\/strong>.<\/p>\n<p>De este modo, cierra la temporada m\u00e1s importante de su vida y, bajo la atenta mirada de los despachos latinoamericanos, el 26 lo comenzar\u00e1 como matador de toros. Tiene competencia, pero \u00e9l deber\u00e1 elegir si la direcci\u00f3n de su carrera sigue caminando por la v\u00eda de la sinceridad o el adaptarse a los nuevos tiempos.<\/p>\n","protected":false},"excerpt":{"rendered":"El diestro de Biota ya se encamina a hacer historia en el albero. Aar\u00f3n Palacio ha recorrido una&hellip;\n","protected":false},"author":2,"featured_media":126693,"comment_status":"","ping_status":"","sticky":false,"template":"","format":"standard","meta":{"footnotes":""},"categories":[277],"tags":[19176,4499,41107,373,168,25,24,317,23,167,374,444],"class_list":{"0":"post-126692","1":"post","2":"type-post","3":"status-publish","4":"format-standard","5":"has-post-thumbnail","7":"category-toreo","8":"tag-aaron-palacio","9":"tag-aragon","10":"tag-biota","11":"tag-bullfighting","12":"tag-deportes","13":"tag-es","14":"tag-espana","15":"tag-francia","16":"tag-spain","17":"tag-sports","18":"tag-toreo","19":"tag-toros"},"share_on_mastodon":{"url":"","error":""},"_links":{"self":[{"href":"https:\/\/www.europesays.com\/es\/wp-json\/wp\/v2\/posts\/126692","targetHints":{"allow":["GET"]}}],"collection":[{"href":"https:\/\/www.europesays.com\/es\/wp-json\/wp\/v2\/posts"}],"about":[{"href":"https:\/\/www.europesays.com\/es\/wp-json\/wp\/v2\/types\/post"}],"author":[{"embeddable":true,"href":"https:\/\/www.europesays.com\/es\/wp-json\/wp\/v2\/users\/2"}],"replies":[{"embeddable":true,"href":"https:\/\/www.europesays.com\/es\/wp-json\/wp\/v2\/comments?post=126692"}],"version-history":[{"count":0,"href":"https:\/\/www.europesays.com\/es\/wp-json\/wp\/v2\/posts\/126692\/revisions"}],"wp:featuredmedia":[{"embeddable":true,"href":"https:\/\/www.europesays.com\/es\/wp-json\/wp\/v2\/media\/126693"}],"wp:attachment":[{"href":"https:\/\/www.europesays.com\/es\/wp-json\/wp\/v2\/media?parent=126692"}],"wp:term":[{"taxonomy":"category","embeddable":true,"href":"https:\/\/www.europesays.com\/es\/wp-json\/wp\/v2\/categories?post=126692"},{"taxonomy":"post_tag","embeddable":true,"href":"https:\/\/www.europesays.com\/es\/wp-json\/wp\/v2\/tags?post=126692"}],"curies":[{"name":"wp","href":"https:\/\/api.w.org\/{rel}","templated":true}]}}