{"id":126696,"date":"2025-09-20T04:55:04","date_gmt":"2025-09-20T04:55:04","guid":{"rendered":"https:\/\/www.europesays.com\/es\/126696\/"},"modified":"2025-09-20T04:55:04","modified_gmt":"2025-09-20T04:55:04","slug":"koretzky-estrena-el-arcoiris-ganando-el-short-track-de-lenzerheide","status":"publish","type":"post","link":"https:\/\/www.europesays.com\/es\/126696\/","title":{"rendered":"Koretzky estrena el arco\u00edris ganando el Short Track de Lenzerheide"},"content":{"rendered":"<p>El franc\u00e9s\u00a0Victor Koretzky llegaba al Short Track de Lenzerheide como m\u00e1ximo favorito y no fall\u00f3. Un solo ataque en la \u00faltima vuelta le vali\u00f3 para hacerse con su primera victoria en la Copa del Mundo del a\u00f1o.<\/p>\n<p>La carrera masculina de Short Track en Lenzerheide arranc\u00f3 marcada por dos ausencias notables, Martin Vidaurre, baja de \u00faltima hora por enfermedad, y Filippo Colombo, que no pudo tomar la salida tras una dura ca\u00edda en los entrenamientos.<\/p>\n<p>La salida fue explosiva y ca\u00f3tica, con Mathis Azzaro (Origine Racing Division) perdiendo el pie del pedal y obligando a varios rivales a esquivarle. El incidente qued\u00f3 en an\u00e9cdota, y pronto el grupo se estir\u00f3 con Luca Martin (Cannondale Factory Racing) marcando el primer ritmo serio.<\/p>\n<p>La prueba, programada a 11 vueltas, form\u00f3 r\u00e1pidamente un grupo delantero con Luca Schwarzbauer (Canyon CLLCTV XCO), Martin, Adrien Boichis, Victor Koretzky y Christopher Blevins (los tres de Specialized Factory Racing), junto a Luca Braidot (Wilier-Vittoria). Desde atr\u00e1s, Simon Andreassen (Orbea Fox Factory Team) reduc\u00eda diferencias hasta conectar con ellos.<\/p>\n<p>En la primera mitad, Schwarzbauer se mostr\u00f3 muy activo, llevando el peso de la carrera a un ritmo alt\u00edsimo pero sin que se produjeran ataques decisivos. El \u00fanico sobresalto fue un peque\u00f1o error de Blevins, que tuvo que poner pie a tierra y desde entonces comenz\u00f3 a calcular sus posibilidades para hacerse con la victoria de la clasificaci\u00f3n general de la Copa del Mundo XCC.<\/p>\n<p>Con todo por decidir, el primer gran movimiento lleg\u00f3 en la pen\u00faltima vuelta cuando Luca Martin lanz\u00f3 un fuerte ataque, pero Victor Koretzky, reciente campe\u00f3n del mundo de XCO, respondi\u00f3 de inmediato. Ambos se jugaron las opciones hasta que en la \u00faltima vuelta Koretzky cambi\u00f3 de ritmo de forma definitiva. Nadie pudo seguirle, salvo Boichis que ven\u00eda de ganar el Mundial Sub-23 y estaba haciendo una brillante carrera. Finalmnete Koretzky cruz\u00f3 la meta en solitario para sumar su primera victoria de la temporada en la Copa del Mundo.<\/p>\n<p><img border=\"0\" width=\"1080\" height=\"810\" class=\" lazyload\"  data- alt=\"Koretzky estrena el arco\u00edris ganando el Short Track de Lenzerheide\"\/><\/p>\n<p>El podio lo completaron su compa\u00f1ero Adrien Boichis, segundo, y un combativo Simon Andreassen, tercero tras remontar desde atr\u00e1s.<\/p>\n<p>Jofre Cullel, el \u00fanico espa\u00f1ol en carrera, llegaba en la posici\u00f3n 23 lo que le permitir\u00e1 salir desde la tercera fila el domingo.<\/p>\n<p>Top 10 Short Track masculino \u2013 Lenzerheide<\/p>\n<ol>&#13;<\/p>\n<li>Victor Koretzky (Specialized Factory Racing) \u2013 21:28<\/li>\n<p>&#13;<\/p>\n<li>Adrien Boichis (Specialized Factory Racing) \u2013 21:29 (+1s)<\/li>\n<p>&#13;<\/p>\n<li>Simon Andreassen (Orbea Fox Factory Team) \u2013 21:33 (+5s)<\/li>\n<p>&#13;<\/p>\n<li>Luca Martin (Cannondale Factory Racing) \u2013 21:34 (+6s)<\/li>\n<p>&#13;<\/p>\n<li>Luca Schwarzbauer (Canyon CLLCTV XCO) \u2013 21:37 (+9s)<\/li>\n<p>&#13;<\/p>\n<li>Cole Punchard (Cannondale Factory Racing) \u2013 21:40 (+12s)<\/li>\n<p>&#13;<\/p>\n<li>Mathis Azzaro (Origine Racing Division) \u2013 21:40 (+12s)<\/li>\n<p>&#13;<\/p>\n<li>Maximilian Brandl (Lapierre Racing Unity) \u2013 21:41 (+13s)<\/li>\n<p>&#13;<\/p>\n<li>Luca Sch\u00e4tti (BIXS Performance Race Team) \u2013 21:44 (+16s)<\/li>\n<p>&#13;<\/p>\n<li>Luca Braidot (Wilier-Vittoria Factory Team) \u2013 21:44 (+16s)<\/li>\n<p>&#13;\n<\/ol>\n","protected":false},"excerpt":{"rendered":"El franc\u00e9s\u00a0Victor Koretzky llegaba al Short Track de Lenzerheide como m\u00e1ximo favorito y no fall\u00f3. Un solo ataque&hellip;\n","protected":false},"author":2,"featured_media":126697,"comment_status":"","ping_status":"","sticky":false,"template":"","format":"standard","meta":{"footnotes":""},"categories":[273],"tags":[313,312,168,25,24,23,167],"class_list":{"0":"post-126696","1":"post","2":"type-post","3":"status-publish","4":"format-standard","5":"has-post-thumbnail","7":"category-ciclismo","8":"tag-ciclismo","9":"tag-cycling","10":"tag-deportes","11":"tag-es","12":"tag-espana","13":"tag-spain","14":"tag-sports"},"share_on_mastodon":{"url":"","error":""},"_links":{"self":[{"href":"https:\/\/www.europesays.com\/es\/wp-json\/wp\/v2\/posts\/126696","targetHints":{"allow":["GET"]}}],"collection":[{"href":"https:\/\/www.europesays.com\/es\/wp-json\/wp\/v2\/posts"}],"about":[{"href":"https:\/\/www.europesays.com\/es\/wp-json\/wp\/v2\/types\/post"}],"author":[{"embeddable":true,"href":"https:\/\/www.europesays.com\/es\/wp-json\/wp\/v2\/users\/2"}],"replies":[{"embeddable":true,"href":"https:\/\/www.europesays.com\/es\/wp-json\/wp\/v2\/comments?post=126696"}],"version-history":[{"count":0,"href":"https:\/\/www.europesays.com\/es\/wp-json\/wp\/v2\/posts\/126696\/revisions"}],"wp:featuredmedia":[{"embeddable":true,"href":"https:\/\/www.europesays.com\/es\/wp-json\/wp\/v2\/media\/126697"}],"wp:attachment":[{"href":"https:\/\/www.europesays.com\/es\/wp-json\/wp\/v2\/media?parent=126696"}],"wp:term":[{"taxonomy":"category","embeddable":true,"href":"https:\/\/www.europesays.com\/es\/wp-json\/wp\/v2\/categories?post=126696"},{"taxonomy":"post_tag","embeddable":true,"href":"https:\/\/www.europesays.com\/es\/wp-json\/wp\/v2\/tags?post=126696"}],"curies":[{"name":"wp","href":"https:\/\/api.w.org\/{rel}","templated":true}]}}