{"id":126698,"date":"2025-09-20T04:56:08","date_gmt":"2025-09-20T04:56:08","guid":{"rendered":"https:\/\/www.europesays.com\/es\/126698\/"},"modified":"2025-09-20T04:56:08","modified_gmt":"2025-09-20T04:56:08","slug":"esteban-ocon-a-veces-se-excede-en-haas-en-su-busqueda-de-la-perfeccion","status":"publish","type":"post","link":"https:\/\/www.europesays.com\/es\/126698\/","title":{"rendered":"Esteban Ocon a veces se excede en Haas en su b\u00fasqueda de la perfecci\u00f3n"},"content":{"rendered":"<p class=\"gt-block\">Llegado a <a href=\"https:\/\/es.autohebdo.fr\/noticias\/estable\/haas\" data-internallinksmanager029f6b8e52c=\"82\" title=\"Equipo Haas F1\" rel=\"nofollow noopener\" target=\"_blank\">Haas<\/a> Al inicio de la actual campa\u00f1a para reforzar las posiciones del equipo americano, <a href=\"https:\/\/es.autohebdo.fr\/pilote\/f1\/esteban-oc%C3%B3n-2\" data-internallinksmanager029f6b8e52c=\"37\" title=\"Esteban Ocon\" rel=\"nofollow noopener\" target=\"_blank\">Esteban Ocon<\/a> R\u00e1pidamente asumi\u00f3 un papel clave en la estructura. La experiencia acumulada durante sus temporadas en otros equipos ha influido mucho en ello. Sin embargo, otras caracter\u00edsticas de la personalidad del franc\u00e9s atraen a Ayao Komatsu, director del equipo.<\/p>\n<p>Esta fue una oportunidad para que este \u00faltimo lo elogiara, al margen del Gran Premio de Azerbaiy\u00e1n. Al ser preguntado sobre la motivaci\u00f3n actual de Ocon, dos semanas despu\u00e9s de un fin de semana dif\u00edcil en Monza, donde termin\u00f3 por detr\u00e1s de su compa\u00f1ero de equipo tanto en la clasificaci\u00f3n como en la carrera, Ayao Komatsu despej\u00f3 cualquier duda. No obstante, aprovech\u00f3 la oportunidad para destacar un aspecto en el que le gustar\u00eda que su piloto mejorara.<\/p>\n<p class=\"gt-block\">\u00ab No pierde la motivaci\u00f3n, est\u00e1 al m\u00e1ximo nivel. No hay que preocuparse por su motivaci\u00f3n.\u00a0El director de Haas destaca la actitud positiva del franc\u00e9s: Siempre lo intenta todo. A veces se excede un poco, en el sentido de que hay que encontrar el equilibrio, no centrarse solo en lo que no es perfecto. \u00bb<\/p>\n<p class=\"gt-block\">Tomando como ejemplo el Gran Premio de M\u00f3naco, donde el piloto franc\u00e9s se quej\u00f3 de algunos detalles despu\u00e9s de una carrera bastante buena que le vio terminar en un respetable s\u00e9ptimo lugar, explica: Abord\u00f3 los aspectos positivos durante diez segundos y luego se centr\u00f3 en los negativos durante diez minutos. Hay que encontrar el equilibrio adecuado. Tambi\u00e9n tiene que motivar a los dem\u00e1s. Adem\u00e1s, su motivaci\u00f3n no es un problema. Siempre busca maneras de mejorar el coche, su propio rendimiento y el funcionamiento general del equipo. Eso es exactamente lo que buscaba en un piloto aqu\u00ed.\u00a0\u00bb<\/p>\n<p class=\"gt-block\">Adem\u00e1s de la actitud del franc\u00e9s, el ingeniero japon\u00e9s est\u00e1 encantado con la experiencia que Esteban Ocon aporta al equipo Haas. Con la experiencia adquirida en equipos importantes como <a href=\"https:\/\/es.autohebdo.fr\/noticias\/coche\/fr-alpine\" data-internallinksmanager029f6b8e52c=\"18\" title=\"Alpine\" rel=\"nofollow noopener\" target=\"_blank\">Alpine<\/a> ou <a href=\"https:\/\/es.autohebdo.fr\/noticias\/estable\/mercedes\" data-internallinksmanager029f6b8e52c=\"80\" title=\"Equipo Mercedes F1\" rel=\"nofollow noopener\" target=\"_blank\">Mercedes<\/a>Komatsu lo describe como un recurso valioso. Su experiencia general es muy importante para nosotros. Haas es un equipo relativamente joven y Esteban lo est\u00e1 haciendo muy bien. <a href=\"https:\/\/es.autohebdo.fr\/noticias\/f1\" data-internallinksmanager029f6b8e52c=\"1\" title=\"F1\" rel=\"nofollow noopener\" target=\"_blank\">F1<\/a> Desde que estamos aqu\u00ed,\u00a0\u00c9l explica. Sabe el nivel que tiene que alcanzar, conoce el nivel del equipo. Nos exige mucho, que es justo lo que buscaba. \u00bb<\/p>\n<p style=\"text-align: right;\" class=\"gt-block\">Entrevista de Cyprien Juilhard en Bak\u00fa.<\/p>\n<p class=\"gt-block\"><strong>LEA TAMBI\u00c9N &gt;\u00a0<a href=\"https:\/\/es.autohebdo.fr\/noticias\/f1\/Esteban-Ocon-termin%C3%B3-decimoquinto-en-el-Gran-Premio-de-Italia-de-F%C3%B3rmula-1-en-Monza.-Hay-mucho-que-aprender-de-ello..html\" rel=\"nofollow noopener\" target=\"_blank\">Esteban Ocon, decimoquinto en el Gran Premio de Italia de F\u00f3rmula 1 en Monza: \u00abHay mucho que aprender\u00bb<\/a><\/strong><\/p>\n<p>\u00a0<\/p>\n","protected":false},"excerpt":{"rendered":"Llegado a Haas Al inicio de la actual campa\u00f1a para reforzar las posiciones del equipo americano, Esteban Ocon&hellip;\n","protected":false},"author":2,"featured_media":126699,"comment_status":"","ping_status":"","sticky":false,"template":"","format":"standard","meta":{"footnotes":""},"categories":[270],"tags":[168,25,24,306,271,272,23,167],"class_list":{"0":"post-126698","1":"post","2":"type-post","3":"status-publish","4":"format-standard","5":"has-post-thumbnail","7":"category-formula-1","8":"tag-deportes","9":"tag-es","10":"tag-espana","11":"tag-f1","12":"tag-formula-1","13":"tag-formula1","14":"tag-spain","15":"tag-sports"},"share_on_mastodon":{"url":"","error":""},"_links":{"self":[{"href":"https:\/\/www.europesays.com\/es\/wp-json\/wp\/v2\/posts\/126698","targetHints":{"allow":["GET"]}}],"collection":[{"href":"https:\/\/www.europesays.com\/es\/wp-json\/wp\/v2\/posts"}],"about":[{"href":"https:\/\/www.europesays.com\/es\/wp-json\/wp\/v2\/types\/post"}],"author":[{"embeddable":true,"href":"https:\/\/www.europesays.com\/es\/wp-json\/wp\/v2\/users\/2"}],"replies":[{"embeddable":true,"href":"https:\/\/www.europesays.com\/es\/wp-json\/wp\/v2\/comments?post=126698"}],"version-history":[{"count":0,"href":"https:\/\/www.europesays.com\/es\/wp-json\/wp\/v2\/posts\/126698\/revisions"}],"wp:featuredmedia":[{"embeddable":true,"href":"https:\/\/www.europesays.com\/es\/wp-json\/wp\/v2\/media\/126699"}],"wp:attachment":[{"href":"https:\/\/www.europesays.com\/es\/wp-json\/wp\/v2\/media?parent=126698"}],"wp:term":[{"taxonomy":"category","embeddable":true,"href":"https:\/\/www.europesays.com\/es\/wp-json\/wp\/v2\/categories?post=126698"},{"taxonomy":"post_tag","embeddable":true,"href":"https:\/\/www.europesays.com\/es\/wp-json\/wp\/v2\/tags?post=126698"}],"curies":[{"name":"wp","href":"https:\/\/api.w.org\/{rel}","templated":true}]}}