{"id":126704,"date":"2025-09-20T04:59:07","date_gmt":"2025-09-20T04:59:07","guid":{"rendered":"https:\/\/www.europesays.com\/es\/126704\/"},"modified":"2025-09-20T04:59:07","modified_gmt":"2025-09-20T04:59:07","slug":"parte-de-la-entrada-que-pagas-para-el-vina-rock-acaba-yendo-para-hacer-un-resort-en-gaza","status":"publish","type":"post","link":"https:\/\/www.europesays.com\/es\/126704\/","title":{"rendered":"Parte de la entrada que pagas para el Vi\u00f1a Rock acaba yendo para hacer un resort en Gaza"},"content":{"rendered":"<p class=\"L6-news-detail__text\">El mundo de la cultura, igual que ocurri\u00f3 con el apartheid, <b><a title=\"llama hoy al boicot a Israel\" href=\"https:\/\/www.lasexta.com\/noticias\/cultura\/javier-bardem-denuncia-genocidio-gaza-pide-bloqueo-comercial-diplomatico-israel_2025091568c7aae00e72636c5e89793a.html\" target=\"_blank\" rel=\"nofollow noopener\">llama hoy al boicot a Israel<\/a><\/b>. Esta misma semana, Espa\u00f1a se ha sumado a los pa\u00edses que <b><a title=\"no participar\u00e1n en Eurovisi\u00f3n si lo hace Israel\" href=\"https:\/\/www.lasexta.com\/noticias\/cultura\/espana-decide-participar-eurovision-veta-presencia-israel-festival_2025091668c93472bc8f701b2f6dd5a3.html\" target=\"_blank\" rel=\"nofollow noopener\">no participar\u00e1n en Eurovisi\u00f3n si lo hace Israel<\/a><\/b>.\u202f<\/p>\n<p class=\"L6-news-detail__text\">Una decisi\u00f3n que <b>Fernando Madina, cantante y bajista de Reincidentes<\/b>, celebra en el v\u00eddeo sobre estas l\u00edneas, si bien admite que \u00abEurovisi\u00f3n digamos que un poco me la pela\u00bb.<\/p>\n<p class=\"L6-news-detail__text\">Lo que s\u00ed reconoce el m\u00fasico es que \u00abEurovisi\u00f3n, desgraciadamente, dentro del hortera que es, es un mecanismo, igual que la Vuelta a Espa\u00f1a o las competiciones deportivas, de <b>blanqueamiento de esa matanza<\/b> de los nazis sionistas al pueblo palestino\u00bb.\u202f<\/p>\n<p class=\"L6-news-detail__text\">El grupo de rock de Madina tambi\u00e9n se ha unido al boicot a Israel junto a otros artistas que han puesto sus principios por delante del dinero.\u202fReincidentes <b>se ha negado a participar en festivales como el &#8216;Vi\u00f1a Rock&#8217; <\/b>porque detr\u00e1s tiene al fondo de inversi\u00f3n KKR.<\/p>\n<p class=\"L6-news-detail__text\">Entre sus m\u00faltiples v\u00ednculos empresariales con Israel, KKR se beneficia de un portal inmobiliario que, seg\u00fan la investigaci\u00f3n de la revista &#8216;The Intercept&#8217;, tiene <b>\u00abmiles de casas en venta y alquiler en asentamientos ilegales en la Cisjordania palestina ocupada\u00bb<\/b>.\u202f<\/p>\n<p class=\"L6-news-detail__text\">\u00abParte de la entrada que t\u00fa est\u00e1s pagando para el Vi\u00f1a Rock y para ver a tus grupos favoritos, <b>termina yendo para hacer un resort en Gaza<\/b>\u00ab, afirma rotundo Madina, que explica que, aunque le da mucha pena esta situaci\u00f3n \u00ab\u00bfqu\u00e9 vamos a hacer, seguir blanqueando a esta gente?\u00bb.<\/p>\n<p class=\"L6-news-detail__text\"><b>*Puedes ver el programa completo de <\/b><b><a title=\"laSexta Columna Boicot a un genocidio en atresplayer\" href=\"https:\/\/www.atresplayer.com\/lasexta\/programas\/lasexta-columna\/temporada-15\/boicot-a-un-genocidio-hagalo-usted-mismo_68cc6905f789410007c905f3\/\" target=\"_blank\" rel=\"nofollow noopener\">laSexta Columna Boicot a un genocidio en atresplayer<\/a><\/b><b>.<\/b><\/p>\n<p class=\"L6-support-news-video__title\">&#8216;Fachavales&#8217;<\/p>\n<p>            <a href=\"https:\/\/www.lasexta.com\/programas\/sexta-columna\/profesora-relata-amenaza-alumno-captado-grupo-ultra-prohibio-hablar-mujeres-historia_2025091268c47ffd0e72636c5e7eb73a.html\" class=\"L6-news__link\" rel=\"nofollow noopener\" target=\"_blank\"><br \/>\n                Una profesora relata la amenaza de un alumno captado por un grupo ultra: \u00abMe prohibi\u00f3 hablar de las mujeres en la historia\u00bb<\/p>\n<p class=\"recirculation-video-desc\">Isabel estaba explicando en clase el debate sobre el voto femenino en Espa\u00f1a cuando uno de sus alumnos, radicalizado, la interrumpi\u00f3: \u00abDijo que no ten\u00edamos ning\u00fan valor ni deber\u00edamos existir en la historia\u00bb.<\/p>\n<p>            <\/a><\/p>\n","protected":false},"excerpt":{"rendered":"El mundo de la cultura, igual que ocurri\u00f3 con el apartheid, llama hoy al boicot a Israel. Esta&hellip;\n","protected":false},"author":2,"featured_media":126705,"comment_status":"","ping_status":"","sticky":false,"template":"","format":"standard","meta":{"footnotes":""},"categories":[174],"tags":[255,146,147,25,24,256,23],"class_list":{"0":"post-126704","1":"post","2":"type-post","3":"status-publish","4":"format-standard","5":"has-post-thumbnail","7":"category-famosos","8":"tag-celebrities","9":"tag-entertainment","10":"tag-entretenimiento","11":"tag-es","12":"tag-espana","13":"tag-famosos","14":"tag-spain"},"share_on_mastodon":{"url":"","error":""},"_links":{"self":[{"href":"https:\/\/www.europesays.com\/es\/wp-json\/wp\/v2\/posts\/126704","targetHints":{"allow":["GET"]}}],"collection":[{"href":"https:\/\/www.europesays.com\/es\/wp-json\/wp\/v2\/posts"}],"about":[{"href":"https:\/\/www.europesays.com\/es\/wp-json\/wp\/v2\/types\/post"}],"author":[{"embeddable":true,"href":"https:\/\/www.europesays.com\/es\/wp-json\/wp\/v2\/users\/2"}],"replies":[{"embeddable":true,"href":"https:\/\/www.europesays.com\/es\/wp-json\/wp\/v2\/comments?post=126704"}],"version-history":[{"count":0,"href":"https:\/\/www.europesays.com\/es\/wp-json\/wp\/v2\/posts\/126704\/revisions"}],"wp:featuredmedia":[{"embeddable":true,"href":"https:\/\/www.europesays.com\/es\/wp-json\/wp\/v2\/media\/126705"}],"wp:attachment":[{"href":"https:\/\/www.europesays.com\/es\/wp-json\/wp\/v2\/media?parent=126704"}],"wp:term":[{"taxonomy":"category","embeddable":true,"href":"https:\/\/www.europesays.com\/es\/wp-json\/wp\/v2\/categories?post=126704"},{"taxonomy":"post_tag","embeddable":true,"href":"https:\/\/www.europesays.com\/es\/wp-json\/wp\/v2\/tags?post=126704"}],"curies":[{"name":"wp","href":"https:\/\/api.w.org\/{rel}","templated":true}]}}