{"id":126710,"date":"2025-09-20T05:03:05","date_gmt":"2025-09-20T05:03:05","guid":{"rendered":"https:\/\/www.europesays.com\/es\/126710\/"},"modified":"2025-09-20T05:03:05","modified_gmt":"2025-09-20T05:03:05","slug":"antes-de-que-se-estrene-la-secuela-de-las-guerreras-kpop-netflix-podria-haber-preparado-una-sorpresa-para-los-fans-noticias-de-cine","status":"publish","type":"post","link":"https:\/\/www.europesays.com\/es\/126710\/","title":{"rendered":"Antes de que se estrene la secuela de &#8216;Las guerreras kpop&#8217;, Netflix podr\u00eda haber preparado una sorpresa para los fans &#8211; Noticias de cine"},"content":{"rendered":"<p>Es el fen\u00f3meno del a\u00f1o de Netflix y en Billboard, donde las Huntr\/x han llegado al top 1 con &#8216;Golden&#8217;<\/p>\n<p class=\"bo-p\">Con m\u00e1s de 300 millones de visualizaciones en todo el mundo, <a href=\"https:\/\/www.sensacine.com\/peliculas\/pelicula-291011\/\" class=\"bo-link\" rel=\"nofollow noopener\" target=\"_blank\">Las guerreras kpop<\/a> se ha proclamado como<b> la pel\u00edcula m\u00e1s vista de la historia de Netflix<\/b> y es un aut\u00e9ntico fen\u00f3meno pop en todo el mundo. Al contrario de lo que ocurri\u00f3 con la cinta a la que le han arrebatado el puesto &#8211;<a href=\"https:\/\/www.sensacine.com\/peliculas\/pelicula-262468\/\" class=\"bo-link\" rel=\"nofollow noopener\" target=\"_blank\">Alerta roja<\/a>-, este grupo musical animado ha impregnado cada rinc\u00f3n de la sociedad. Por ejemplo, se ha colocado en el Top 1 de la lista Billboard con la canci\u00f3n &#8216;Golden&#8217;, las ni\u00f1as quieren llevar sus trajes, los fans defienden a muerte el bando Saja y el merchan vuela.<\/p>\n<p class=\"bo-p\">Los personajes de Ejae, Audrey Nuna y Rei Ami est\u00e1n en todas partes. Por eso no es de extra\u00f1ar que Netflix corriera a anunciar una secuela de la cinta y estamos convencidos de que desde hace meses los despachos de la compa\u00f1\u00eda est\u00e1n llenos de trabajadores pensando c\u00f3mo agrandar el universo de la manera m\u00e1s r\u00e1pida posible.<\/p>\n<p class=\"bo-p\">Parece que han encontrado una v\u00eda inmediata de mantener a los fans enganchados. Seg\u00fan recoge ScreenRant, la MPA Classification and Rating Administration -la oficina de Estados Unidos que valora y clasifica la conveniencia de las pel\u00edculas para ciertas audiencias- ha recibido<b> un cortometraje titulado <\/b><b>Debut: <\/b><b>A KPop Demon Hunters Story<\/b>. La pieza ha recibido la calificaci\u00f3n para todos los p\u00fablicos.<\/p>\n<p>Lo que sugiere el potencial cortometraje &#8216;Debut: A KPop Demon Hunters Story&#8217;<\/p>\n<p class=\"bo-p\">Esto insin\u00faa que pr\u00f3ximamente podr\u00edamos ver en Netflix nuevas im\u00e1genes del tr\u00edo m\u00e1s poderoso del kpop. <b>No hay detalles <\/b>al respecto -ni tampoco una confirmaci\u00f3n oficial-, pero <b>la palabra &#8216;debut&#8217; en el t\u00edtulo sugiere que podr\u00eda tratarse de una secuela<\/b> y que ver\u00edamos a Rumi, Mira y Zoey en los inicios del grupo. <\/p>\n<p class=\"bo-p\">La pel\u00edcula explica muy brevemente la historia de cada miembro del grupo y no da ning\u00fan detalle acerca de c\u00f3mo se conocieron, sus ensayos de preparaci\u00f3n o sus primeros \u00e9xitos ante el p\u00fablico. Quiz\u00e1s incluso existe metraje de estos momentos pero, por una decisi\u00f3n creativa, no lleg\u00f3 al montaje final de la cinta. Es posible que hayan revisado el contenido y lo hayan cre\u00eddo apto para hacer esta peque\u00f1a continuaci\u00f3n, de ah\u00ed que hayan tardado tan poco en tenerlo listo. La pel\u00edcula se estren\u00f3 el 20 de junio de este mismo a\u00f1o, por lo que resulta imposible que les haya dado tiempo a encerrarse en el estudio de nuevo y preparar m\u00e1s material.<\/p>\n","protected":false},"excerpt":{"rendered":"Es el fen\u00f3meno del a\u00f1o de Netflix y en Billboard, donde las Huntr\/x han llegado al top 1&hellip;\n","protected":false},"author":2,"featured_media":126711,"comment_status":"","ping_status":"","sticky":false,"template":"","format":"standard","meta":{"footnotes":""},"categories":[170],"tags":[146,147,25,24,27404,184,185,152,41111,157,23],"class_list":{"0":"post-126710","1":"post","2":"type-post","3":"status-publish","4":"format-standard","5":"has-post-thumbnail","7":"category-musica","8":"tag-entertainment","9":"tag-entretenimiento","10":"tag-es","11":"tag-espana","12":"tag-las_guerreras_kpop","13":"tag-music","14":"tag-musica","15":"tag-netflix","16":"tag-precuela","17":"tag-secuela","18":"tag-spain"},"share_on_mastodon":{"url":"","error":""},"_links":{"self":[{"href":"https:\/\/www.europesays.com\/es\/wp-json\/wp\/v2\/posts\/126710","targetHints":{"allow":["GET"]}}],"collection":[{"href":"https:\/\/www.europesays.com\/es\/wp-json\/wp\/v2\/posts"}],"about":[{"href":"https:\/\/www.europesays.com\/es\/wp-json\/wp\/v2\/types\/post"}],"author":[{"embeddable":true,"href":"https:\/\/www.europesays.com\/es\/wp-json\/wp\/v2\/users\/2"}],"replies":[{"embeddable":true,"href":"https:\/\/www.europesays.com\/es\/wp-json\/wp\/v2\/comments?post=126710"}],"version-history":[{"count":0,"href":"https:\/\/www.europesays.com\/es\/wp-json\/wp\/v2\/posts\/126710\/revisions"}],"wp:featuredmedia":[{"embeddable":true,"href":"https:\/\/www.europesays.com\/es\/wp-json\/wp\/v2\/media\/126711"}],"wp:attachment":[{"href":"https:\/\/www.europesays.com\/es\/wp-json\/wp\/v2\/media?parent=126710"}],"wp:term":[{"taxonomy":"category","embeddable":true,"href":"https:\/\/www.europesays.com\/es\/wp-json\/wp\/v2\/categories?post=126710"},{"taxonomy":"post_tag","embeddable":true,"href":"https:\/\/www.europesays.com\/es\/wp-json\/wp\/v2\/tags?post=126710"}],"curies":[{"name":"wp","href":"https:\/\/api.w.org\/{rel}","templated":true}]}}