{"id":126712,"date":"2025-09-20T05:04:14","date_gmt":"2025-09-20T05:04:14","guid":{"rendered":"https:\/\/www.europesays.com\/es\/126712\/"},"modified":"2025-09-20T05:04:14","modified_gmt":"2025-09-20T05:04:14","slug":"que-7-peliculas-de-estreno-ver-este-fin-de-semana-en-netflix-prime-video-o-movistar-plus-del-19-al-21-de-septiembre","status":"publish","type":"post","link":"https:\/\/www.europesays.com\/es\/126712\/","title":{"rendered":"Qu\u00e9 7 pel\u00edculas de estreno ver este fin de semana en Netflix, Prime Video o Movistar Plus+ del 19 al 21 de septiembre"},"content":{"rendered":"<p>Septiembre se est\u00e1 caracterizando por ser un mes perfecto para volver a la rutina con varios estrenos potentes en las plataformas de streaming. S\u00ed, nada nos va a quitar el mal sabor de boca de dejar las vacaciones de verano atr\u00e1s. Pero tenemos que intentarlo, por eso os traemos una lista de estrenos para que, al menos, el fin de semana est\u00e9is entretenidos. Eso s\u00ed, esta semana la lista es un poco m\u00e1s larga, para que os anim\u00e9is un poco m\u00e1s. Y es que hay estrenos potentes tanto en <strong>Netflix, como MAX o Disney Plus<\/strong>.<\/p>\n<p>Quiz\u00e1 el m\u00e1s fuerte de todos sea la llegada, por fin, de <strong>&#8216;<a href=\"https:\/\/eltelevisero.huffingtonpost.es\/2025\/09\/la-aclamada-nueva-pelicula-de-superman-se-estrena-hoy-en-esta-plataforma-de-streaming-en-tiempo-record\/\" rel=\"nofollow noopener\" target=\"_blank\">Superman<\/a>&#8216;<\/strong> al streaming. En un principio iba a estrenarse en digital en agosto, pero al final se ha visto pospuesto casi un mes. <strong>As\u00ed que esta nueva versi\u00f3n, firmada por James Gunn, se estrena en la plataforma de HBO MAX este pr\u00f3ximo 19 de septiembre<\/strong>, despu\u00e9s de haber arrasado en taquilla con m\u00e1s de 700 millones de d\u00f3lares recaudados. Si quer\u00e9is m\u00e1s acci\u00f3n (pero mucho peor, las cosas como son), Prime Video estrena &#8216;Los caballeros del zodiaco&#8217;, y recomendamos verla con amigos. Al menos para echarnos unas risas.<\/p>\n<p>Tambi\u00e9n llega lo nuevo de Denzel Washington y Spike Lee a Apple TV+ con &#8216;Del cielo al infierno&#8217;; <strong>el drama &#8216;A\u00fan estoy aqu\u00ed&#8217;, con la nominada al Oscar Fernanda Torres<\/strong>; una nueva pel\u00edcula del director de culto David Cronenberg, y que ha sido aplaudida por los cr\u00edticos especializados; la historia de la creadora de Bumble, que llega de la mano de Disney Plus y Lily James; o un documental en Netflix sobre el surrealista romance entre Marta Luisa de Noruega y el cham\u00e1n Durek Verrett.<\/p>\n<p><strong>Realeza rebelde: Una ins\u00f3lita historia de amor<\/strong><\/p>\n<p><strong>Sinopsis:<\/strong> Marta Luisa de Noruega y el cham\u00e1n Durek Verrett durante el periodo previo a su pol\u00e9mica boda real.<\/p>\n<p>La producci\u00f3n dirigida por Rebecca Chaiklin, realizadora de &#8216;Tiger King&#8217;, revela la historia real, la boda y las pol\u00e9micas creencias de la princesa M\u00e4rtha Louise de Noruega y el cham\u00e1n Durek Verrett. M\u00e4rtha Louise, hija mayor del rey Harald V, naci\u00f3 en 1971 en Oslo. Se cas\u00f3 con el escritor Ari Behn, con quien tuvo tres hijas, pero acabaron divorci\u00e1ndose, y M\u00e4rtha Louise se sumergi\u00f3 en sus inquietudes espirituales. As\u00ed conoci\u00f3 al autodenominado cham\u00e1n de sexta generaci\u00f3n y &#8216;gur\u00fa espiritual&#8217; de famosos <strong>Durek Verrett<\/strong>. \u00abCuando despert\u00e9 de un mes de coma, me dijeron que nunca volver\u00eda a caminar y que no ten\u00eda mucho m\u00e1s de un mes de vida. Siete especialistas diferentes me dijeron que no hab\u00eda esperanza.\u00a0<strong>Pero recib\u00ed visitas de seres poderosos que me entregaron mensajes sobre c\u00f3mo ten\u00eda que poner mi mente para sobrevivir a esto<\/strong>\u00ab, ha contado en numerosas ponencias que hace alrededor del mundo. <\/p>\n<p><strong>Plataforma:<\/strong> Netflix<\/p>\n<p><strong>Los caballeros del zodiaco<\/strong><\/p>\n<p><strong>Sinopsis:<\/strong> Seiya (Mackenyu), un testarudo adolescente callejero, se pasa el tiempo luchando por dinero mientras busca a su hermana secuestrada. Cuando en una de sus peleas se le revelan poderes m\u00edsticos que desconoc\u00eda, Seiya se ve inmerso en un mundo de santos en guerra, antiguos entrenamientos m\u00e1gicos y una diosa reencarnada que necesita su protecci\u00f3n. Para sobrevivir, tendr\u00e1 que aceptar su destino y sacrificarlo todo para ocupar el lugar que le corresponde entre Los Caballeros del Zodiaco.<\/p>\n<p>Los Caballeros del Zodiaco era uno de los anime m\u00e1s populares en Espa\u00f1a en la d\u00e9cada de los 90. Aunque en su original se llama &#8216;Saint Seiya&#8217;, aqu\u00ed ya sabemos c\u00f3mo nos encanta rebautizarlo todo. Las adaptaciones a imagen real de muchas de esas series japonesas han acabado siendo vapuleadas por la cr\u00edtica, con los ejemplos claros de &#8216;Dragon Ball&#8217; o &#8216;Death Note&#8217;. Obviamente, &#8216;Los caballeros del zodiaco&#8217; no fue una excepci\u00f3n. S\u00f3lo logr\u00f3 recaudar\u00a0<strong>7 millones de d\u00f3lares<\/strong>\u00a0en todo el mundo, con un presupuesto de m\u00e1s de 60 millones. Quiz\u00e1 uno de los fracasos m\u00e1s sonoros de los \u00faltimos a\u00f1os. La cr\u00edtica la destroz\u00f3. Tiene  un 3,4\/10 en Filmaffinity y un\u00a0<strong>21% de cr\u00edticas positivas<\/strong>\u00a0en la web de\u00a0Rotten Tomatoes. Pero, \u00bfno merece la pena darle un vistazo para pasar un rato realmente entretenido? <\/p>\n<p><strong>Plataforma:<\/strong> Prime Video <\/p>\n<p><strong>A\u00fan estoy aqu\u00ed<\/strong><\/p>\n<p><strong>Sinopsis:<\/strong> Basada en las memorias de Marcelo Rubens Paiva, en las que narra\u00a0<br \/>c\u00f3mo su madre se vio obligada al activismo pol\u00edtico cuando su marido, el diputado izquierdista Rubens Paiva, fue capturado por el gobierno durante la dictadura militar de Brasil, en 1971.<\/p>\n<p><strong>\u201cBrasil la conoc\u00eda como la viuda de [el pol\u00edtico activista] Rubens Paiva\u201d<\/strong>, explica Fernanda Torres para The Washington Post. \u201cEra como un t\u00edtulo que ten\u00eda. Luego, cuando Marcelo escribi\u00f3 [unas memorias anteriores], solo la conoc\u00edamos como su madre. Pero \u2018A\u00fan estoy aqu\u00ed\u2019 es un libro sobre un hombre que descubre que el gran h\u00e9roe no era su padre, no era \u00e9l mismo, sino ella\u201d. As\u00ed hablaba su protagonista sobre una pel\u00edcula que la encumbr\u00f3 en esta temporada de premios, y la tuvo como gran favorita para llevarse el Oscar, aunque finalmente lo consiguiera Mikey Madison. &#8216;A\u00fan estoy aqu\u00ed&#8217; est\u00e1 dirigida por Walter Salles, que ya dirigiera a su madre, Fernanda Montenegro, en &#8216;Estaci\u00f3n Central de Brasil&#8217;, por la que tambi\u00e9n fue nominada al Oscar. Una pel\u00edcula intensa, necesaria, y muy cuidada visualmente. <\/p>\n<p><strong>Plataforma:<\/strong> Movistar Plus+<\/p>\n<p><strong>Match: La reina de la app de citas<\/strong><\/p>\n<p><strong>Sinopsis:<\/strong> Inspirada en la historia de Whitney Wolfe Herd, fundadora y ex CEO de la plataforma de citas Bumble.<\/p>\n<p>Si est\u00e1is tratando de encontrar pareja de alguna forma, obviamente os sonar\u00e1 la app Bumble. Similar a Tinder pero dicen que con mejores resultados. Porque ya sabemos de sobra que en Tinder la gente casi no habla. 20th Century Studios, al igual que otras productoras como Apple, ha decidido echar mano de biograf\u00edas de personas reales para hacer su nueva pel\u00edcula. Ya tuvimos la del inventor del &#8216;Tetris&#8217; o de los Cheetos. Y ahora le llega el turno a Whitney Wolfe, creadora de Bumble. Aqu\u00ed tenemos a <strong>Lily James como protagonista,<\/strong> que repite con Disney tras &#8216;Pam &amp; Tommy&#8217; para interpretar a una persona real. Dirigida por Rachel Lee Goldenberg y acompa\u00f1ada de Dan Stevens, se sumerge en la creaci\u00f3n de la app de citas y, sobre todo, en la personalidad de Whitney. <\/p>\n<p>\u00ab<strong>Una de nuestras productoras, Jen Gibgot, conoci\u00f3 a su pareja en Bumble<\/strong>. Mi mejor amiga conoci\u00f3 a su marido en Bumble. Empiezas a hablar y te das cuenta de cu\u00e1ntas parejas se han formado y cu\u00e1ntos beb\u00e9s han nacido\u00bb, coment\u00f3 Lily James para Who What Wear. Ese es el profundo efecto que han tenido estas aplicaciones de citas, en particular Bumble. Es incre\u00edble\u00bb. Y qui\u00e9n mejor para dar vida a Whitney Wolfe que Lily James, que tiene esa mezcla perfecta de ingenuidad, ternura&#8230; y de saber exactamente lo que est\u00e1 haciendo. <\/p>\n<p><strong>Plataforma:<\/strong> Disney Plus<\/p>\n<p><strong>Los sudarios<\/strong><\/p>\n<p><strong>Sinopsis:<\/strong> Karsh, de 50 a\u00f1os, es un importante hombre de negocios. Inconsolable desde la muerte de su esposa, inventa GraveTech, una tecnolog\u00eda revolucionaria y controvertida que permite a los vivos vigilar a sus seres queridos difuntos en sus mortajas. Una noche, varias tumbas, incluida la de la esposa de Karsh, son profanadas. Karsh se propone localizar a los autores.\u00a0<\/p>\n<p>&#8216;Los sudarios&#8217; es, hasta la fecha, la \u00faltima obra del aclamado director canadiense\u00a0<strong>David Cronenberg,\u00a0<\/strong>quien\u00a0se basa en una historia de duelo personal, el fallecimiento de su mujer, para indagar en la relaci\u00f3n entre tecnolog\u00eda y muerte y preguntarse sobre qu\u00e9 hay m\u00e1s all\u00e1 de la vida. <strong>Vincent Cassel\u00a0<\/strong>y <strong>Diane Kruger <\/strong>son los protagonistas de una pel\u00edcula que \u00a0tuvo su estreno mundial en la Secci\u00f3n Oficial\u00a0del\u00a0<strong>Festival de Cannes<\/strong>, donde compiti\u00f3 por la Palma de Oro. Pero es que adem\u00e1s ha sido elegida como la 2\u00aa mejor pel\u00edcula de terror (solo por detr\u00e1s de &#8216;Sinners&#8217;) en lo que llevamos de a\u00f1o. \u00abDespu\u00e9s de que mi esposa muriera, la gente me preguntaba c\u00f3mo me sent\u00eda, y me di cuenta de que me respond\u00eda a m\u00ed mismo con esa misma pregunta\u00bb, coment\u00f3 Cronenberg en la presentaci\u00f3n de su pel\u00edcula. <\/p>\n<p>\u00abSin duda, la tecnolog\u00eda en esta pel\u00edcula es\u00a0<strong>perversa, m\u00f3rbida, grotesca,<\/strong>\u00a0pero para alguien que est\u00e1 de duelo como Karsh, en realidad no lo es. De hecho, es bastante saludable, una manera de salir de la desesperaci\u00f3n, del dolor. Pero, b\u00e1sicamente, todo se reduce al cuerpo, como en muchas de mis pel\u00edculas\u00bb. Cronenberg nunca se anda con chiquitas, y lo demuestra una vez m\u00e1s en &#8216;Los sudarios&#8217;.<\/p>\n<p><strong>Plataforma:<\/strong> Filmin<\/p>\n<p><strong>Del cielo al infierno<\/strong><\/p>\n<p><strong>Sinopsis:<\/strong> Cuando un poderoso empresario musical (Denzel Washington) es v\u00edctima de una extorsi\u00f3n, se ve obligado a luchar por su familia y su legado mientras afronta un dilema \u00e9tico vital.<\/p>\n<p>Basada en el magistral cl\u00e1sico &#8216;El infierno del odio&#8217; (High and Low, 1963) de Akira Kurosawa. Spike Lee es uno de los directores m\u00e1s aclamados, y vuelve una vez m\u00e1s a colaborar con Denzel Washington (quinta ocasi\u00f3n) para darnos este remake bastante menor a la adaptaci\u00f3n original de Kurosawa. <strong>Cambia Yokohama por New York, y a Toshiro Mifune por un Denzel Washington que, como siempre, se entrega en cuerpo y alma<\/strong> a su personaje. \u00abTodos los grandes directores, y Spike lo es, deber\u00edan estar abiertos a la interpretaci\u00f3n o reinterpretaci\u00f3n. De hecho, inspirar a otros artistas es buena parte de lo que los hace grandes\u00bb, cont\u00f3 el actor a El Peri\u00f3dico, sobre la necesidad de remakes en la era moderna del cine. <\/p>\n<p><strong>Plataforma:<\/strong> AppleTV+<\/p>\n<p><strong>Superman<\/strong><\/p>\n<p><strong>Sinopsis:<\/strong> En un mundo c\u00ednico que ha perdido la fe en la bondad, Superman lucha por reconciliar su herencia kryptoniana con su crianza humana en Smallville como Clark Kent. Mientras protege a la humanidad, encarna la verdad, la justicia y el estilo americano, desafiando una era que considera estos valores obsoletos.<\/p>\n<p><strong>La nueva versi\u00f3n de \u2018Superman\u2019 ya est\u00e1 en MAX.<\/strong> Vivimos en una \u00e9poca en la que manda el streaming, as\u00ed que salvo excepciones, muchas pel\u00edculas tienen una vida muy corta en las salas de cine. Este ha sido el caso de \u2018Superman\u2019, aunque James Gunn, su director, ha explicado que se debe al estreno de \u2018El pacificador\u2019 cuya temporada 2 ya lleva varios cap\u00edtulos en la plataforma. Esta nueva adaptaci\u00f3n esta gozando del calor del p\u00fablico y de la cr\u00edtica. No solo esta cerca de los <strong>700 millones en taquilla,<\/strong> sino que adem\u00e1s la dupla David Corenswet y Rachel Brosnahan ha funcionado a la perfecci\u00f3n como Clark Lent y Lois Lane. \u2018Superman\u2019 actualiza al superh\u00e9roe, lo humaniza m\u00e1s que nunca y adem\u00e1s le devuelve la luz y el color que Zack Snyder le hab\u00eda arrebatado.<\/p>\n<p>Plataforma: <strong>HBO Max<\/strong><\/p>\n","protected":false},"excerpt":{"rendered":"Septiembre se est\u00e1 caracterizando por ser un mes perfecto para volver a la rutina con varios estrenos potentes&hellip;\n","protected":false},"author":2,"featured_media":126713,"comment_status":"","ping_status":"","sticky":false,"template":"","format":"standard","meta":{"footnotes":""},"categories":[169],"tags":[177,146,147,25,24,176,175,23],"class_list":{"0":"post-126712","1":"post","2":"type-post","3":"status-publish","4":"format-standard","5":"has-post-thumbnail","7":"category-cine","8":"tag-cine","9":"tag-entertainment","10":"tag-entretenimiento","11":"tag-es","12":"tag-espana","13":"tag-film","14":"tag-movies","15":"tag-spain"},"share_on_mastodon":{"url":"","error":""},"_links":{"self":[{"href":"https:\/\/www.europesays.com\/es\/wp-json\/wp\/v2\/posts\/126712","targetHints":{"allow":["GET"]}}],"collection":[{"href":"https:\/\/www.europesays.com\/es\/wp-json\/wp\/v2\/posts"}],"about":[{"href":"https:\/\/www.europesays.com\/es\/wp-json\/wp\/v2\/types\/post"}],"author":[{"embeddable":true,"href":"https:\/\/www.europesays.com\/es\/wp-json\/wp\/v2\/users\/2"}],"replies":[{"embeddable":true,"href":"https:\/\/www.europesays.com\/es\/wp-json\/wp\/v2\/comments?post=126712"}],"version-history":[{"count":0,"href":"https:\/\/www.europesays.com\/es\/wp-json\/wp\/v2\/posts\/126712\/revisions"}],"wp:featuredmedia":[{"embeddable":true,"href":"https:\/\/www.europesays.com\/es\/wp-json\/wp\/v2\/media\/126713"}],"wp:attachment":[{"href":"https:\/\/www.europesays.com\/es\/wp-json\/wp\/v2\/media?parent=126712"}],"wp:term":[{"taxonomy":"category","embeddable":true,"href":"https:\/\/www.europesays.com\/es\/wp-json\/wp\/v2\/categories?post=126712"},{"taxonomy":"post_tag","embeddable":true,"href":"https:\/\/www.europesays.com\/es\/wp-json\/wp\/v2\/tags?post=126712"}],"curies":[{"name":"wp","href":"https:\/\/api.w.org\/{rel}","templated":true}]}}