{"id":126714,"date":"2025-09-20T05:05:20","date_gmt":"2025-09-20T05:05:20","guid":{"rendered":"https:\/\/www.europesays.com\/es\/126714\/"},"modified":"2025-09-20T05:05:20","modified_gmt":"2025-09-20T05:05:20","slug":"alineaciones-probables-del-alaves-sevilla-de-laliga-ea-sports-2025-26-onces-y-banquillo-de-suplentes","status":"publish","type":"post","link":"https:\/\/www.europesays.com\/es\/126714\/","title":{"rendered":"Alineaciones probables del Alav\u00e9s &#8211; Sevilla de LaLiga EA Sports 2025-26: onces y banquillo de suplentes"},"content":{"rendered":"<p><img decoding=\"async\" class=\"voc-author__img\" src=\"https:\/\/www.europesays.com\/es\/wp-content\/uploads\/2025\/07\/1753740850_231_autor-3704-foto-1.jpeg\" alt=\"Sergio A. \u00c1vila\"\/><\/p>\n<p>19\/09\/2025<br \/>\n<br \/><strong><br \/>\nActualizado 20\/09\/2025 a las 01:23h.<br \/>\n<\/strong><\/p>\n<p class=\"voc-p\" style=\"\">Nuevo examen para el <strong>Sevilla FC<\/strong> de Almeyda, que este s\u00e1bado, en partido correspondiente a la <a href=\"https:\/\/www.laliga.com\/partido\/temporada-2025-2026-laliga-ea-sports-deportivo-alaves-sevilla-fc-5\" target=\"_self\" data-voc-vtm-id=\"in-text-traffic\" title=\"5\u00aa jornada de LaLiga EA Sports\" data-mrf-link=\"www.laliga.com\" rel=\"nofollow noopener\">5\u00aa jornada de LaLiga EA Sports<\/a>, comparece en el Estadio de <a href=\"https:\/\/www.abc.es\/deportes\/orgullodenervion\/noticias-sevilla-fc\/sevilla-solo-ganado-tres-ocasiones-visitas-mendizorroza-20250918141026-nts.html\" target=\"_self\" data-voc-vtm-id=\"in-text-traffic\" title=\"Mendizorroza\" data-mrf-link=\"www.abc.es\" rel=\"nofollow noopener\">Mendizorroza<\/a> para medirse al <strong>Deportivo Alav\u00e9s<\/strong>. Un rival que bien podr\u00eda ser directo de los nervionenses por la permanencia y que ha empezado a gran ritmo la temporada facturando siete puntos de doce posibles y venciendo al Athletic Club en San Mam\u00e9s. Muy bien tendr\u00e1 que hacer su trabajo el Sevilla en Vitoria ante un equipo con la moral reforzada tras los tres puntos cazados en la Catedral. <\/p>\n<p class=\"voc-p\" style=\"\">Cuatro puntos de doce posibles suman los pupilos de <strong>Almeyda<\/strong>, que abrieron la temporada cayendo en <a href=\"https:\/\/www.abc.es\/deportes\/orgullodenervion\/noticias-sevilla-fc\/athletic-club-sevilla-notable-actitud-suspenso-aptitud-20250817213852-nts.html\" target=\"_self\" data-voc-vtm-id=\"in-text-traffic\" title=\"San Mam\u00e9s (3-2)\" data-mrf-link=\"www.abc.es\" rel=\"nofollow noopener\">San Mam\u00e9s (3-2)<\/a>, luego hicieron lo propio con el <a href=\"https:\/\/www.abc.es\/deportes\/orgullodenervion\/noticias-sevilla-fc\/cronica-sevilla-getafe-xxx-20250825122743-nts.html\" target=\"_self\" data-voc-vtm-id=\"in-text-traffic\" title=\"Getafe en casa (1-2)\" data-mrf-link=\"www.abc.es\" rel=\"nofollow noopener\">Getafe en casa (1-2)<\/a>, se resarcieron venciendo al <a href=\"https:\/\/www.abc.es\/deportes\/orgullodenervion\/noticias-sevilla-fc\/cronica-girona-sevilla-xxx-20250830191238-nts.html\" target=\"_self\" data-voc-vtm-id=\"in-text-traffic\" title=\"Girona (0-2)\" data-mrf-link=\"www.abc.es\" rel=\"nofollow noopener\">Girona (0-2)<\/a> e igualaron la pasada jornada con el <a href=\"https:\/\/www.abc.es\/deportes\/orgullodenervion\/noticias-sevilla-fc\/sevilla-elche-20250912184541-nts.html\" target=\"_self\" data-voc-vtm-id=\"in-text-traffic\" title=\"Elche (2-2)\" data-mrf-link=\"www.abc.es\" rel=\"nofollow noopener\">Elche (2-2)<\/a> en Nervi\u00f3n elevando hasta los 50 los d\u00edas consecutivos del equipo sevillista sin ganar dos partidos seguidos. Una racha propia de otros tiempos a los que la entidad de Nervi\u00f3n ni su afici\u00f3n estaban habituados.<\/p>\n<p>\nEl posible once del Sevilla ante el Alav\u00e9s\n<\/p>\n<p class=\"voc-p\" style=\"\">Sin embargo, ya se sabe que con <a href=\"https:\/\/www.abc.es\/deportes\/orgullodenervion\/noticias-sevilla-fc\/sevilla-eleva-limite-salarial-millones-sigue-bajo-20250919132155-nts.html\" target=\"_self\" data-voc-vtm-id=\"in-text-traffic\" title=\"las actuales circunstancias econ\u00f3micas y deportivas\" data-mrf-link=\"www.abc.es\" rel=\"nofollow noopener\">las actuales circunstancias econ\u00f3micas y deportivas<\/a> se dar\u00eda por buena una temporada en la que se sufriera menos que la pasada. Para eso trabajan <strong>Almeyda<\/strong> y sus jugadores. <strong>Joan Jord\u00e1n<\/strong>, que se viene ejercitando ya parcialmente en el c\u00e9sped aunque a\u00fan no est\u00e9 integrado en el trabajo grupal, es la \u00fanica baja del Sevilla para Vitoria una vez que se han recuperado <a href=\"https:\/\/www.abc.es\/deportes\/orgullodenervion\/noticias-sevilla-fc\/sevilla-comienza-semana-contando-akor-adams-ejuke-20250915103234-nts.html\" target=\"_self\" data-voc-vtm-id=\"in-text-traffic\" title=\"Akor Adams y Ejuke\" data-mrf-link=\"www.abc.es\" rel=\"nofollow noopener\">Akor Adams y Ejuke<\/a>, los \u00faltimos en restablecerse de sus lesiones. La lista de expedicionarios a tierras alavesas la forman los siguientes 24 futbolistas: Nyland, Odysseas, Alberto Flores, Carmona, Juanlu, Marcao, Nianzou, Kike Salas, Cardoso, Castr\u00edn, Suazo, Azpilicueta, Gudelj, Agoum\u00e9, Mendy, Sow, Januzaj, Vargas, Ejuke, Peque, Alfon, Alexis, Isaac y Akor.<\/p>\n<ul class=\"voc-list\">\n<li class=\"voc-list__item\">\n<strong>Sevilla FC<\/strong><br \/>\nVlachodimos; Juanlu, Nianzou, Marcao, Suazo; Mendy, Agoum\u00e9; Alfon, Sow, Vargas; Isaac Romero.\n<\/li>\n<\/ul>\n<p class=\"voc-p\" style=\"\"><a href=\"https:\/\/www.abc.es\/deportes\/orgullodenervion\/noticias-sevilla-fc\/almeyda-replantea-defensa-vitoria-20250918152435-nts.html\" target=\"_self\" data-voc-vtm-id=\"in-text-traffic\" title=\"Almeyda cambi\u00f3 el sistema\" data-mrf-link=\"www.abc.es\" rel=\"nofollow noopener\">Almeyda cambi\u00f3 el sistema<\/a> la pasada jornada para medirse al Elche, pasando a jugar con <strong>tres centrales y dos carrileros<\/strong>, y ah\u00ed radica una de las dudas del once para Mendizorroza junto a la porter\u00eda. Adem\u00e1s, hay dos partidos la pr\u00f3xima semana y esto tambi\u00e9n podr\u00eda condicionar los planes del <a href=\"https:\/\/www.abc.es\/deportes\/orgullodenervion\/noticias-sevilla-fc\/almeyda-justifica-asado-paella-mataban-20250919135505-nts.html\" target=\"_self\" data-voc-vtm-id=\"in-text-traffic\" title=\"t\u00e9cnico\" data-mrf-link=\"www.abc.es\" rel=\"nofollow noopener\">t\u00e9cnico<\/a>. Vlachodimos se estrenar\u00eda en la porter\u00eda, con una l\u00ednea defensiva formada de derecha a izquierda por Juanlu, Nianzou, Marcao y Suazo. En el centro del campo repetir\u00edan <a href=\"https:\/\/www.abc.es\/deportes\/orgullodenervion\/noticias-sevilla-fc\/batista-mendy-ancla-centro-campo-sevilla-almeyda-20250915223519-nts.html\" target=\"_self\" data-voc-vtm-id=\"in-text-traffic\" title=\"Mendy\" data-mrf-link=\"www.abc.es\" rel=\"nofollow noopener\">Mendy<\/a> y Agoum\u00e9 formando el doble pivote. M\u00e1s adelantado jugar\u00eda Sow, con Vargas y Alfon como acompa\u00f1antes en el ataque de Isaac Romero. <\/p>\n<p>\nEl posible once del Alav\u00e9s ante el Sevilla\n<\/p>\n<p class=\"voc-p\" style=\"\">Con el objetivo de la permanencia como absoluta prioridad, <strong>el Alav\u00e9s suma siete puntos y se ha instalado en la zona alta del Campeonato<\/strong>. S\u00f3lo ha perdido un partido, con el Betis (1-0); ha empatado con el Atl\u00e9tico de Madrid en casa (1-1) y ha ganado en Mendizorroza al Levante (2-1) y en San Mam\u00e9s al Athletic Club (0-1). Que repita el entrenador, <strong>Chacho Coudet<\/strong>, y buena parte del bloque de la pasada temporada son razones a considerar para entender el \u00f3ptimo arranque albiazul. Es un equipo ya hecho que apenas ha recibido tres goles en cuatro jornadas. La convocatoria del Deportivo Alav\u00e9s la integran estos jugadores: Sivera, Ra\u00fal Fern\u00e1ndez, Johnny Otto, Garc\u00e9s, Parada, Tenaglia, Diarra, Guevara, Blanco, Ib\u00e1\u00f1ez, Calebe, Rebbach, Pacheco, Denis Su\u00e1rez, Youssef, Protesoni, Pinillos, Egoitz, Guridi, Ale\u00f1\u00e1, Carlos Vicente, Toni Mart\u00ednez, Mariano y Lucas Boy\u00e9.<\/p>\n<ul class=\"voc-list\">\n<li class=\"voc-list__item\">\n<strong>Deportivo Alav\u00e9s<\/strong><br \/>\nSivera; Johnny, Garc\u00e9s, Tenaglia, Diarr\u00e1; Blanco, Ib\u00e1\u00f1ez; Ale\u00f1\u00e1, Guridi, Carlos Vicente; Boy\u00e9.\n<\/li>\n<\/ul>\n<p class=\"voc-p\" style=\"\"> Mucho m\u00e1s claro parece el <strong>once<\/strong> del conjunto vitoriano. <strong>Sivera<\/strong> repetir\u00eda entre palos, con una l\u00ednea de retaguardia formada por Johnny, Garc\u00e9s, Tenaglia y Diarr\u00e1. En el doble pivote formar\u00edan Blanco e Ib\u00e1\u00f1ez, con Guridi m\u00e1s adelantado, <strong>Carlos Vicente<\/strong> y Ale\u00f1\u00e1 como extremos, y Boy\u00e9 en punta. No se descarta la opci\u00f3n de que juegue con dos delanteros y pueda haber dupla con Mariano o Toni Mart\u00ednez. <\/p>\n<p>Reportar un error<\/p>\n","protected":false},"excerpt":{"rendered":"19\/09\/2025 Actualizado 20\/09\/2025 a las 01:23h. Nuevo examen para el Sevilla FC de Almeyda, que este s\u00e1bado, en&hellip;\n","protected":false},"author":2,"featured_media":126715,"comment_status":"","ping_status":"","sticky":false,"template":"","format":"standard","meta":{"footnotes":""},"categories":[93],"tags":[25445,1334,26170,2953,168,25,24,288,26172,26171,1171,23,167,26173],"class_list":{"0":"post-126714","1":"post","2":"type-post","3":"status-publish","4":"format-standard","5":"has-post-thumbnail","7":"category-deportes","8":"tag-25445","9":"tag-alaves","10":"tag-alineaciones","11":"tag-banquillo","12":"tag-deportes","13":"tag-es","14":"tag-espana","15":"tag-laliga","16":"tag-onces","17":"tag-probables","18":"tag-sevilla","19":"tag-spain","20":"tag-sports","21":"tag-suplentes"},"share_on_mastodon":{"url":"","error":""},"_links":{"self":[{"href":"https:\/\/www.europesays.com\/es\/wp-json\/wp\/v2\/posts\/126714","targetHints":{"allow":["GET"]}}],"collection":[{"href":"https:\/\/www.europesays.com\/es\/wp-json\/wp\/v2\/posts"}],"about":[{"href":"https:\/\/www.europesays.com\/es\/wp-json\/wp\/v2\/types\/post"}],"author":[{"embeddable":true,"href":"https:\/\/www.europesays.com\/es\/wp-json\/wp\/v2\/users\/2"}],"replies":[{"embeddable":true,"href":"https:\/\/www.europesays.com\/es\/wp-json\/wp\/v2\/comments?post=126714"}],"version-history":[{"count":0,"href":"https:\/\/www.europesays.com\/es\/wp-json\/wp\/v2\/posts\/126714\/revisions"}],"wp:featuredmedia":[{"embeddable":true,"href":"https:\/\/www.europesays.com\/es\/wp-json\/wp\/v2\/media\/126715"}],"wp:attachment":[{"href":"https:\/\/www.europesays.com\/es\/wp-json\/wp\/v2\/media?parent=126714"}],"wp:term":[{"taxonomy":"category","embeddable":true,"href":"https:\/\/www.europesays.com\/es\/wp-json\/wp\/v2\/categories?post=126714"},{"taxonomy":"post_tag","embeddable":true,"href":"https:\/\/www.europesays.com\/es\/wp-json\/wp\/v2\/tags?post=126714"}],"curies":[{"name":"wp","href":"https:\/\/api.w.org\/{rel}","templated":true}]}}