{"id":126716,"date":"2025-09-20T05:07:09","date_gmt":"2025-09-20T05:07:09","guid":{"rendered":"https:\/\/www.europesays.com\/es\/126716\/"},"modified":"2025-09-20T05:07:09","modified_gmt":"2025-09-20T05:07:09","slug":"juliette-binoche-se-estrena-como-directora-en-san-sebastian-gracias-a-la-insistencia-de-robert-redford-el-pais-expres","status":"publish","type":"post","link":"https:\/\/www.europesays.com\/es\/126716\/","title":{"rendered":"Juliette Binoche se estrena como directora en San Sebasti\u00e1n (gracias a la insistencia de Robert Redford) | El PA\u00cdS Expr\u00e9s"},"content":{"rendered":"<p><img fetchpriority=\"high\" decoding=\"auto\" class=\"_re  a_m-h\" height=\"414\"  width=\"414\"  src=\"https:\/\/www.europesays.com\/es\/wp-content\/uploads\/2025\/09\/WDIV33SX6NFWPLU6LLCGY7AVLY.jpg\" loading=\"eager\"\/>GRAFCAV3248. SAN SEBASTI\u00c1N (ESPA\u00d1A), 19\/09\/2025.- La actriz francesa, Juliette Binoche, posa este viernes a su llegada a la 73 edici\u00f3n del Festival de cine de San Sebasti\u00e1n. EFE\/Juan Herrero&#13;<br \/>\nFoto: Juan Herrero (EFE)<\/p>\n<p class=\"\">Juliette Binoche debuta este s\u00e1bado como directora en el Festival de San Sebasti\u00e1n. Lo hace con In-I In Motion, una pel\u00edcula que sigue los ensayos del espect\u00e1culo de danza que realiz\u00f3 en 2009.<\/p>\n<p class=\"\"><b>La idea fue de Robert Redford.<\/b> El actor, reci\u00e9n fallecido, vio la obra en Nueva York y le insisti\u00f3 en que ten\u00eda que filmar el espect\u00e1culo. <\/p>\n<ul>\n<li>Las cintas quedaron en un caj\u00f3n durante 15 a\u00f1os, hasta que decidi\u00f3 convertirlas en una pel\u00edcula. <\/li>\n<\/ul>\n<p class=\"\"><b>\u00bfDe qu\u00e9 va la peli?<\/b> El largo muestra primero el tormentoso, exigente e incisivo periodo de ensayos de In-I, y despu\u00e9s el resultado \u00edntegro.<\/p>\n<ul>\n<li>La francesa trabaj\u00f3 con el prestigioso core\u00f3grafo brit\u00e1nico Akram Khan, con el cual intercambiaron papeles: ella baila, y \u00e9l act\u00faa. <\/li>\n<li>Fue un trabajo muy exigente: \u201cCada noche pensaba que iba a morir, que me iba a romper. Como actor tiendes a retener tus emociones y aqu\u00ed hay que sacarlas en los pasos de baile\u201d, explica a EL PA\u00cdS.<\/li>\n<\/ul>\n<p class=\"\">\u00a9Foto: Juan Herrero (EFE)<\/p>\n<p class=\"\"><a href=\"https:\/\/elpais.com\/cultura\/cine\/2025-09-20\/in-i-in-motion-la-pelicula-que-juliette-binoche-ha-dirigido-porque-robert-redford-le-animo.html\" target=\"_self\" rel=\"nofollow noopener\" title=\"https:\/\/elpais.com\/cultura\/cine\/2025-09-20\/in-i-in-motion-la-pelicula-que-juliette-binoche-ha-dirigido-porque-robert-redford-le-animo.html\">Si quieres saber m\u00e1s, puedes leer aqu\u00ed.<\/a><\/p>\n","protected":false},"excerpt":{"rendered":"GRAFCAV3248. SAN SEBASTI\u00c1N (ESPA\u00d1A), 19\/09\/2025.- La actriz francesa, Juliette Binoche, posa este viernes a su llegada a la&hellip;\n","protected":false},"author":2,"featured_media":126717,"comment_status":"","ping_status":"","sticky":false,"template":"","format":"standard","meta":{"footnotes":""},"categories":[91],"tags":[1014,1015,177,13776,9265,146,147,25,24,9555,317,26265,753,6086,23,1651],"class_list":{"0":"post-126716","1":"post","2":"type-post","3":"status-publish","4":"format-standard","5":"has-post-thumbnail","7":"category-entretenimiento","8":"tag-actores","9":"tag-actrices","10":"tag-cine","11":"tag-danza","12":"tag-directores-cine","13":"tag-entertainment","14":"tag-entretenimiento","15":"tag-es","16":"tag-espana","17":"tag-festival-san-sebastian","18":"tag-francia","19":"tag-juliette-binoche","20":"tag-peliculas","21":"tag-san-sebastian","22":"tag-spain","23":"tag-teatro"},"share_on_mastodon":{"url":"","error":""},"_links":{"self":[{"href":"https:\/\/www.europesays.com\/es\/wp-json\/wp\/v2\/posts\/126716","targetHints":{"allow":["GET"]}}],"collection":[{"href":"https:\/\/www.europesays.com\/es\/wp-json\/wp\/v2\/posts"}],"about":[{"href":"https:\/\/www.europesays.com\/es\/wp-json\/wp\/v2\/types\/post"}],"author":[{"embeddable":true,"href":"https:\/\/www.europesays.com\/es\/wp-json\/wp\/v2\/users\/2"}],"replies":[{"embeddable":true,"href":"https:\/\/www.europesays.com\/es\/wp-json\/wp\/v2\/comments?post=126716"}],"version-history":[{"count":0,"href":"https:\/\/www.europesays.com\/es\/wp-json\/wp\/v2\/posts\/126716\/revisions"}],"wp:featuredmedia":[{"embeddable":true,"href":"https:\/\/www.europesays.com\/es\/wp-json\/wp\/v2\/media\/126717"}],"wp:attachment":[{"href":"https:\/\/www.europesays.com\/es\/wp-json\/wp\/v2\/media?parent=126716"}],"wp:term":[{"taxonomy":"category","embeddable":true,"href":"https:\/\/www.europesays.com\/es\/wp-json\/wp\/v2\/categories?post=126716"},{"taxonomy":"post_tag","embeddable":true,"href":"https:\/\/www.europesays.com\/es\/wp-json\/wp\/v2\/tags?post=126716"}],"curies":[{"name":"wp","href":"https:\/\/api.w.org\/{rel}","templated":true}]}}