{"id":126720,"date":"2025-09-20T05:09:08","date_gmt":"2025-09-20T05:09:08","guid":{"rendered":"https:\/\/www.europesays.com\/es\/126720\/"},"modified":"2025-09-20T05:09:08","modified_gmt":"2025-09-20T05:09:08","slug":"quien-es-david-martinez-guzman-el-consejero-del-sabadell-a-contracorriente-que-ve-con-buenos-ojos-la-opa-del-bbva-el-pais-expres","status":"publish","type":"post","link":"https:\/\/www.europesays.com\/es\/126720\/","title":{"rendered":"Qui\u00e9n es David Mart\u00ednez Guzm\u00e1n, el consejero del Sabadell a contracorriente que ve con buenos ojos la opa del BBVA | El PA\u00cdS Expr\u00e9s"},"content":{"rendered":"<p><img fetchpriority=\"high\" decoding=\"auto\" class=\"_re  a_m-v\" height=\"415\"  width=\"414\"  src=\"https:\/\/www.europesays.com\/es\/wp-content\/uploads\/2025\/09\/V5CRGZU2IFEWTH4OFIUWZVUUVM.jpg\" loading=\"eager\"\/>DVD 1273 30\/06\/25 Barcelona. Un anciano saca dinero del cajero en una oficiana del Banc Sabadell de la Gran Via.  [ALBERT\u00a0GARCIA] EL PAISFoto: Albert Garcia<\/p>\n<p class=\"\">David Mart\u00ednez Guzm\u00e1n es un empresario mexicano conocido por su patrimonio millonario y por evitar la prensa. Sin embargo, la opa hostil del BBVA sobre el Sabadell (del cual es accionista) lo ha puesto en el centro del foco medi\u00e1tico.<\/p>\n<p class=\"\"><b>\u00bfQui\u00e9n es Mart\u00ednez Guzm\u00e1n?<\/b> Nacido en Monterrey hace 68 a\u00f1os, vive entre Nueva York y Londres. <\/p>\n<ul>\n<li>Su fortuna comenz\u00f3 en los a\u00f1os ochenta, cuando con un pr\u00e9stamo familiar fund\u00f3 Fintech Advisory, especializada en adquirir y revitalizar activos en apuros.<\/li>\n<li>Hoy, su patrimonio ronda los 4.000 millones de euros y posee el 7,8% de las acciones del grupo mexicano de comunicaci\u00f3n Televisa.<\/li>\n<\/ul>\n<p class=\"\"><b>Entr\u00f3 como accionista en el Sabadell en 2013.<\/b> Se convirti\u00f3 en el tercer m\u00e1ximo accionista, con el 3,9% del capital. Desde entonces, ha mostrado lealtad, aunque no ha dudado en expresar criterios propios, como ocurri\u00f3 con la opa del BBVA.<\/p>\n<p class=\"\"><b>\u00bfCu\u00e1l es su postura? <\/b>Mientras el consejo del Sabadell rechaz\u00f3 por unanimidad la operaci\u00f3n, Mart\u00ednez consider\u00f3 que la fusi\u00f3n era una \u201cestrategia acertada\u201d, aunque solicit\u00f3 a BBVA mejorar su oferta. <\/p>\n<ul>\n<li>Su perfil responde al de un \u201ctibur\u00f3n de las finanzas\u201d: compra en momentos de debilidad y vende tras la recuperaci\u00f3n.<\/li>\n<\/ul>\n<p class=\"\">\u00a9Foto: Albert Garcia<\/p>\n<p class=\"\"><a href=\"https:\/\/elpais.com\/economia\/2025-09-20\/un-tiburon-mexicano-que-muerde-en-silencio-el-consejero-del-sabadell-que-se-deja-querer-por-el-bbva.html\" target=\"_self\" rel=\"nofollow noopener\" title=\"https:\/\/elpais.com\/economia\/2025-09-20\/un-tiburon-mexicano-que-muerde-en-silencio-el-consejero-del-sabadell-que-se-deja-querer-por-el-bbva.html\">Si quieres saber m\u00e1s, puedes leer aqu\u00ed.<\/a><\/p>\n","protected":false},"excerpt":{"rendered":"DVD 1273 30\/06\/25 Barcelona. Un anciano saca dinero del cajero en una oficiana del Banc Sabadell de la&hellip;\n","protected":false},"author":2,"featured_media":126721,"comment_status":"","ping_status":"","sticky":false,"template":"","format":"standard","meta":{"footnotes":""},"categories":[80],"tags":[3288,3285,82,95,94,25,24,921,3284,6558,41112,23],"class_list":{"0":"post-126720","1":"post","2":"type-post","3":"status-publish","4":"format-standard","5":"has-post-thumbnail","7":"category-economia","8":"tag-bancos","9":"tag-bbva","10":"tag-business","11":"tag-economia","12":"tag-economy","13":"tag-es","14":"tag-espana","15":"tag-inversion","16":"tag-opa","17":"tag-opa-hostil","18":"tag-sabadell-multibanca","19":"tag-spain"},"share_on_mastodon":{"url":"","error":""},"_links":{"self":[{"href":"https:\/\/www.europesays.com\/es\/wp-json\/wp\/v2\/posts\/126720","targetHints":{"allow":["GET"]}}],"collection":[{"href":"https:\/\/www.europesays.com\/es\/wp-json\/wp\/v2\/posts"}],"about":[{"href":"https:\/\/www.europesays.com\/es\/wp-json\/wp\/v2\/types\/post"}],"author":[{"embeddable":true,"href":"https:\/\/www.europesays.com\/es\/wp-json\/wp\/v2\/users\/2"}],"replies":[{"embeddable":true,"href":"https:\/\/www.europesays.com\/es\/wp-json\/wp\/v2\/comments?post=126720"}],"version-history":[{"count":0,"href":"https:\/\/www.europesays.com\/es\/wp-json\/wp\/v2\/posts\/126720\/revisions"}],"wp:featuredmedia":[{"embeddable":true,"href":"https:\/\/www.europesays.com\/es\/wp-json\/wp\/v2\/media\/126721"}],"wp:attachment":[{"href":"https:\/\/www.europesays.com\/es\/wp-json\/wp\/v2\/media?parent=126720"}],"wp:term":[{"taxonomy":"category","embeddable":true,"href":"https:\/\/www.europesays.com\/es\/wp-json\/wp\/v2\/categories?post=126720"},{"taxonomy":"post_tag","embeddable":true,"href":"https:\/\/www.europesays.com\/es\/wp-json\/wp\/v2\/tags?post=126720"}],"curies":[{"name":"wp","href":"https:\/\/api.w.org\/{rel}","templated":true}]}}