{"id":126724,"date":"2025-09-20T05:11:15","date_gmt":"2025-09-20T05:11:15","guid":{"rendered":"https:\/\/www.europesays.com\/es\/126724\/"},"modified":"2025-09-20T05:11:15","modified_gmt":"2025-09-20T05:11:15","slug":"ayuso-inaugura-el-curso-universitario-alertando-de-que-no-consentira-que-la-educacion-se-convierta-en-guerra-ideologica","status":"publish","type":"post","link":"https:\/\/www.europesays.com\/es\/126724\/","title":{"rendered":"Ayuso inaugura el curso universitario alertando de que no consentir\u00e1 que la Educaci\u00f3n se convierta en guerra ideol\u00f3gica"},"content":{"rendered":"<p>UAH<\/p>\n<p>entre v\u00edtores de un grupo de concentrados y protestas sindicalistas, la presidenta regional ha inaugurado el curso universitario en el Paraninfo de la Universidad de Alcal\u00e1 de Henares. En su discurso ha rechazado que se instrumentalicen los centros educativos para la \u201cguerra ideol\u00f3gica\u201d: \u201cla educaci\u00f3n no es compatible con la colectivizaci\u00f3n revolucionaria\u201d<\/p>\n<p class=\"articleSignature-name\"><a href=\"https:\/\/www.ondacero.es\/autores\/patxi-linaza\/\" rel=\"nofollow noopener\" target=\"_blank\">Patxi Linaza<\/a><a class=\"articleSignature-social\" href=\"https:\/\/twitter.com\/aupatxi\" target=\"_blank\" rel=\"noopener noreferrer nofollow\" aria-label=\"twitter\"><\/a><\/p>\n<p class=\"articleSignature-datecontent\">Madrid | <strong>19.09.2025 15:29 <\/strong><\/p>\n<p><img loading=\"lazy\" decoding=\"async\" title=\"Ayuso inaugura el curso universitario alertando de que no consentir\u00e1 que la Educaci\u00f3n se convierta en guerra partidista\" alt=\"Ayuso inaugura el curso universitario alertando de que no consentir\u00e1 que la Educaci\u00f3n se convierta en guerra partidista\" width=\"480\" height=\"270\" src=\"https:\/\/www.europesays.com\/es\/wp-content\/uploads\/2025\/09\/ayuso-inaugura-curso-universitario-alertando-que-consentira-que-educacion-convierta-guerra-partidist.webp\"\/>Ayuso inaugura el curso universitario alertando de que no consentir\u00e1 que la Educaci\u00f3n se convierta en guerra partidista | Comunidad de Madrid<script async src=\"https:\/\/platform.twitter.com\/widgets.js\" charset=\"utf-8\"><\/script><\/p>\n","protected":false},"excerpt":{"rendered":"UAH entre v\u00edtores de un grupo de concentrados y protestas sindicalistas, la presidenta regional ha inaugurado el curso&hellip;\n","protected":false},"author":2,"featured_media":126725,"comment_status":"","ping_status":"","sticky":false,"template":"","format":"standard","meta":{"footnotes":""},"categories":[8],"tags":[17,18,25,24,13,14,11,19,20,9,10,15,16,23,12,21,22],"class_list":{"0":"post-126724","1":"post","2":"type-post","3":"status-publish","4":"format-standard","5":"has-post-thumbnail","7":"category-espana","8":"tag-breaking-news","9":"tag-breakingnews","10":"tag-es","11":"tag-espana","12":"tag-featured-news","13":"tag-featurednews","14":"tag-headlines","15":"tag-latest-news","16":"tag-latestnews","17":"tag-news","18":"tag-noticias","19":"tag-noticias-destacadas","20":"tag-noticiasdestacadas","21":"tag-spain","22":"tag-titulares","23":"tag-ultimas-noticias","24":"tag-ultimasnoticias"},"share_on_mastodon":{"url":"","error":""},"_links":{"self":[{"href":"https:\/\/www.europesays.com\/es\/wp-json\/wp\/v2\/posts\/126724","targetHints":{"allow":["GET"]}}],"collection":[{"href":"https:\/\/www.europesays.com\/es\/wp-json\/wp\/v2\/posts"}],"about":[{"href":"https:\/\/www.europesays.com\/es\/wp-json\/wp\/v2\/types\/post"}],"author":[{"embeddable":true,"href":"https:\/\/www.europesays.com\/es\/wp-json\/wp\/v2\/users\/2"}],"replies":[{"embeddable":true,"href":"https:\/\/www.europesays.com\/es\/wp-json\/wp\/v2\/comments?post=126724"}],"version-history":[{"count":0,"href":"https:\/\/www.europesays.com\/es\/wp-json\/wp\/v2\/posts\/126724\/revisions"}],"wp:featuredmedia":[{"embeddable":true,"href":"https:\/\/www.europesays.com\/es\/wp-json\/wp\/v2\/media\/126725"}],"wp:attachment":[{"href":"https:\/\/www.europesays.com\/es\/wp-json\/wp\/v2\/media?parent=126724"}],"wp:term":[{"taxonomy":"category","embeddable":true,"href":"https:\/\/www.europesays.com\/es\/wp-json\/wp\/v2\/categories?post=126724"},{"taxonomy":"post_tag","embeddable":true,"href":"https:\/\/www.europesays.com\/es\/wp-json\/wp\/v2\/tags?post=126724"}],"curies":[{"name":"wp","href":"https:\/\/api.w.org\/{rel}","templated":true}]}}