{"id":126726,"date":"2025-09-20T05:12:25","date_gmt":"2025-09-20T05:12:25","guid":{"rendered":"https:\/\/www.europesays.com\/es\/126726\/"},"modified":"2025-09-20T05:12:25","modified_gmt":"2025-09-20T05:12:25","slug":"la-upna-celebra-por-primera-vez-en-tudela-la-noche-europea-de-los-investigadores-e-investigadoras","status":"publish","type":"post","link":"https:\/\/www.europesays.com\/es\/126726\/","title":{"rendered":"La UPNA celebra por primera vez en Tudela la Noche Europea de los Investigadores e Investigadoras"},"content":{"rendered":"<p id=\"actualidad_datos\">19-09-2025 | <a href=\"https:\/\/www.tudela.es\/noticias\/educacion\" rel=\"nofollow noopener\" target=\"_blank\">Educaci\u00f3n<\/a>  <\/p>\n<p>      <a href=\"https:\/\/www.tudela.es\/media\/cache\/full\/presentacion-noches-investigadores-114129.jpg\" rel=\"shadowbox[noticia] nofollow noopener\" title=\"Presentaci\u00f3n noches investigadores\" target=\"_blank\"><img loading=\"lazy\" decoding=\"async\" src=\"https:\/\/www.europesays.com\/es\/wp-content\/uploads\/2025\/09\/presentacion-noches-investigadores-114129.jpg\" width=\"520\" height=\"300\" alt=\"Presentaci\u00f3n noches investigadores\" \/><\/a>      <\/p>\n<p style=\"text-align: justify;\">&#13;<br \/>\n\t<strong>. Tendr\u00e1 lugar el jueves 25 de septiembre, con actividades en el Centro C\u00edvico Lestonnac y en el Tudela Green Temple.<br \/>&#13;<br \/>\n\t<\/strong><\/p>\n<p style=\"text-align: justify;\">&#13;<br \/>\n\t<strong>. La programaci\u00f3n incluir\u00e1 talleres pr\u00e1cticos, una cata de aceite y un encuentro sobre innovaci\u00f3n gastron\u00f3mica.<br \/>&#13;<br \/>\n\t<\/strong><\/p>\n<p style=\"text-align: justify;\">&#13;<br \/>\n\tTudela, 19 de septiembre de 2025<\/p>\n<p style=\"text-align: justify;\">&#13;<br \/>\n\tLa concejala de Educaci\u00f3n y Centros C\u00edvicos del Ayuntamiento de Tudela, Laura Casanova Sainz-Aja, y el director del campus de la Universidad P\u00fablica de Navarra (UPNA) en la capital ribera, Santiago S\u00e1nchez Alegr\u00eda, han presentado esta ma\u00f1ana la programaci\u00f3n de la Noche Europea de los Investigadores e Investigadoras, que se celebra por primera vez en Tudela el pr\u00f3ximo jueves 25 de septiembre.<\/p>\n<p style=\"text-align: justify;\">&#13;<br \/>\n\tSe trata de una iniciativa de la Uni\u00f3n Europea que busca acercar la investigaci\u00f3n cient\u00edfica a la ciudadan\u00eda de manera inclusiva y participativa. En Tudela, las actividades tendr\u00e1n lugar en el Centro C\u00edvico Lestonnac y en el Tudela Green Temple (antigua iglesia de San Nicol\u00e1s), gracias a la colaboraci\u00f3n del Ayuntamiento. La programaci\u00f3n, de acceso libre y gratuito salvo las actividades con inscripci\u00f3n, incluir\u00e1 talleres pr\u00e1cticos, una cata de aceite (con el aforo ya completo) y un encuentro sobre innovaci\u00f3n gastron\u00f3mica, cuya inscripci\u00f3n est\u00e1 abierta.<\/p>\n<p style=\"text-align: justify;\">&#13;<br \/>\n\tToda la informaci\u00f3n y las inscripciones est\u00e1n disponibles en la web oficial de la Noche Europea de los Investigadores e Investigadoras.<\/p>\n<p style=\"text-align: justify;\">&#13;<br \/>\n\t<strong>Talleres experimentales <br \/>&#13;<br \/>\n\t<\/strong><\/p>\n<p style=\"text-align: justify;\">&#13;<br \/>\n\tA partir de las 17:00 horas, el Centro C\u00edvico Lestonnac acoger\u00e1 dos propuestas:<\/p>\n<p style=\"text-align: justify;\">&#13;<br \/>\n\t\u2022 \u201cExperimenta: del dise\u00f1o al objeto, la impresi\u00f3n 3D en tus manos\u201d, un taller del grupo de investigaci\u00f3n Dise\u00f1o Industrial (Instituto de Smart Cities, UPNA), en el que se podr\u00e1 dise\u00f1ar un objeto en 3D, escanear piezas en tiempo real y observar el funcionamiento de impresoras de pl\u00e1stico y metal. Participan Fernando Veiga Su\u00e1rez, Virginia Uralde Jim\u00e9nez, Juan Manuel Sustacha Solano, Carlos Garc\u00eda Vidaurreta y Eneko Villabona Gorri.<\/p>\n<p style=\"text-align: justify;\">&#13;<br \/>\n\t\u2022 \u201cExperimenta: \u00a1que la fuerza te acompa\u00f1e!\u201d, dirigido a ni\u00f1as, ni\u00f1os y j\u00f3venes de hasta 19 a\u00f1os, con pruebas cient\u00edficas reconocidas para evaluar la condici\u00f3n f\u00edsica y elaborar un informe personalizado. Est\u00e1 impulsado por el grupo de investigaci\u00f3n E-FIT (Ejercicio F\u00edsico, Salud y Calidad de Vida). Participan los investigadores \u00d3scar Mart\u00ednez de Quel P\u00e9rez y Unai Azc\u00e1rate Jim\u00e9nez.<\/p>\n<p style=\"text-align: justify;\">&#13;<br \/>\n\t<strong>Experiencias gastron\u00f3micas <br \/>&#13;<br \/>\n\t<\/strong><\/p>\n<p style=\"text-align: justify;\">&#13;<br \/>\n\tEl Tudela Green Temple ser\u00e1 escenario de dos citas que combinan ciencia y gastronom\u00eda:<\/p>\n<p style=\"text-align: justify;\">&#13;<br \/>\n\t\u2022 A las 18:00 horas, \u201cCata con Ciencia. El olivo bajo la lupa, innovaci\u00f3n y tradicci\u00f3n en Navarra\u201d, que incluye una charla sobre los retos del cultivo del olivo y una degustaci\u00f3n de aceites con DOP Navarra. Intervendr\u00e1n Joaqu\u00edn Garnica Hermoso y Anna Chetyrina Fomina, especialistas vinculados a la C\u00e1tedra INTIA de Transferencia e Innovaci\u00f3n Agroalimentaria de la UPNA. Actividad con aforo completo.<\/p>\n<p style=\"text-align: justify;\">&#13;<br \/>\n\t\u2022 De 19:00 a 21:00 horas, \u201cChef y ciencia: la innovaci\u00f3n en la cocina tradicional navarra\u201d, con la participaci\u00f3n de los chefs Luis Salcedo Irala (El Choko de Remigio, Tudela) y Virgilio Mart\u00ednez G\u00f3mez (Restaurante Beethoven, Fontellas), junto con la catedr\u00e1tica Mar\u00eda Jos\u00e9 Beri\u00e1in Apestegu\u00eda (Instituto ISFOOD, UPNA). Moderada por Idoya Fern\u00e1ndez Pan, la sesi\u00f3n explorar\u00e1 la compatibilidad entre tradici\u00f3n culinaria e innovaci\u00f3n, con degustaci\u00f3n demostrativa incluida. La actividad exige inscripci\u00f3n previa.<\/p>\n<p style=\"text-align: justify;\">&#13;<br \/>\n\t<strong>Una iniciativa europea<br \/>&#13;<br \/>\n\t<\/strong><\/p>\n<p style=\"text-align: justify;\">&#13;<br \/>\n\tLa Noche Europea de los Investigadores e Investigadoras forma parte del proyecto G9-SCIENCE4ALL, financiado por la Uni\u00f3n Europea a trav\u00e9s de su Programa Marco de Investigaci\u00f3n e Innovaci\u00f3n (acuerdo de subvenci\u00f3n n.\u00ba 101162477). Adem\u00e1s de Tudela, la UPNA celebrar\u00e1 actividades el jueves 25 en Estella-Lizarra y el viernes 26 en Pamplona, con la colaboraci\u00f3n del Gobierno de Navarra, Fundaci\u00f3n Caja Navarra (Civican) y los ayuntamientos de las tres localidades.<\/p>\n<p class=\"boton_volver\"><a href=\"https:\/\/www.tudela.es\/noticia\/javascript:history.go(-1);\" rel=\"nofollow noopener\" target=\"_blank\">volver<\/a><\/p>\n","protected":false},"excerpt":{"rendered":"19-09-2025 | Educaci\u00f3n &#13; . Tendr\u00e1 lugar el jueves 25 de septiembre, con actividades en el Centro C\u00edvico&hellip;\n","protected":false},"author":2,"featured_media":126727,"comment_status":"","ping_status":"","sticky":false,"template":"","format":"standard","meta":{"footnotes":""},"categories":[5],"tags":[19387,19389,17,18,25,24,13,14,11,19,20,9,10,19386,15,16,19388,23,12,21,22],"class_list":{"0":"post-126726","1":"post","2":"type-post","3":"status-publish","4":"format-standard","5":"has-post-thumbnail","7":"category-titulares","8":"tag-anuncios-de-tudela","9":"tag-ayuntamiento-de-tudela","10":"tag-breaking-news","11":"tag-breakingnews","12":"tag-es","13":"tag-espana","14":"tag-featured-news","15":"tag-featurednews","16":"tag-headlines","17":"tag-latest-news","18":"tag-latestnews","19":"tag-news","20":"tag-noticias","21":"tag-noticias-de-tudela","22":"tag-noticias-destacadas","23":"tag-noticiasdestacadas","24":"tag-ofertas-de-empleo-en-tudela","25":"tag-spain","26":"tag-titulares","27":"tag-ultimas-noticias","28":"tag-ultimasnoticias"},"share_on_mastodon":{"url":"","error":""},"_links":{"self":[{"href":"https:\/\/www.europesays.com\/es\/wp-json\/wp\/v2\/posts\/126726","targetHints":{"allow":["GET"]}}],"collection":[{"href":"https:\/\/www.europesays.com\/es\/wp-json\/wp\/v2\/posts"}],"about":[{"href":"https:\/\/www.europesays.com\/es\/wp-json\/wp\/v2\/types\/post"}],"author":[{"embeddable":true,"href":"https:\/\/www.europesays.com\/es\/wp-json\/wp\/v2\/users\/2"}],"replies":[{"embeddable":true,"href":"https:\/\/www.europesays.com\/es\/wp-json\/wp\/v2\/comments?post=126726"}],"version-history":[{"count":0,"href":"https:\/\/www.europesays.com\/es\/wp-json\/wp\/v2\/posts\/126726\/revisions"}],"wp:featuredmedia":[{"embeddable":true,"href":"https:\/\/www.europesays.com\/es\/wp-json\/wp\/v2\/media\/126727"}],"wp:attachment":[{"href":"https:\/\/www.europesays.com\/es\/wp-json\/wp\/v2\/media?parent=126726"}],"wp:term":[{"taxonomy":"category","embeddable":true,"href":"https:\/\/www.europesays.com\/es\/wp-json\/wp\/v2\/categories?post=126726"},{"taxonomy":"post_tag","embeddable":true,"href":"https:\/\/www.europesays.com\/es\/wp-json\/wp\/v2\/tags?post=126726"}],"curies":[{"name":"wp","href":"https:\/\/api.w.org\/{rel}","templated":true}]}}