{"id":126738,"date":"2025-09-20T05:20:23","date_gmt":"2025-09-20T05:20:23","guid":{"rendered":"https:\/\/www.europesays.com\/es\/126738\/"},"modified":"2025-09-20T05:20:23","modified_gmt":"2025-09-20T05:20:23","slug":"el-grupo-baskonia-alaves-inaugura-de-manera-oficial-la-residencia-ondare","status":"publish","type":"post","link":"https:\/\/www.europesays.com\/es\/126738\/","title":{"rendered":"El Grupo Baskonia-Alav\u00e9s inaugura de manera oficial la residencia Ondare"},"content":{"rendered":"<p>\n        <a href=\"https:\/\/www.noticiasdealava.eus\/alaves\/2025\/09\/19\/grupo-baskonia-alaves-inaugura-residencia-ondare-10104739.html\" title=\"El proyecto de Ondare ya es una realidad.\" target=\"_blank\" class=\"link copy\" rel=\"nofollow noopener\">El proyecto de Ondare ya es una realidad. <\/a>Este viernes, <strong>Josean Querejeta<\/strong>, presidente del Grupo Baskonia-Alav\u00e9s, junto a <strong>Ramiro Gonz\u00e1lez<\/strong>, diputado general de \u00c1lava, y <strong>Maider Etxebarria<\/strong>, alcaldesa de Vitoria, inauguraron<strong> la nueva residencia del Grupo Baskonia-Alav\u00e9s.<\/strong>\n<\/p>\n<p class=\"article-body__text \">\n        Adem\u00e1s, el evento tuvo <strong>varios invitados ilustres<\/strong> m\u00e1s como por ejemplo<strong> Antonio Sivera, V\u00edctor Laguardia, Eduardo Coudet, Protesoni, Antonio Blanco, Tenaglia o Sergio Fern\u00e1ndez<\/strong> entre muchos otros.\n<\/p>\n<p>            <a href=\"https:\/\/www.noticiasdealava.eus\/baskonia\/2025\/03\/07\/glamur-raudales-ondare-baskonia-25-anos-baskonia-euroliga-9368837.html\" title=\"Glamur a raudales en Ondare\" class=\"new__media\" rel=\"nofollow noopener\" target=\"_blank\"><\/p>\n<p>                <img alt=\"Glamur a raudales en Ondare\" data-src=\"https:\/\/www.europesays.com\/es\/wp-content\/uploads\/2025\/09\/9a30932d-ef4e-416d-97e8-5dfa42ea9c06_16-9-aspect-ratio_default_0.jpg\" class=\"lozad\"\/><\/p>\n<p>        <\/a><\/p>\n<p>        <a href=\"https:\/\/www.noticiasdealava.eus\/baskonia\/2025\/03\/07\/glamur-raudales-ondare-baskonia-25-anos-baskonia-euroliga-9368837.html\" title=\"Glamur a raudales en Ondare\" class=\"new__headline\" rel=\"nofollow noopener\" target=\"_blank\"><br \/>\n            Glamur a raudales en Ondare<br \/>\n        <\/a><\/p>\n<p class=\"article-photo__footer\">\n            En im\u00e1genes: La nueva residencia de Alav\u00e9s y Baskonia abre sus puertas                    <\/p>\n<p class=\"article-body__text \">\n        La representaci\u00f3n alavesista fue notablemente mayor a la del <a href=\"https:\/\/www.noticiasdealava.eus\/baskonia\/\" title=\"Baskonia\" class=\"link copy\" rel=\"nofollow noopener\" target=\"_blank\">Baskonia<\/a> debido a que<strong> el equipo dirigido por Paolo Galbiati se encuentra concentrado en Pontevedra<\/strong> para disputar el Torneo EncestaR\u00edas.\n<\/p>\n<p class=\"article-body__text \">\n        El nuevo edificio construido en la Calle Portal de Zurbano,<strong> junto al Bakh, al humedal de Salburua y al Buesa Arena<\/strong>, cuenta con una capacidad de<strong> 238 habitaciones que podr\u00e1n albergar a 287 residentes.<\/strong>\n<\/p>\n<p class=\"article-body__text \">\n        Adem\u00e1s, la Residencia Ondare, tiene<strong> una extensi\u00f3n de 7.500 metros cuadrados de superficie<\/strong> y m\u00faltiples servicios para adaptarse a las necesidades de cada residente.\n<\/p>\n<p>            <a href=\"https:\/\/www.noticiasdealava.eus\/alaves\/2025\/08\/19\/ondare-residencia-abrira-puertas-28-9993577.html\" title=\"El Grupo Baskonia-Alav\u00e9s abrir\u00e1 su residencia el 28 de agosto\" class=\"new__media\" rel=\"nofollow noopener\" target=\"_blank\"><\/p>\n<p>                <img alt=\"El Grupo Baskonia-Alav\u00e9s abrir\u00e1 su residencia el 28 de agosto\" data-src=\"https:\/\/www.europesays.com\/es\/wp-content\/uploads\/2025\/09\/7f93fa30-fb1e-42c0-8f43-c56ca70e1f90_16-9-aspect-ratio_default_0.jpg\" class=\"lozad\"\/><\/p>\n<p>        <\/a><\/p>\n<p>        <a href=\"https:\/\/www.noticiasdealava.eus\/alaves\/2025\/08\/19\/ondare-residencia-abrira-puertas-28-9993577.html\" title=\"El Grupo Baskonia-Alav\u00e9s abrir\u00e1 su residencia el 28 de agosto\" class=\"new__headline\" rel=\"nofollow noopener\" target=\"_blank\"><br \/>\n            El Grupo Baskonia-Alav\u00e9s abrir\u00e1 su residencia el 28 de agosto<br \/>\n        <\/a><\/p>\n<p class=\"article-body__text \">\n        <strong>El 28 de agosto la residencia abri\u00f3 sus puertas<\/strong> y desde entonces decenas de j\u00f3venes disfrutan de las instalaciones tras la apertura. No obstante, <strong>con el paso de las semanas, m\u00e1s hu\u00e9spedes seguir\u00e1n llenando de vida el nuevo hogar<\/strong> del Grupo Baskonia-Alav\u00e9s.\n<\/p>\n<p class=\"article-body__text \">\n        De esta forma, con la inauguraci\u00f3n oficial de las instalaciones, llega a su fin la construcci\u00f3n de <strong>uno de los proyectos m\u00e1s ambiciosos de Josean Querejeta.\u00a0<\/strong>\n<\/p>\n<blockquote class=\"twitter-tweet\" data-lang=\"es\" wp_automatic_readability=\"4.1611111111111\">\n<p lang=\"ca\" dir=\"ltr\">El Grupo Baskonia-Alav\u00e9s inaugura oficialmente Ondare Residencia <\/p>\n<p>\ud83d\uddde\ufe0f <a href=\"https:\/\/t.co\/nGjrmtUNCx\" rel=\"nofollow\">https:\/\/t.co\/nGjrmtUNCx<\/a> <a href=\"https:\/\/t.co\/oVrGTsVDwk\" rel=\"nofollow\">pic.twitter.com\/oVrGTsVDwk<\/a><\/p>\n<p>\u2014 Deportivo Alav\u00e9s (@Alaves) <a href=\"https:\/\/twitter.com\/Alaves\/status\/1969003175106519516?ref_src=twsrc%5Etfw\" rel=\"nofollow noopener\" target=\"_blank\">19 de septiembre de 2025<\/a><\/p><\/blockquote>\n<p class=\"article-body__text \">\n        <strong>Las obras, que comenzaron a finales de marzo de 2024, cumplieron desde el primer momento con el calendario establecido.<\/strong> Gracias a ello, este viernes se pudo llevar a cabo sin problemas el acto oficial de apertura de la residencia.\n<\/p>\n<p class=\"article-body__text \">\n        <strong>Alberto Fern\u00e1ndez<\/strong>, director de comunicaci\u00f3n del Grupo Baskonia-Alav\u00e9s, dio la bienvenida agradeciendo a todos los asistentes su presencia en la inauguraci\u00f3n:<strong> \u201cEstamos muy contentos de inaugurar este gran proyecto\u201d.<\/strong>\n<\/p>\n<p class=\"article-photo__footer\">\n            En im\u00e1genes: La nueva residencia de Alav\u00e9s y Baskonia abre sus puertas                    <\/p>\n<p>            <a href=\"https:\/\/www.noticiasdealava.eus\/alaves\/2025\/09\/18\/alaves-clubes-capaces-convencerme-volver-10097232.html\" title=\"\u201cEl Alav\u00e9s era de los pocos clubes capaces de convencerme de volver a LALIGA\u201d\" class=\"new__media\" rel=\"nofollow noopener\" target=\"_blank\"><\/p>\n<p>                <img alt=\"\u201cEl Alav\u00e9s era de los pocos clubes capaces de convencerme de volver a LALIGA\u201d\" data-src=\"https:\/\/www.europesays.com\/es\/wp-content\/uploads\/2025\/09\/6a06d0ee-c7d2-412c-bb85-62d55891b44d_16-9-aspect-ratio_default_0_x984y530.jpg\" class=\"lozad\"\/><\/p>\n<p>        <\/a><\/p>\n<p>        <a href=\"https:\/\/www.noticiasdealava.eus\/alaves\/2025\/09\/18\/alaves-clubes-capaces-convencerme-volver-10097232.html\" title=\"\u201cEl Alav\u00e9s era de los pocos clubes capaces de convencerme de volver a LALIGA\u201d\" class=\"new__headline\" rel=\"nofollow noopener\" target=\"_blank\"><br \/>\n            \u201cEl Alav\u00e9s era de los pocos clubes capaces de convencerme de volver a LALIGA\u201d<br \/>\n        <\/a><\/p>\n<p>  Referencia a nivel mundial <\/p>\n<p class=\"article-body__text \">\n        Josean Querejeta fue el primero en tomar la palabra: \u201cEstamos ante <strong>un proyecto \u00fanico a nivel internacional, que ofrece a j\u00f3venes de todo el mundo un entorno de m\u00e1xima calidad para crecer<\/strong>, formarse y alcanzar sus objetivos en un marco integral e innovador\u201d.\n<\/p>\n<p class=\"article-body__text \">\n        El m\u00e1ximo responsable de Grupo Baskonia-Alav\u00e9s considera la creaci\u00f3n de Ondare <strong>\u201cun proyecto referente mundial\u201d.<\/strong> Adem\u00e1s, Querejeta explic\u00f3 que <strong>no solo se trata de una residencia, sino que es \u201calgo m\u00e1s importante de cara al futuro\u201d.<\/strong>\n<\/p>\n<p>            <a href=\"https:\/\/www.noticiasdealava.eus\/baskonia\/2025\/09\/19\/medio-siglo-baskonia-grandes-inaki-cengotitabengoa-historia-10101058.html\" title=\"Medio siglo del Baskonia entre los grandes\" class=\"new__media\" rel=\"nofollow noopener\" target=\"_blank\"><\/p>\n<p>                <img alt=\"Medio siglo del Baskonia entre los grandes\" data-src=\"https:\/\/www.europesays.com\/es\/wp-content\/uploads\/2025\/09\/3cd8563f-820a-4620-98b7-f71386d083b5_16-9-aspect-ratio_default_0_x845y455.jpg\" class=\"lozad\"\/><\/p>\n<p>        <\/a><\/p>\n<p>        <a href=\"https:\/\/www.noticiasdealava.eus\/baskonia\/2025\/09\/19\/medio-siglo-baskonia-grandes-inaki-cengotitabengoa-historia-10101058.html\" title=\"Medio siglo del Baskonia entre los grandes\" class=\"new__headline\" rel=\"nofollow noopener\" target=\"_blank\"><br \/>\n            Medio siglo del Baskonia entre los grandes<br \/>\n        <\/a><\/p>\n<p class=\"article-body__text \">\n        \u201cLos proyectos que estamos desarrollando son <strong>necesarios para mantener a nuestros equipos en la \u00e9lite<\/strong> y consolidar un proyecto sostenible de futuro\u201d, indic\u00f3 Querejeta.\n<\/p>\n<p class=\"article-body__text \">\n        La residencia<strong> ser\u00e1 hogar de los j\u00f3venes talentos de la <\/strong><strong>Baskonia-Alav\u00e9s Academy<\/strong>, otro de los proyectos de Querejeta en el que busca atraer jugadores y estudiantes de todo el mundo para que se desarrollen en Ondare. El crecimiento de Ondare puede ser tan grande que <strong>Querejeta no descart\u00f3 la ampliaci\u00f3n con un nuevo edificio m\u00e1s adelante.<\/strong>\n<\/p>\n<p>            <a href=\"https:\/\/www.noticiasdealava.eus\/alaves\/2025\/09\/16\/alaves-posicion-igualar-mejor-inicio-10086739.html\" title=\"El Alav\u00e9s, en posici\u00f3n de igualar su mejor inicio liguero en la \u00e9lite\" class=\"new__media\" rel=\"nofollow noopener\" target=\"_blank\"><\/p>\n<p>                <img alt=\"El Alav\u00e9s, en posici\u00f3n de igualar su mejor inicio liguero en la \u00e9lite\" data-src=\"https:\/\/www.europesays.com\/es\/wp-content\/uploads\/2025\/09\/90d5f6b2-27c6-4566-91b7-4e750a299057_16-9-aspect-ratio_default_0.jpg\" class=\"lozad\"\/><\/p>\n<p>        <\/a><\/p>\n<p>        <a href=\"https:\/\/www.noticiasdealava.eus\/alaves\/2025\/09\/16\/alaves-posicion-igualar-mejor-inicio-10086739.html\" title=\"El Alav\u00e9s, en posici\u00f3n de igualar su mejor inicio liguero en la \u00e9lite\" class=\"new__headline\" rel=\"nofollow noopener\" target=\"_blank\"><br \/>\n            El Alav\u00e9s, en posici\u00f3n de igualar su mejor inicio liguero en la \u00e9lite<br \/>\n        <\/a><\/p>\n<p class=\"article-body__text \">\n        Por \u00faltimo, el dirigente quiso <strong>\u201cagradecer al equipo de grandes profesionales\u201d<\/strong> su labor para que el proyecto haya terminado siendo realidad, <strong>as\u00ed como a los seguidores y colaboradores de los clubes.<\/strong> \u201cEsto no es solo nuestro, es un espacio que pertenece a la sociedad alavesa\u201d, finaliz\u00f3 Querejeta.\n<\/p>\n<p class=\"article-body__text \">\n        <strong>Maider Etxebarria<\/strong> tom\u00f3 el relevo del dirigente del Grupo Baskonia-Alav\u00e9s, a quienes quiso agradecer la invitaci\u00f3n al evento. La alcaldesa de Vitoria manifest\u00f3 que<strong> Ondare es un \u201cpaso significativo\u201d <\/strong>dentro de la entidad de Salburua. <strong>\u201cNuestra ciudad gana con proyectos como este <\/strong>que nos hacen mirar al futuro con mucha confianza\u201d, coment\u00f3 Etxebarria.\n<\/p>\n<p class=\"article-photo__footer\">\n            En im\u00e1genes: La nueva residencia de Alav\u00e9s y Baskonia abre sus puertas                    <\/p>\n<p>            <a href=\"https:\/\/www.noticiasdealava.eus\/baskonia\/2025\/09\/18\/sedekerskis-nueva-baja-trofeo-encestarias-baskonia-10100620.html\" title=\"Sedekerskis, nueva baja del Baskonia para el Trofeo EncestaR\u00edas\" class=\"new__media\" rel=\"nofollow noopener\" target=\"_blank\"><\/p>\n<p>                <img alt=\"Sedekerskis, nueva baja del Baskonia para el Trofeo EncestaR\u00edas\" data-src=\"https:\/\/www.europesays.com\/es\/wp-content\/uploads\/2025\/09\/6e8a7604-bfd0-4eb6-8747-a77176266224_16-9-aspect-ratio_default_0_x829y333.jpg\" class=\"lozad\"\/><\/p>\n<p>        <\/a><\/p>\n<p>        <a href=\"https:\/\/www.noticiasdealava.eus\/baskonia\/2025\/09\/18\/sedekerskis-nueva-baja-trofeo-encestarias-baskonia-10100620.html\" title=\"Sedekerskis, nueva baja del Baskonia para el Trofeo EncestaR\u00edas\" class=\"new__headline\" rel=\"nofollow noopener\" target=\"_blank\"><br \/>\n            Sedekerskis, nueva baja del Baskonia para el Trofeo EncestaR\u00edas<br \/>\n        <\/a><\/p>\n<p class=\"article-body__text \">\n        Adem\u00e1s, la alcaldesa recalc\u00f3 que \u201cno hay mejor legado para <strong>transmitir a nuestros j\u00f3venes que los valores que nacen del deporte<\/strong> y de la educaci\u00f3n\u201d. Por \u00faltimo, Etxebarria catalog\u00f3 a Ondare como <strong>\u201cun proyecto ganador\u201d, fundamentado en tres pilares: innovaci\u00f3n, conocimiento y deporte.<\/strong>\n<\/p>\n<p>  Una apuesta ambiciosa <\/p>\n<p class=\"article-body__text \">\n        <strong>Ramiro Gonz\u00e1lez<\/strong> fue el \u00faltimo en tomar la palabra durante el evento. El diputado general de \u00c1lava quiso <strong>agradecer a Querejeta su capacidad de arriesgar<\/strong> para que proyectos como Ondare salgan adelante.\n<\/p>\n<p>            <a href=\"https:\/\/www.noticiasdealava.eus\/alaves\/2025\/09\/15\/minutos-alaves-10082038.html\" title=\"Minutos para casi todos en el Alav\u00e9s\" class=\"new__media\" rel=\"nofollow noopener\" target=\"_blank\"><\/p>\n<p>                <img alt=\"Minutos para casi todos en el Alav\u00e9s\" data-src=\"https:\/\/www.europesays.com\/es\/wp-content\/uploads\/2025\/09\/2ced345d-efed-44b5-8e15-9dc4efc27cfa_16-9-aspect-ratio_default_0.jpg\" class=\"lozad\"\/><\/p>\n<p>        <\/a><\/p>\n<p>        <a href=\"https:\/\/www.noticiasdealava.eus\/alaves\/2025\/09\/15\/minutos-alaves-10082038.html\" title=\"Minutos para casi todos en el Alav\u00e9s\" class=\"new__headline\" rel=\"nofollow noopener\" target=\"_blank\"><br \/>\n            Minutos para casi todos en el Alav\u00e9s<br \/>\n        <\/a><\/p>\n<p class=\"article-body__text \">\n        \u201cHoy se cumple <strong>un pelda\u00f1o m\u00e1s de un sue\u00f1o ambicioso, al que todav\u00eda le queda mucho m\u00e1s camino<\/strong> por recorrer\u201d, comenz\u00f3 durante su ponencia Gonz\u00e1lez. El diputado general de \u00c1lava tild\u00f3 el proyecto como <strong>\u201cun sue\u00f1o que transformar\u00e1 la ciudad\u201d.\u00a0<\/strong>\n<\/p>\n<p class=\"article-photo__footer\">\n            En im\u00e1genes: La nueva residencia de Alav\u00e9s y Baskonia abre sus puertas                    <\/p>\n<p class=\"article-body__text \">\n        <strong>\u201cOndare pretende colocarnos entre los principales lugares del mundo. <\/strong>En momentos dif\u00edciles, necesitamos de la iniciativa privada y de equipos que apuesten y arriesguen para que sean capaces de hacer realidad esos sue\u00f1os\u201d, concluy\u00f3 Gonz\u00e1lez.\n<\/p>\n<p class=\"article-body__text \">\n        Por \u00faltimo, se llev\u00f3 a cabo<strong> el corte de la cinta inaugural <\/strong>que dio paso a la visita a las instalaciones, acompa\u00f1ada de un catering para todos los invitados.\n<\/p>\n<p>            <script async src=\"https:\/\/platform.twitter.com\/widgets.js\" charset=\"utf-8\"><\/script><\/p>\n","protected":false},"excerpt":{"rendered":"El proyecto de Ondare ya es una realidad. Este viernes, Josean Querejeta, presidente del Grupo Baskonia-Alav\u00e9s, junto a&hellip;\n","protected":false},"author":2,"featured_media":126739,"comment_status":"","ping_status":"","sticky":false,"template":"","format":"standard","meta":{"footnotes":""},"categories":[269],"tags":[1334,299,298,4714,168,25,24,100,4520,5879,23,167],"class_list":{"0":"post-126738","1":"post","2":"type-post","3":"status-publish","4":"format-standard","5":"has-post-thumbnail","7":"category-baloncesto","8":"tag-alaves","9":"tag-baloncesto","10":"tag-basketball","11":"tag-baskonia","12":"tag-deportes","13":"tag-es","14":"tag-espana","15":"tag-grupo","16":"tag-inaugura","17":"tag-manera","18":"tag-spain","19":"tag-sports"},"share_on_mastodon":{"url":"","error":""},"_links":{"self":[{"href":"https:\/\/www.europesays.com\/es\/wp-json\/wp\/v2\/posts\/126738","targetHints":{"allow":["GET"]}}],"collection":[{"href":"https:\/\/www.europesays.com\/es\/wp-json\/wp\/v2\/posts"}],"about":[{"href":"https:\/\/www.europesays.com\/es\/wp-json\/wp\/v2\/types\/post"}],"author":[{"embeddable":true,"href":"https:\/\/www.europesays.com\/es\/wp-json\/wp\/v2\/users\/2"}],"replies":[{"embeddable":true,"href":"https:\/\/www.europesays.com\/es\/wp-json\/wp\/v2\/comments?post=126738"}],"version-history":[{"count":0,"href":"https:\/\/www.europesays.com\/es\/wp-json\/wp\/v2\/posts\/126738\/revisions"}],"wp:featuredmedia":[{"embeddable":true,"href":"https:\/\/www.europesays.com\/es\/wp-json\/wp\/v2\/media\/126739"}],"wp:attachment":[{"href":"https:\/\/www.europesays.com\/es\/wp-json\/wp\/v2\/media?parent=126738"}],"wp:term":[{"taxonomy":"category","embeddable":true,"href":"https:\/\/www.europesays.com\/es\/wp-json\/wp\/v2\/categories?post=126738"},{"taxonomy":"post_tag","embeddable":true,"href":"https:\/\/www.europesays.com\/es\/wp-json\/wp\/v2\/tags?post=126738"}],"curies":[{"name":"wp","href":"https:\/\/api.w.org\/{rel}","templated":true}]}}