{"id":126742,"date":"2025-09-20T05:22:12","date_gmt":"2025-09-20T05:22:12","guid":{"rendered":"https:\/\/www.europesays.com\/es\/126742\/"},"modified":"2025-09-20T05:22:12","modified_gmt":"2025-09-20T05:22:12","slug":"macarena-olona-de-diputada-a-modelo","status":"publish","type":"post","link":"https:\/\/www.europesays.com\/es\/126742\/","title":{"rendered":"Macarena Olona, de diputada a modelo"},"content":{"rendered":"<p class=\"paragraph\">No deja de sorprendernos. La abogada del Estado, Macarena Olona, y pol\u00edtica vehemente donde las haya, ahora se pasa al mundo de la moda.<\/p>\n<p class=\"paragraph\">Debuta como modelo del modisto Hannibal Laguna con gran entusiasmo. Un papel que disfruta y que no duda en compartir en sus redes sociales mostrando sus dudas a la hora de elegir modelito. Olona, posa y se gusta, luciendo un elegante vestido del modisto valenciano en la primera fila de su desfile. Posa,  sonr\u00ede y deja que la c\u00e1mara del fot\u00f3grafo le mime.<\/p>\n<p class=\"c-detail__media__subtitle composite_image\">\n<p>        Macarena OlonaGTRES<\/p>\n<p class=\"paragraph\">Muy favorecida, la expol\u00edtico de Vox que fund\u00f3 despu\u00e9s su propia plataforma para ir a las elecciones sin demasiado \u00e9xito, se convierte este viernes en modelo por un d\u00eda de nuevo. Al menos, eso parece.  \u00abLo dif\u00edcil es elegir uno de sus modelos porque todos son joyas\u00bb, dice. En a\u00f1os pasados tambi\u00e9n acudi\u00f3 a la cita con el \u00abquerido modisto\u00bb.<\/p>\n<p class=\"c-detail__media__subtitle composite_image\">\n<p>        Macarena OlonaGTRES<\/p>\n<p class=\"paragraph\">En plena semana de la moda, la famosa tertuliana televisiva acudi\u00f3 a disfrutar de la pasarela madrile\u00f1a sentada en primera fila, como las estrellas de cine. En enero de 2024 anunci\u00f3 su retirada de la vida p\u00fablica.<\/p>\n<p class=\"c-detail__media__subtitle composite_image\">\n<p>        Olona con los vestidos de Hannibal Laguna<\/p>\n<p class=\"paragraph\">Hannibal Laguna es una marca que nace en 1987 como una insignia de moda dentro de una empresa familiar textil con vocaci\u00f3n artesana. El dise\u00f1ador del mismo nombre nacido en Venezuela a los 15 a\u00f1os se traslada a Espa\u00f1a, iniciando sus estudios de modisto en Mil\u00e1n cuando cumple 18 a\u00f1os.  Es un veterano de la costura y de la pasarela madrilena, donde acaba de presentar su nueva colecci\u00f3n en MBFW. Llena de colores, volantes y escotes. Como bien luce Olona.<\/p>\n<p class=\"c-detail__media__subtitle composite_image\">\n<p>        Hannibal LagunaGTRES<\/p>\n<p>            <a href=\"#\" title=\"\"><br \/>\n                <img decoding=\"async\" loading=\"lazy\" width=\"120px\" height=\"90px\" alt=\"Hannibal Laguna\" src=\"https:\/\/imagenes.eldebate.com\/files\/related_image\/files\/fp\/uploads\/2025\/03\/28\/67e68971043c6.r_d.331-181.jpeg\" data-full-src=\"https:\/\/www.europesays.com\/es\/wp-content\/uploads\/2025\/09\/67e68971043c6.jpeg\"\/><br \/>\n            <\/a><\/p>\n<p class=\"paragraph\">Las colecciones de la firma Hannibal Laguna son toda una declaraci\u00f3n de intenciones. Su sello se refleja en sus inconfundibles siluetas femeninas. Amigo de sus amigos, de Bego\u00f1a G\u00f3mez y Pedro S\u00e1nchez a Macarena Olona, no hay distancia en el coraz\u00f3n del  reconocido y prestigioso modisto.<\/p>\n","protected":false},"excerpt":{"rendered":"No deja de sorprendernos. La abogada del Estado, Macarena Olona, y pol\u00edtica vehemente donde las haya, ahora se&hellip;\n","protected":false},"author":2,"featured_media":126743,"comment_status":"","ping_status":"","sticky":false,"template":"","format":"standard","meta":{"footnotes":""},"categories":[174],"tags":[255,146,147,25,24,256,23],"class_list":{"0":"post-126742","1":"post","2":"type-post","3":"status-publish","4":"format-standard","5":"has-post-thumbnail","7":"category-famosos","8":"tag-celebrities","9":"tag-entertainment","10":"tag-entretenimiento","11":"tag-es","12":"tag-espana","13":"tag-famosos","14":"tag-spain"},"share_on_mastodon":{"url":"","error":""},"_links":{"self":[{"href":"https:\/\/www.europesays.com\/es\/wp-json\/wp\/v2\/posts\/126742","targetHints":{"allow":["GET"]}}],"collection":[{"href":"https:\/\/www.europesays.com\/es\/wp-json\/wp\/v2\/posts"}],"about":[{"href":"https:\/\/www.europesays.com\/es\/wp-json\/wp\/v2\/types\/post"}],"author":[{"embeddable":true,"href":"https:\/\/www.europesays.com\/es\/wp-json\/wp\/v2\/users\/2"}],"replies":[{"embeddable":true,"href":"https:\/\/www.europesays.com\/es\/wp-json\/wp\/v2\/comments?post=126742"}],"version-history":[{"count":0,"href":"https:\/\/www.europesays.com\/es\/wp-json\/wp\/v2\/posts\/126742\/revisions"}],"wp:featuredmedia":[{"embeddable":true,"href":"https:\/\/www.europesays.com\/es\/wp-json\/wp\/v2\/media\/126743"}],"wp:attachment":[{"href":"https:\/\/www.europesays.com\/es\/wp-json\/wp\/v2\/media?parent=126742"}],"wp:term":[{"taxonomy":"category","embeddable":true,"href":"https:\/\/www.europesays.com\/es\/wp-json\/wp\/v2\/categories?post=126742"},{"taxonomy":"post_tag","embeddable":true,"href":"https:\/\/www.europesays.com\/es\/wp-json\/wp\/v2\/tags?post=126742"}],"curies":[{"name":"wp","href":"https:\/\/api.w.org\/{rel}","templated":true}]}}