{"id":126744,"date":"2025-09-20T05:24:15","date_gmt":"2025-09-20T05:24:15","guid":{"rendered":"https:\/\/www.europesays.com\/es\/126744\/"},"modified":"2025-09-20T05:24:15","modified_gmt":"2025-09-20T05:24:15","slug":"el-cuento-y-el-libro-ilustrado-protagonistas-en-balaguer","status":"publish","type":"post","link":"https:\/\/www.europesays.com\/es\/126744\/","title":{"rendered":"El cuento y el libro ilustrado, protagonistas en Balaguer"},"content":{"rendered":"<p>                                    <img decoding=\"async\" loading=\"lazy\" src=\"https:\/\/www.europesays.com\/es\/wp-content\/uploads\/2025\/09\/65ae6247e9287.jpeg\" alt=\"Esmeralda Farnell\" width=\"40\" height=\"40\" data-full-src=\"https:\/\/www.europesays.com\/es\/wp-content\/uploads\/2025\/09\/65ae6247e9287.jpeg\"\/><\/p>\n<p class=\"paragraph\">La fiesta del cuento y del libro ilustrado se celebra este fin de semana en Balaguer, en la d\u00e9cima edici\u00f3n del ciclo Encontats. Unas jornadas en las que historias fant\u00e1sticas tomar\u00e1n las calle del centro hist\u00f3rico de la capital y est\u00e1n apadrinadas por el escritor Carles Cano (Val\u00e8ncia, 1957) y la ilustradora Natasha Domanova (Minsk, 1980) como autora de la imagen del cartel de aniversario. Los actos arrancaron el mi\u00e9rcoles con jornadas profesionales y talleres para el alumnado del ciclo superior de los centros de Balaguer. Espect\u00e1culos teatrales y talleres de ilustraci\u00f3n fueron los protagonistas hasta hoy, que comenzar\u00e1 con el acto central del d\u00e9cimo aniversario. Habr\u00e1 la presentaci\u00f3n del libro conmemorativo y el estreno de la canci\u00f3n del certamen en la biblioteca. Est\u00e1 prevista la participaci\u00f3n de algunos de los padrinos de ediciones anteriores como Josep Vallverd\u00fa, Roser Capdevila, o Pilar\u00edn Bay\u00e9s, entre otros. Para ma\u00f1ana est\u00e1 prevista la gran fiesta familiar en torno al mundo de los cuentos, con presencia de paradas de editoriales y librer\u00edas especializadas en la publicaci\u00f3n de libros infantiles, ilustradores y artesanos en la plaza Mercadal.<\/p>\n","protected":false},"excerpt":{"rendered":"La fiesta del cuento y del libro ilustrado se celebra este fin de semana en Balaguer, en la&hellip;\n","protected":false},"author":2,"featured_media":126745,"comment_status":"","ping_status":"","sticky":false,"template":"","format":"standard","meta":{"footnotes":""},"categories":[172],"tags":[224,146,147,25,24,225,23],"class_list":{"0":"post-126744","1":"post","2":"type-post","3":"status-publish","4":"format-standard","5":"has-post-thumbnail","7":"category-libros","8":"tag-books","9":"tag-entertainment","10":"tag-entretenimiento","11":"tag-es","12":"tag-espana","13":"tag-libros","14":"tag-spain"},"share_on_mastodon":{"url":"","error":""},"_links":{"self":[{"href":"https:\/\/www.europesays.com\/es\/wp-json\/wp\/v2\/posts\/126744","targetHints":{"allow":["GET"]}}],"collection":[{"href":"https:\/\/www.europesays.com\/es\/wp-json\/wp\/v2\/posts"}],"about":[{"href":"https:\/\/www.europesays.com\/es\/wp-json\/wp\/v2\/types\/post"}],"author":[{"embeddable":true,"href":"https:\/\/www.europesays.com\/es\/wp-json\/wp\/v2\/users\/2"}],"replies":[{"embeddable":true,"href":"https:\/\/www.europesays.com\/es\/wp-json\/wp\/v2\/comments?post=126744"}],"version-history":[{"count":0,"href":"https:\/\/www.europesays.com\/es\/wp-json\/wp\/v2\/posts\/126744\/revisions"}],"wp:featuredmedia":[{"embeddable":true,"href":"https:\/\/www.europesays.com\/es\/wp-json\/wp\/v2\/media\/126745"}],"wp:attachment":[{"href":"https:\/\/www.europesays.com\/es\/wp-json\/wp\/v2\/media?parent=126744"}],"wp:term":[{"taxonomy":"category","embeddable":true,"href":"https:\/\/www.europesays.com\/es\/wp-json\/wp\/v2\/categories?post=126744"},{"taxonomy":"post_tag","embeddable":true,"href":"https:\/\/www.europesays.com\/es\/wp-json\/wp\/v2\/tags?post=126744"}],"curies":[{"name":"wp","href":"https:\/\/api.w.org\/{rel}","templated":true}]}}