{"id":126756,"date":"2025-09-20T05:32:07","date_gmt":"2025-09-20T05:32:07","guid":{"rendered":"https:\/\/www.europesays.com\/es\/126756\/"},"modified":"2025-09-20T05:32:07","modified_gmt":"2025-09-20T05:32:07","slug":"el-precio-tasado-de-la-vivienda-en-la-region-sube-otro-8-y-supera-los-1-300-euros-en-murcia-y-cartagena","status":"publish","type":"post","link":"https:\/\/www.europesays.com\/es\/126756\/","title":{"rendered":"El precio tasado de la vivienda en la Regi\u00f3n sube otro 8% y supera los 1.300 euros en Murcia y Cartagena"},"content":{"rendered":"<p>MURCIA. No hay quien la frene. La vivienda contin\u00faa su espiral de subidas. El \u00faltimo dato del precio llega por v\u00eda del Ministerio de la Vivienda y Agenda Urbana, que ha publicado\u00a0el valor tasado de la vivienda libre en nuestro pa\u00eds. En el caso de la Regi\u00f3n de Murcia, el coste se ha disparado un 7,9% en el segundo trimestre (\u00faltimo periodo con cifras actualizadas) con respecto al mismo periodo del 2024. En concreto, el metro cuadrado roza ya los 1.200 euros tras llegar a 1.185 euros.<\/p>\n<p>Se trata de la cifra m\u00e1s alta registrada en la Regi\u00f3n desde 2012, cuando los precios ca\u00edan en picado como consecuencia de la crisis econ\u00f3mica. Supone adem\u00e1s un aumento del 1% con respecto a los primeros tres meses del 2025, que registr\u00f3 una cuant\u00eda media de 1.173 euros.<\/p>\n<p>En Espa\u00f1a la subida es a\u00fan mayor. El mercado contin\u00faa ampli\u00e1ndose a pesar de los problemas de acceso de muchas personas, especialmente los j\u00f3venes. La media espa\u00f1ola del encarecimiento de las casas alcanza ya un 10,4 interanual hasta el mes de junio, hasta situarse en 2.093\u00a0euros por metro cuadrado.<\/p>\n<p>En el desglose por municipios, <strong>Murcia<\/strong>, la localidad m\u00e1s poblada de la Regi\u00f3n, encabeza la tabla, con una tasaci\u00f3n media de 1.388 euros. Sobre los inmuebles con menos de cinco a\u00f1os de antig\u00fcedad, esta cifra asciende a 1.808 euros, mientras que los tienen m\u00e1s de un lustro de &#8216;vida&#8217; se sit\u00faan en la media de 1.380.<\/p>\n<p><strong>Cartagena<\/strong>, la segunda m\u00e1s habitada, aparece en segundo lugar, con un precio medio de 1.307 euros. De todos las viviendas tasadas con m\u00e1s de cinco a\u00f1os, el precio se fija en 1.578 mientras que el resto son 1.303 euros.\u00a0<\/p>\n<p>&#13;<br \/>\n\t&#13;<\/p>\n<tr>&#13;<\/p>\n<td style=\"height:14.4pt; vertical-align:bottom; white-space:nowrap; width:62pt\">Municipio<\/td>\n<p>&#13;<\/p>\n<td style=\"background-color:#ffff99; height:14.4pt; text-align:center; vertical-align:middle; white-space:nowrap; width:62pt\"><strong>Hasta cinco a\u00f1os<\/strong><\/td>\n<p>&#13;<\/p>\n<td style=\"background-color:#ffff99; height:14.4pt; text-align:center; vertical-align:middle; white-space:nowrap; width:62pt\"><strong>Con m\u00e1s de cinco a\u00f1os<\/strong><\/td>\n<p>&#13;<\/p>\n<td rowspan=\"2\" style=\"background-color:#ffff99; height:14.4pt; text-align:center; vertical-align:middle; white-space:nowrap; width:62pt\"><strong>Total<\/strong><\/td>\n<p>&#13;<br \/>\n\t\t<\/tr>\n<p>&#13;<\/p>\n<tr>&#13;<\/p>\n<td style=\"height:14.4pt; vertical-align:bottom; white-space:nowrap\">\u00a0<\/td>\n<p>&#13;<\/p>\n<td style=\"background-color:#ffff99; height:14.4pt; text-align:center; vertical-align:middle; white-space:nowrap\"><strong>de antig\u00fcedad<\/strong><\/td>\n<p>&#13;<\/p>\n<td style=\"background-color:#ffff99; height:14.4pt; text-align:center; vertical-align:middle; white-space:nowrap\"><strong>de antig\u00fcedad<\/strong><\/td>\n<p>&#13;<br \/>\n\t\t<\/tr>\n<p>&#13;<\/p>\n<tr>&#13;<\/p>\n<td style=\"height:14.4pt; vertical-align:bottom; white-space:nowrap\">\u00a0<\/td>\n<p>&#13;<\/p>\n<td style=\"height:14.4pt; vertical-align:bottom; white-space:nowrap\">\u00a0<\/td>\n<p>&#13;<\/p>\n<td style=\"height:14.4pt; vertical-align:bottom; white-space:nowrap\">\u00a0<\/td>\n<p>&#13;<\/p>\n<td style=\"height:14.4pt; vertical-align:bottom; white-space:nowrap\">\u00a0<\/td>\n<p>&#13;<br \/>\n\t\t<\/tr>\n<p>&#13;<\/p>\n<tr>&#13;<\/p>\n<td style=\"background-color:white; height:14.4pt; vertical-align:middle; white-space:nowrap\">\u00c1guilas<\/td>\n<p>&#13;<\/p>\n<td style=\"background-color:white; height:14.4pt; text-align:right; vertical-align:middle; white-space:nowrap\">n.r<\/td>\n<p>&#13;<\/p>\n<td style=\"background-color:white; height:14.4pt; text-align:right; vertical-align:middle; white-space:nowrap\">1.232,3<\/td>\n<p>&#13;<\/p>\n<td style=\"background-color:white; height:14.4pt; text-align:right; vertical-align:middle; white-space:nowrap\">1.235,1<\/td>\n<p>&#13;<br \/>\n\t\t<\/tr>\n<p>&#13;<\/p>\n<tr>&#13;<\/p>\n<td style=\"background-color:white; height:14.4pt; vertical-align:middle; white-space:nowrap\">Alcantarilla<\/td>\n<p>&#13;<\/p>\n<td style=\"background-color:white; height:14.4pt; text-align:right; vertical-align:middle; white-space:nowrap\">n.r<\/td>\n<p>&#13;<\/p>\n<td style=\"background-color:white; height:14.4pt; text-align:right; vertical-align:middle; white-space:nowrap\">898,7<\/td>\n<p>&#13;<\/p>\n<td style=\"background-color:white; height:14.4pt; text-align:right; vertical-align:middle; white-space:nowrap\">900,0<\/td>\n<p>&#13;<br \/>\n\t\t<\/tr>\n<p>&#13;<\/p>\n<tr>&#13;<\/p>\n<td style=\"background-color:white; height:14.4pt; vertical-align:middle; white-space:nowrap\">Caravaca de la Cruz<\/td>\n<p>&#13;<\/p>\n<td style=\"background-color:white; height:14.4pt; text-align:right; vertical-align:middle; white-space:nowrap\">n.r<\/td>\n<p>&#13;<\/p>\n<td style=\"background-color:white; height:14.4pt; text-align:right; vertical-align:middle; white-space:nowrap\">789,7<\/td>\n<p>&#13;<\/p>\n<td style=\"background-color:white; height:14.4pt; text-align:right; vertical-align:middle; white-space:nowrap\">793,4<\/td>\n<p>&#13;<br \/>\n\t\t<\/tr>\n<p>&#13;<\/p>\n<tr>&#13;<\/p>\n<td style=\"background-color:white; height:14.4pt; vertical-align:middle; white-space:nowrap\">Cartagena<\/td>\n<p>&#13;<\/p>\n<td style=\"background-color:white; height:14.4pt; text-align:right; vertical-align:middle; white-space:nowrap\">1.578,8<\/td>\n<p>&#13;<\/p>\n<td style=\"background-color:white; height:14.4pt; text-align:right; vertical-align:middle; white-space:nowrap\">1.303,0<\/td>\n<p>&#13;<\/p>\n<td style=\"background-color:white; height:14.4pt; text-align:right; vertical-align:middle; white-space:nowrap\">1.307,9<\/td>\n<p>&#13;<br \/>\n\t\t<\/tr>\n<p>&#13;<\/p>\n<tr>&#13;<\/p>\n<td style=\"background-color:white; height:14.4pt; vertical-align:middle; white-space:nowrap\">Cieza<\/td>\n<p>&#13;<\/p>\n<td style=\"background-color:white; height:14.4pt; text-align:right; vertical-align:middle; white-space:nowrap\">n.r<\/td>\n<p>&#13;<\/p>\n<td style=\"background-color:white; height:14.4pt; text-align:right; vertical-align:middle; white-space:nowrap\">947,5<\/td>\n<p>&#13;<\/p>\n<td style=\"background-color:white; height:14.4pt; text-align:right; vertical-align:middle; white-space:nowrap\">947,6<\/td>\n<p>&#13;<br \/>\n\t\t<\/tr>\n<p>&#13;<\/p>\n<tr>&#13;<\/p>\n<td style=\"background-color:white; height:14.4pt; vertical-align:middle; white-space:nowrap\">Jumilla<\/td>\n<p>&#13;<\/p>\n<td style=\"background-color:white; height:14.4pt; text-align:right; vertical-align:middle; white-space:nowrap\">n.r<\/td>\n<p>&#13;<\/p>\n<td style=\"background-color:white; height:14.4pt; text-align:right; vertical-align:middle; white-space:nowrap\">762,3<\/td>\n<p>&#13;<\/p>\n<td style=\"background-color:white; height:14.4pt; text-align:right; vertical-align:middle; white-space:nowrap\">766,9<\/td>\n<p>&#13;<br \/>\n\t\t<\/tr>\n<p>&#13;<\/p>\n<tr>&#13;<\/p>\n<td style=\"background-color:white; height:14.4pt; vertical-align:middle; white-space:nowrap\">Lorca<\/td>\n<p>&#13;<\/p>\n<td style=\"background-color:white; height:14.4pt; text-align:right; vertical-align:middle; white-space:nowrap\">n.r<\/td>\n<p>&#13;<\/p>\n<td style=\"background-color:white; height:14.4pt; text-align:right; vertical-align:middle; white-space:nowrap\">972,0<\/td>\n<p>&#13;<\/p>\n<td style=\"background-color:white; height:14.4pt; text-align:right; vertical-align:middle; white-space:nowrap\">979,6<\/td>\n<p>&#13;<br \/>\n\t\t<\/tr>\n<p>&#13;<\/p>\n<tr>&#13;<\/p>\n<td style=\"background-color:white; height:14.4pt; vertical-align:middle; white-space:nowrap\">Mazarr\u00f3n<\/td>\n<p>&#13;<\/p>\n<td style=\"background-color:white; height:14.4pt; text-align:right; vertical-align:middle; white-space:nowrap\">n.r<\/td>\n<p>&#13;<\/p>\n<td style=\"background-color:white; height:14.4pt; text-align:right; vertical-align:middle; white-space:nowrap\">1.391,3<\/td>\n<p>&#13;<\/p>\n<td style=\"background-color:white; height:14.4pt; text-align:right; vertical-align:middle; white-space:nowrap\">1.393,9<\/td>\n<p>&#13;<br \/>\n\t\t<\/tr>\n<p>&#13;<\/p>\n<tr>&#13;<\/p>\n<td style=\"background-color:white; height:14.4pt; vertical-align:middle; white-space:nowrap\">Molina de Segura<\/td>\n<p>&#13;<\/p>\n<td style=\"background-color:white; height:14.4pt; text-align:right; vertical-align:middle; white-space:nowrap\">1.355,9<\/td>\n<p>&#13;<\/p>\n<td style=\"background-color:white; height:14.4pt; text-align:right; vertical-align:middle; white-space:nowrap\">1.124,7<\/td>\n<p>&#13;<\/p>\n<td style=\"background-color:white; height:14.4pt; text-align:right; vertical-align:middle; white-space:nowrap\">1.129,6<\/td>\n<p>&#13;<br \/>\n\t\t<\/tr>\n<p>&#13;<\/p>\n<tr>&#13;<\/p>\n<td style=\"background-color:white; height:14.4pt; vertical-align:middle; white-space:nowrap\"><strong>Murcia<\/strong><\/td>\n<p>&#13;<\/p>\n<td style=\"background-color:white; height:14.4pt; text-align:right; vertical-align:middle; white-space:nowrap\"><strong>1.805,7<\/strong><\/td>\n<p>&#13;<\/p>\n<td style=\"background-color:white; height:14.4pt; text-align:right; vertical-align:middle; white-space:nowrap\"><strong>1.380,1<\/strong><\/td>\n<p>&#13;<\/p>\n<td style=\"background-color:white; height:14.4pt; text-align:right; vertical-align:middle; white-space:nowrap\"><strong>1.388,5<\/strong><\/td>\n<p>&#13;<br \/>\n\t\t<\/tr>\n<p>&#13;<\/p>\n<tr>&#13;<\/p>\n<td style=\"background-color:white; height:14.4pt; vertical-align:middle; white-space:nowrap\">San Javier<\/td>\n<p>&#13;<\/p>\n<td style=\"background-color:white; height:14.4pt; text-align:right; vertical-align:middle; white-space:nowrap\">n.r<\/td>\n<p>&#13;<\/p>\n<td style=\"background-color:white; height:14.4pt; text-align:right; vertical-align:middle; white-space:nowrap\">1.647,0<\/td>\n<p>&#13;<\/p>\n<td style=\"background-color:white; height:14.4pt; text-align:right; vertical-align:middle; white-space:nowrap\">1.647,1<\/td>\n<p>&#13;<br \/>\n\t\t<\/tr>\n<p>&#13;<\/p>\n<tr>&#13;<\/p>\n<td style=\"background-color:white; height:14.4pt; vertical-align:middle; white-space:nowrap\">Torre-Pacheco<\/td>\n<p>&#13;<\/p>\n<td style=\"background-color:white; height:14.4pt; text-align:right; vertical-align:middle; white-space:nowrap\">n.r<\/td>\n<p>&#13;<\/p>\n<td style=\"background-color:white; height:14.4pt; text-align:right; vertical-align:middle; white-space:nowrap\">1.171,4<\/td>\n<p>&#13;<\/p>\n<td style=\"background-color:white; height:14.4pt; text-align:right; vertical-align:middle; white-space:nowrap\">1.180,1<\/td>\n<p>&#13;<br \/>\n\t\t<\/tr>\n<p>&#13;<\/p>\n<tr>&#13;<\/p>\n<td style=\"background-color:white; height:14.4pt; vertical-align:middle; white-space:nowrap\">Totana<\/td>\n<p>&#13;<\/p>\n<td style=\"background-color:white; height:14.4pt; text-align:right; vertical-align:middle; white-space:nowrap\">n.r<\/td>\n<p>&#13;<\/p>\n<td style=\"background-color:white; height:14.4pt; text-align:right; vertical-align:middle; white-space:nowrap\">920,0<\/td>\n<p>&#13;<\/p>\n<td style=\"background-color:white; height:14.4pt; text-align:right; vertical-align:middle; white-space:nowrap\">927,6<\/td>\n<p>&#13;<br \/>\n\t\t<\/tr>\n<p>&#13;<\/p>\n<tr>&#13;<\/p>\n<td style=\"background-color:white; height:14.4pt; vertical-align:middle; white-space:nowrap\">Yecla<\/td>\n<p>&#13;<\/p>\n<td style=\"background-color:white; height:14.4pt; text-align:right; vertical-align:middle; white-space:nowrap\">n.r<\/td>\n<p>&#13;<\/p>\n<td style=\"background-color:white; height:14.4pt; text-align:right; vertical-align:middle; white-space:nowrap\">767,7<\/td>\n<p>&#13;<\/p>\n<td style=\"background-color:white; height:14.4pt; text-align:right; vertical-align:middle; white-space:nowrap\">768,9<\/td>\n<p>&#13;<br \/>\n\t\t<\/tr>\n<p>&#13;<br \/>\n\t&#13;<\/p>\n<p>\u00a0<\/p>\n<p>Fuente: Ministerio de Vivienda.<\/p>\n","protected":false},"excerpt":{"rendered":"MURCIA. No hay quien la frene. La vivienda contin\u00faa su espiral de subidas. El \u00faltimo dato del precio&hellip;\n","protected":false},"author":2,"featured_media":126757,"comment_status":"","ping_status":"","sticky":false,"template":"","format":"standard","meta":{"footnotes":""},"categories":[80],"tags":[82,95,94,25,24,23],"class_list":{"0":"post-126756","1":"post","2":"type-post","3":"status-publish","4":"format-standard","5":"has-post-thumbnail","7":"category-economia","8":"tag-business","9":"tag-economia","10":"tag-economy","11":"tag-es","12":"tag-espana","13":"tag-spain"},"share_on_mastodon":{"url":"","error":""},"_links":{"self":[{"href":"https:\/\/www.europesays.com\/es\/wp-json\/wp\/v2\/posts\/126756","targetHints":{"allow":["GET"]}}],"collection":[{"href":"https:\/\/www.europesays.com\/es\/wp-json\/wp\/v2\/posts"}],"about":[{"href":"https:\/\/www.europesays.com\/es\/wp-json\/wp\/v2\/types\/post"}],"author":[{"embeddable":true,"href":"https:\/\/www.europesays.com\/es\/wp-json\/wp\/v2\/users\/2"}],"replies":[{"embeddable":true,"href":"https:\/\/www.europesays.com\/es\/wp-json\/wp\/v2\/comments?post=126756"}],"version-history":[{"count":0,"href":"https:\/\/www.europesays.com\/es\/wp-json\/wp\/v2\/posts\/126756\/revisions"}],"wp:featuredmedia":[{"embeddable":true,"href":"https:\/\/www.europesays.com\/es\/wp-json\/wp\/v2\/media\/126757"}],"wp:attachment":[{"href":"https:\/\/www.europesays.com\/es\/wp-json\/wp\/v2\/media?parent=126756"}],"wp:term":[{"taxonomy":"category","embeddable":true,"href":"https:\/\/www.europesays.com\/es\/wp-json\/wp\/v2\/categories?post=126756"},{"taxonomy":"post_tag","embeddable":true,"href":"https:\/\/www.europesays.com\/es\/wp-json\/wp\/v2\/tags?post=126756"}],"curies":[{"name":"wp","href":"https:\/\/api.w.org\/{rel}","templated":true}]}}