{"id":126762,"date":"2025-09-20T05:37:17","date_gmt":"2025-09-20T05:37:17","guid":{"rendered":"https:\/\/www.europesays.com\/es\/126762\/"},"modified":"2025-09-20T05:37:17","modified_gmt":"2025-09-20T05:37:17","slug":"hoy-se-da-mas-importancia-a-cortar-orejas-y-se-olvidan-mucho-las-faenas","status":"publish","type":"post","link":"https:\/\/www.europesays.com\/es\/126762\/","title":{"rendered":"\u201cHoy se da m\u00e1s importancia a cortar orejas y se olvidan mucho las faenas\u201d"},"content":{"rendered":"<p class=\"paragraph-atom &#10;        A-500-300-700-N A-550-300-700-N--md  \">Este mes de septiembre se cumplen veintid\u00f3s a\u00f1os desde la \u00faltima vez que el rejoneador <strong>Rui Fernandes<\/strong> pis\u00f3 el ruedo de La Glorieta sobre un caballo. Es por ello, que este 20 de septiembre de 2025 se ha convertido en una fecha muy especial en la temporada del jinete portugu\u00e9s, que con la friolera de <strong>27 a\u00f1os de alternativa<\/strong> hace un repaso de c\u00f3mo ha sido su trayectoria, siendo todo un privilegiado del toreo por vivir y sobre todo resistir en dos d\u00e9cadas, absorbiendo los valores m\u00e1s puros e \u00edntegros de la educaci\u00f3n taurina, que hoy se est\u00e1n perdiendo, y midi\u00e9ndose a importantes figuras del rejoneo. <\/p>\n<p class=\"paragraph-atom &#10;        A-500-300-700-N A-550-300-700-N--md  \">En esta entrevista, el cavaleiro habla de la importancia de valorar las faenas, lamentando que ahora se miden \u00fanicamente por trofeos como si se tratara de \u201cmeter goles\u201d. Habla tambi\u00e9n de los tiempos pol\u00edticos a los que nos enfrentamos en la parte taurina, as\u00ed como de sus caballos estrella a lo largo de su carrera, de los que estar\u00e1n presentes en el coso charro para esta cita y, por supuesto, del momento que atraviesa, en el que reconoce que la presencia de su sobrino Duarte Fernandes le ha devuelto la ilusi\u00f3n y lo ha sacado de la zona de confort. <\/p>\n<p class=\"paragraph-atom  question&#10;        B-550-300-700-N  \"><strong class=\"mr-3\">Pregunta.<\/strong><strong>Rui, 27 a\u00f1os de alternativa, muchas luchas, muchos triunfos, tambi\u00e9n alguna decepci\u00f3n por el camino, \u00bfcu\u00e1l es el balance de estos a\u00f1os? <\/strong><\/p>\n<p class=\"paragraph-atom  answer&#10;        B-550-300-700-N  \"><strong class=\"mr-3\">Respuesta.<\/strong>Son 27 a\u00f1os en busca de mejorar los caballos y de mejorar t\u00fa mismo, buscar el caballo y el toreo ideal; es el cuento de nunca acabar porque siempre quieres m\u00e1s y mejor. Dir\u00eda que una trayectoria bastante bonita en la que he toreado en todos los lugares del mundo donde hay toros, Portugal, Espa\u00f1a, Francia, Am\u00e9rica y he triunfado en todas las plazas.  Este a\u00f1o ser\u00e1 mi segunda vez en Salamanca, tore\u00e9 ah\u00ed hace much\u00edsimos a\u00f1os con Leonardo Hern\u00e1ndez (padre) y con Pablo Hermoso de Mendoza y cort\u00e9 dos o tres orejas. Salamanca es una de las ciudades que m\u00e1s me encanta de Espa\u00f1a, cuando debut\u00e9 siempre estuve con muchas ganas de volver y con mucha ilusi\u00f3n, es una plaza que me ha tocado y este a\u00f1o se present\u00f3 la oportunidad y all\u00e1 vamos. <\/p>\n<blockquote class=\"blockquote-atom \">\n<p>                En mis principios cuando hac\u00edas una faena buena y marcabas la diferencia, la gente y los empresarios te valoraban<\/p>\n<\/blockquote>\n<p class=\"paragraph-atom  question&#10;        B-550-300-700-N  \"><strong class=\"mr-3\">P.<\/strong><strong>Ha podido vivir dos d\u00e9cadas, parte de los a\u00f1os 90 porque debut\u00f3 en el 91 y la de los 2000, \u00bfqu\u00e9 destaca de cada una de estas etapas y c\u00f3mo dir\u00eda que ha evolucionado el toreo a caballo?  <\/strong><\/p>\n<p class=\"paragraph-atom  answer&#10;        B-550-300-700-N  \"><strong class=\"mr-3\">R.<\/strong>En mis principios tuve la suerte de agarrar una fase muy trascendental, que me ha dado una educaci\u00f3n taurina muy importante para mi trayectoria, que me ha aportado mucho el poder compartir cartel con rejoneadores de la talla de Antonio Ribeiro, Ca\u00f1ero, Leonardo Hern\u00e1ndez (padre), Jo\u00e3o Moura, Ferm\u00edn Boh\u00f3rquez, Buend\u00eda, Pablo Hermoso\u2026 Esa educaci\u00f3n hoy en d\u00eda cambi\u00f3 mucho. En esta fase cuando aparec\u00eda un joven las oportunidades aparec\u00edan y creo que hoy se da mucha m\u00e1s importancia a cortar orejas, como si se trata de meter goles, y la gente se olvida mucho de las faenas. En mis principios cuando hac\u00edas una faena buena y marcabas la diferencia, la gente y los empresarios te valoraban.<\/p>\n<p class=\"paragraph-atom  question&#10;        B-550-300-700-N  \"><strong class=\"mr-3\">P.<\/strong><strong>\u00bfCuesta abrirse camino en los carteles espa\u00f1oles, sobre todo en las principales ferias?<\/strong><\/p>\n<p class=\"paragraph-atom  answer&#10;        B-550-300-700-N  \"><strong class=\"mr-3\">R.<\/strong>Yo siempre he mantenido mi postura, tengo la suerte de llevarme bien con todos los empresarios y compa\u00f1eros en todas las plazas, tengo muchas amistades por mis manera de estar en la vida, pero creo que aparte de que se le da mucha importancia al triunfo, cuando pinchar una faena tambi\u00e9n es humano, hoy en d\u00eda al haber menos espect\u00e1culos se vuelve m\u00e1s complicado torear en las plazas. Luego a nivel pol\u00edtico se ha cambiado mucho, antiguamente los pol\u00edticos eran diferentes por la parte taurina, hoy en d\u00eda hay afici\u00f3n como nunca porque ves en las plazas a ni\u00f1os, j\u00f3venes, afici\u00f3n de todas las edades, pero es que a nivel pol\u00edtico estamos fatal por todo el mundo, tambi\u00e9n con los animalistas y antitaurinos. Entiendo que esto ir\u00e1 cambiando porque la verdad de la vida es esto, lo que es querer a un animal y tener respeto por una vida, la gente tiene que volver a la realidad y no quedarse en el mundo mentiroso en que la gente pol\u00edtica nos quiere meter. <\/p>\n<p>                                                            <img decoding=\"async\" loading=\"lazy\" src=\"https:\/\/www.europesays.com\/es\/wp-content\/uploads\/2025\/09\/5a90c4a9-ba68-4a4a-a01c-6adf4182d155_source-aspect-ratio_1600w_0.jpg\" alt=\"El rejoneador portugu\u00e9s Rui Fernandes\" title=\"El rejoneador portugu\u00e9s Rui Fernandes\" height=\"1583\" width=\"1101\"\/><\/p>\n<p>                El rejoneador portugu\u00e9s Rui Fernandes<\/p>\n<p>                    |<\/p>\n<p>                Im\u00e1genes cedidas por Rui Fernandes<\/p>\n<p class=\"paragraph-atom  question&#10;        B-550-300-700-N  \"><strong class=\"mr-3\">P.<\/strong><strong>Naci\u00f3 en Portugal, una tierra donde me consta que hay un amor infinito por el caballo y donde ha habido grandes rejoneadores a lo largo de la historia, \u00bfcu\u00e1les son las principales diferencias entre el rejoneo portugu\u00e9s y el espa\u00f1ol?<\/strong><\/p>\n<p class=\"paragraph-atom  answer&#10;        B-550-300-700-N  \"><strong class=\"mr-3\">R.<\/strong>Creo que cuando se torea bien da igual que sea en Portugal, en Espa\u00f1a o en China, pero la gran diferencia es que aqu\u00ed, en Portugal, los toros salen con las fundas puestas, no se le da muerte al toro y se remata la faena con la actuaci\u00f3n de los forcados. En Espa\u00f1a los toros salen despuntados y s\u00ed se les da muerte. Yo creo que la fase de la faena en s\u00ed, en Portugal y en Espa\u00f1a es lo mismo, cambia el concepto del principio de la faena y el terminar la lidia.<\/p>\n<p class=\"paragraph-atom  question&#10;        B-550-300-700-N  \"><strong class=\"mr-3\">P.<\/strong><strong>\u00bfPor qu\u00e9 se caracteriza el toreo de Rui Fernandes?<\/strong><\/p>\n<p class=\"paragraph-atom  answer&#10;        B-550-300-700-N  \"><strong class=\"mr-3\">R.<\/strong>Yo siempre fui un torero que ha buscado, ha sido mi meta cuando empec\u00e9 y hoy busco mucho eso, poder pisar terrenos a la hora de clavar que la gente se emocione, de poder cargar la suerte para dentro, buscando mucho el pit\u00f3n contrario. A lo largo de los a\u00f1os intentas profesionalizarlo, en mis principios no era tan armonioso, y luego el caballo te puede dar una pirueta, andar de costado, hacer un quiebro&#8230; que forma parte de la doma del caballo para hacer disfrutar a la gente. Pero, lo que m\u00e1s busco es ese caballo que aguanta pisar esos terrenos que hagan asustar un poco al tendido, que no se queden indiferentes.<\/p>\n<blockquote class=\"blockquote-atom \">\n<p>                Busco ese caballo que aguanta pisar terrenos que hagan asustar un poco al tendido<\/p>\n<\/blockquote>\n<p class=\"paragraph-atom  question&#10;        B-550-300-700-N  \"><strong class=\"mr-3\">P.<\/strong><strong>En su regreso a Salamanca, estar\u00e1 acompa\u00f1ado de otros dos rejoneadores que est\u00e1n presentes en practicamente todas las ferias, Guillermo Hermoso y Diego Ventura, que tambi\u00e9n es portugu\u00e9s de nacimiento. Una tarde con espect\u00e1culo muy variado y con tres toreros muy diferentes.<\/strong><\/p>\n<p class=\"paragraph-atom  answer&#10;        B-550-300-700-N  \"><strong class=\"mr-3\">R.<\/strong>Competici\u00f3n va a haber seguro. Diego Ventura est\u00e1 como una cabra, siempre sale como una moto (risas) y le tengo ganas porque ese nunca est\u00e1 conforme y Guillermo Hermoso se qued\u00f3 con el r\u00f3tulo de ser hijo de quien es y es un chico que anda bien y quiere ganarse su puesto, y yo que siempre he toreado con todos los rejoneadores y que tengo claro que en la plaza no hay amigos.<\/p>\n<p class=\"paragraph-atom  question&#10;        B-550-300-700-N  \"><strong class=\"mr-3\">P.<\/strong><strong>\u00bfSu presencia en la feria est\u00e1 relacionada con el anuncio de la actuaci\u00f3n de los forcados Amadores de Coruche? \u00bfC\u00f3mo se lleva a cabo este espect\u00e1culo?<\/strong><\/p>\n<p class=\"paragraph-atom  answer&#10;        B-550-300-700-N  \"><strong class=\"mr-3\">R.<\/strong>En Portugal a los toros se les pone fundas, pero aqu\u00ed en Espa\u00f1a no, los toros est\u00e1n despuntados y eso es una dificultad a\u00f1adida porque se resbalan al agarrarse. Aqu\u00ed tiene mucha dificultad coger al toro, es porrazo seguro, s\u00ed o s\u00ed deben tener mucha t\u00e9cnica, es un grupo que tiene que estar muy compenetrado. Creo que los forcados van a salir en tres toros solo. En mi caso, de mis dos toros el que vea que tiene mejores condiciones es el que les dir\u00e9 para que salgan, imagino que Diego y Guillermo har\u00e1n lo mismo para que les salga bien y seguro que la gente se va a emocionar. <\/p>\n<p>                                                            <img decoding=\"async\" loading=\"lazy\" src=\"https:\/\/www.europesays.com\/es\/wp-content\/uploads\/2025\/09\/bbb0806a-7805-428e-a53d-9be49a8bf44b_source-aspect-ratio_1600w_0.jpg\" alt=\"El rejoneador Rui Fernandes con uno de sus caballos\" title=\"El rejoneador Rui Fernandes con uno de sus caballos\" height=\"2048\" width=\"1250\"\/><\/p>\n<p>                El rejoneador Rui Fernandes con uno de sus caballos<\/p>\n<p>                    |<\/p>\n<p>                Im\u00e1genes cedidas por Rui Fernandes<\/p>\n<p class=\"paragraph-atom  question&#10;        B-550-300-700-N  \"><strong class=\"mr-3\">P.<\/strong><strong>Un rejoneador no es nada sin sus caballos, \u00bfcu\u00e1les son los caballos estrella de su cuadra que viajan hasta Salamanca?<\/strong><\/p>\n<p class=\"paragraph-atom  answer&#10;        B-550-300-700-N  \"><strong class=\"mr-3\">R.<\/strong>De salida viajan a Salamanca \u2018Olimpo\u2019 y \u2018Quilate\u2019; \u2018Olimpo\u2019 que tiene muchas virtudes y \u2018Quilates\u2019, que es un caballo bayo de mi hierro con el que me siento muy c\u00f3modo y que ha debutado este a\u00f1o. En banderillas saldr\u00e1n \u2018El Dourado\u2019, \u2018H Quiebro\u2019, \u2018Quito\u2019, \u2018Ipanema\u2019, \u2018Mistral\u2019 y \u2018Ponce\u2019; \u2018Quito\u2019 tambi\u00e9n ha debutado este a\u00f1o y la verdad es que est\u00e1 andando muy bien. En el \u00faltimo tercio son \u2018Icebergue\u2019 y \u2018Gades\u2019.<\/p>\n<p class=\"paragraph-atom  question&#10;        B-550-300-700-N  \"><strong class=\"mr-3\">P.<\/strong><strong>\u00bfQu\u00e9 debe tener un caballo de la yeguada de Rui Fernandes para ser torero y qu\u00e9 lo diferencie del resto de los caballos de rejones?<\/strong><\/p>\n<p class=\"paragraph-atom  answer&#10;        B-550-300-700-N  \"><strong class=\"mr-3\">R.<\/strong>Una cosa que debe tener s\u00ed o s\u00ed es mucho coraz\u00f3n y que cuando entre en la plaza transmita y conecte con la gente. Por la forma de caminar y galopar tienen que trasmitirte algo, hay caballos que al verlo, su cuello, su cara, su manera de caminar ya te captan, te llaman la atenci\u00f3n. Eso es lo que m\u00e1s busco; despu\u00e9s que tengan buena cabeza, elasticidad y fuerza.<\/p>\n<blockquote class=\"blockquote-atom \">\n<p>                La primera vez que perd\u00ed un caballo muy bueno, \u2018Macarena\u2019, fue por una enfermedad y me doli\u00f3 tanto que estuve ocho d\u00edas con fiebre en la cama. Lo sufres como una persona de tu familia<\/p>\n<\/blockquote>\n<p class=\"paragraph-atom  question&#10;        B-550-300-700-N  \"><strong class=\"mr-3\">P.<\/strong><strong>Rui, seguramente uno de los peores momentos por los que tiene que atravesar un rejoneador es la p\u00e9rdida de un caballo en cualquier escenario, pero imagino que es mucho m\u00e1s duro si eso pasa en una corrida de toros, \u00bfle ha pasado alguna vez?<\/strong><\/p>\n<p class=\"paragraph-atom  answer&#10;        B-550-300-700-N  \"><strong class=\"mr-3\">R.<\/strong>S\u00ed, son tantos a\u00f1os ya de trayectoria que me ha pasado de todo. La primera vez que lo perd\u00ed que era un caballo negro muy bueno, \u2018Macarena\u2019, fue por una enfermedad y me doli\u00f3 tanto que estuve ocho d\u00edas con fiebre en la cama, lo sufres como una persona de tu familia. Fue el primer impacto en mis principios. Despu\u00e9s he tenido percances, en Sevilla hace doce o catorce a\u00f1os una tarde hab\u00eda llovido mucho y el caballo se resbal\u00f3 y no sobrevivi\u00f3. En esa situaci\u00f3n te quedas muy impotente, hay d\u00edas que cuando ves que has hecho todo bien te quedas un poco a medias porque vives con los caballos 24 horas, vives para ellos, los cuidas. Es muy dif\u00edcil sentir que t\u00fa y el caballo lleg\u00e1is a ser uno mismo y cuando consigues eso, nadie puede contigo y cuando te pasa algo as\u00ed, una p\u00e9rdida, es un dolor muy grande y que te queda para siempre. Hay d\u00edas que te viene a la cabeza, son cornadas sanadas, pero siempre est\u00e1n abiertas. <\/p>\n<p>                                                            <img decoding=\"async\" loading=\"lazy\" src=\"https:\/\/www.europesays.com\/es\/wp-content\/uploads\/2025\/09\/2a7880a1-e833-4170-af2e-49b123c9a0a1_source-aspect-ratio_1600w_0.jpg\" alt=\"Rui Fernandes rejoneador portugu\u00e9s\" title=\"Rui Fernandes rejoneador portugu\u00e9s\" height=\"1711\" width=\"1693\"\/><\/p>\n<p>                Rui Fernandes rejoneador portugu\u00e9s<\/p>\n<p>                    |<\/p>\n<p>                Im\u00e1genes cedidas por Rui Fernandes<\/p>\n<p class=\"paragraph-atom  question&#10;        B-550-300-700-N  \"><strong class=\"mr-3\">P.<\/strong><strong>\u00bfCu\u00e1les han sido los caballos de su vida, esos que le han ayudado a resistir en el mundo del rejoneo?<\/strong><\/p>\n<p class=\"paragraph-atom  answer&#10;        B-550-300-700-N  \"><strong class=\"mr-3\">R.<\/strong>Siempre tienes caballos que te marcan. En mi caso, el primer caballo, cuando ten\u00eda 11 a\u00f1os, fue \u2018Payaso\u2019; ya cuando empec\u00e9 a torear fueron marc\u00e1ndome otros como \u2018Macarena\u2019, \u2018Damasco II\u2019, \u2018Joselito\u2019, \u2018Ladr\u00e3o\u2019, \u2018Ronaldo\u2019, \u2018Quiebro\u2019, \u2018Ozono\u2019, \u2018El Dourado\u2019, \u2018H Quiebro\u2019, \u2018Fado\u2019 y \u2018Napole\u00e3o\u2019.<\/p>\n<p class=\"paragraph-atom  question&#10;        B-550-300-700-N  \"><strong class=\"mr-3\">P.<\/strong><strong>\u00bfAlguna rese\u00f1a m\u00e1s que quiera aportar ante su regreso a Salamanca?  <\/strong><\/p>\n<p class=\"paragraph-atom  answer&#10;        B-550-300-700-N  \"><strong class=\"mr-3\">R.<\/strong>S\u00ed, que ahora ya tengo a mi sobrino que viene por detr\u00e1s arreando y me ha vuelto a despertar la ilusi\u00f3n, porque a lo largo de tu trayectoria llegas a un punto en que te ves acomodado y hace 2 o 3 a\u00f1os he despertado, mi sobrino me ha picado y me ha ayudado a renacer un poquito; me ha hecho muy bien y tengo mucha ilusi\u00f3n que \u00e9l pueda ser un rejoneador importante y poder estar anunciado con \u00e9l, con Ventura, Lea, Guillermo, con quien sea. He despertado otra vez y me ha resurgido la ilusi\u00f3n, con Duarte Fernandes empec\u00e9 a querer hacer m\u00e1s cosas otra vez y desde aqu\u00ed se lo agradezco.<\/p>\n","protected":false},"excerpt":{"rendered":"Este mes de septiembre se cumplen veintid\u00f3s a\u00f1os desde la \u00faltima vez que el rejoneador Rui Fernandes pis\u00f3&hellip;\n","protected":false},"author":2,"featured_media":126763,"comment_status":"","ping_status":"","sticky":false,"template":"","format":"standard","meta":{"footnotes":""},"categories":[277],"tags":[373,16112,168,3141,25,24,37563,7806,34813,315,41118,3614,23,167,374],"class_list":{"0":"post-126762","1":"post","2":"type-post","3":"status-publish","4":"format-standard","5":"has-post-thumbnail","7":"category-toreo","8":"tag-bullfighting","9":"tag-decadas","10":"tag-deportes","11":"tag-entrevista","12":"tag-es","13":"tag-espana","14":"tag-feria-taurina-2025","15":"tag-fernandes","16":"tag-glorieta","17":"tag-hoy","18":"tag-rui","19":"tag-salamanca","20":"tag-spain","21":"tag-sports","22":"tag-toreo"},"share_on_mastodon":{"url":"","error":""},"_links":{"self":[{"href":"https:\/\/www.europesays.com\/es\/wp-json\/wp\/v2\/posts\/126762","targetHints":{"allow":["GET"]}}],"collection":[{"href":"https:\/\/www.europesays.com\/es\/wp-json\/wp\/v2\/posts"}],"about":[{"href":"https:\/\/www.europesays.com\/es\/wp-json\/wp\/v2\/types\/post"}],"author":[{"embeddable":true,"href":"https:\/\/www.europesays.com\/es\/wp-json\/wp\/v2\/users\/2"}],"replies":[{"embeddable":true,"href":"https:\/\/www.europesays.com\/es\/wp-json\/wp\/v2\/comments?post=126762"}],"version-history":[{"count":0,"href":"https:\/\/www.europesays.com\/es\/wp-json\/wp\/v2\/posts\/126762\/revisions"}],"wp:featuredmedia":[{"embeddable":true,"href":"https:\/\/www.europesays.com\/es\/wp-json\/wp\/v2\/media\/126763"}],"wp:attachment":[{"href":"https:\/\/www.europesays.com\/es\/wp-json\/wp\/v2\/media?parent=126762"}],"wp:term":[{"taxonomy":"category","embeddable":true,"href":"https:\/\/www.europesays.com\/es\/wp-json\/wp\/v2\/categories?post=126762"},{"taxonomy":"post_tag","embeddable":true,"href":"https:\/\/www.europesays.com\/es\/wp-json\/wp\/v2\/tags?post=126762"}],"curies":[{"name":"wp","href":"https:\/\/api.w.org\/{rel}","templated":true}]}}