{"id":126766,"date":"2025-09-20T05:43:13","date_gmt":"2025-09-20T05:43:13","guid":{"rendered":"https:\/\/www.europesays.com\/es\/126766\/"},"modified":"2025-09-20T05:43:13","modified_gmt":"2025-09-20T05:43:13","slug":"jordan-loyd-tiene-un-acuerdo-con-el-anadolu-efes","status":"publish","type":"post","link":"https:\/\/www.europesays.com\/es\/126766\/","title":{"rendered":"Jordan Loyd tiene un acuerdo con el Anadolu Efes"},"content":{"rendered":"<p>    2025-09-19T17:27:00+00:00<br \/>\n    2025-09-19T17:27:00+00:00<br \/>\n    2025-09-19T17:27:00+00:00.<\/p>\n<p>      <a class=\"author__avatar hide\" href=\"https:\/\/www.eurohoops.net\/author\/alexmolina\/?lang=es\" rel=\"nofollow noopener\" target=\"_blank\"><img loading=\"lazy\" decoding=\"async\" alt=\"\" src=\"https:\/\/www.europesays.com\/es\/wp-content\/uploads\/2025\/09\/1758346991_285_a41ee32bf27a19620f74b644b765c83d\"  class=\"avatar avatar-46 photo\" height=\"46\" width=\"46\"\/><\/a><\/p>\n<p class=\"author__name visually-hidden\" itemprop=\"name\">Alex Molina Perello<\/p>\n<p>      19\/Sep\/25 17:27<\/p>\n<p>      Eurohoops.net<\/p>\n<p>          <a itemprop=\"url\" href=\"https:\/\/www.eurohoops.net\/\" rel=\"nofollow noopener\" target=\"_blank\"><br \/>\n              <img decoding=\"async\" itemprop=\"image\" src=\"https:\/\/www.europesays.com\/es\/wp-content\/uploads\/2025\/09\/logo-header.png\"\/><br \/>\n          <\/a><\/p>\n<p>      <a href=\"https:\/\/www.eurohoops.net\/author\/?lang=es\" rel=\"nofollow noopener\" target=\"_blank\"><br \/>\n        Alex Molina Perello      <\/a><\/p>\n<p>                  <img loading=\"lazy\" decoding=\"async\" width=\"950\" height=\"500\" src=\"https:\/\/www.europesays.com\/es\/wp-content\/uploads\/2025\/09\/2c16c3d2-jordan-loyd-luca-doncic-slovenia-poland-950x500.jpg\" class=\"featured-image wp-stateless-item\" alt=\"\" data-image-size=\"largepost\" data-stateless-media-bucket=\"images.eurohoops.net\" data-stateless-media-name=\"2025\/08\/2c16c3d2-jordan-loyd-luca-doncic-slovenia-poland.jpg\"\/><\/p>\n<p>Tras brillar en el EuroBasket, el hasta ahora jugador del M\u00f3naco cambiar\u00e1 de aires de cara la pr\u00f3xima campa\u00f1a<\/p>\n<p><strong>Por Aris Barkas\/\u00a0<a href=\"https:\/\/www.eurohoops.net\/es\/euroleague-es\/1870390\/jordan-loyd-tiene-un-acuerdo-con-el-anadolu-efes\/mailto:barkas@eurohoops.net\" rel=\"nofollow noopener\" target=\"_blank\">barkas@eurohoops.net<\/a><\/strong><\/p>\n<p>Marc Stein inform\u00f3 recientemente que ambas partes estaban cerca de llegar a un acuerdo y, seg\u00fan fuentes de Eurohoops, Jordan Loyd ya tiene contrato con el <a href=\"https:\/\/www.eurohoops.net\/basket\/anadolu-efes\/?lang=en\" title=\"Anadolu Efes\" target=\"_blank\" class=\"auto-link\" rel=\"nofollow noopener\">Anadolu Efes<\/a> para la pr\u00f3xima temporada, y el M\u00f3naco recibir\u00e1 una indemnizaci\u00f3n por su liberaci\u00f3n.<\/p>\n<p>El escolta estadounidense, que brill\u00f3 en el EuroBasket con la selecci\u00f3n polaca como jugador nacionalizado, tambi\u00e9n hab\u00eda sido objetivo del <a href=\"https:\/\/www.eurohoops.net\/basket\/real-madrid\/?lang=en\" title=\"Real Madrid\" target=\"_blank\" class=\"auto-link\" rel=\"nofollow noopener\">Real Madrid<\/a>. Sin embargo, el club espa\u00f1ol, seg\u00fan se informa, se enfrent\u00f3 a demasiados obst\u00e1culos para asegurar su traspaso desde el AS M\u00f3naco, ya que el <a href=\"https:\/\/www.eurohoops.net\/basket\/valencia\/?lang=en\" title=\"Valencia\" target=\"_blank\" class=\"auto-link\" rel=\"nofollow noopener\">Valencia<\/a> a\u00fan conservaba los derechos de tanteo de Loyd, lo que complic\u00f3 la situaci\u00f3n.<\/p>\n<p>El <a href=\"https:\/\/www.eurohoops.net\/basket\/anadolu-efes\/?lang=en\" title=\"Efes\" target=\"_blank\" class=\"auto-link\" rel=\"nofollow noopener\">Efes<\/a>, por su parte, actu\u00f3 con rapidez y decisi\u00f3n, cerrando finalmente el acuerdo.<\/p>\n<p>El ex jugador del <a href=\"https:\/\/www.eurohoops.net\/basket\/valencia\/?lang=en\" title=\"Valencia\" target=\"_blank\" class=\"auto-link\" rel=\"nofollow noopener\">Valencia<\/a>, Estrella Roja, Zenit y <a href=\"https:\/\/www.eurohoops.net\/basket\/maccabi-tel-aviv\/?lang=en\" title=\"Maccabi Tel Aviv\" target=\"_blank\" class=\"auto-link\" rel=\"nofollow noopener\">Maccabi Tel Aviv<\/a> disfrut\u00f3 de una destacada campa\u00f1a en el EuroBasket, promediando 22,4 puntos en siete partidos y ayudando a Polonia a alcanzar los cuartos de final.<\/p>\n","protected":false},"excerpt":{"rendered":"2025-09-19T17:27:00+00:00 2025-09-19T17:27:00+00:00 2025-09-19T17:27:00+00:00. Alex Molina Perello 19\/Sep\/25 17:27 Eurohoops.net Alex Molina Perello Tras brillar en el EuroBasket, el&hellip;\n","protected":false},"author":2,"featured_media":126767,"comment_status":"","ping_status":"","sticky":false,"template":"","format":"standard","meta":{"footnotes":""},"categories":[269],"tags":[299,298,168,25,24,23,167],"class_list":{"0":"post-126766","1":"post","2":"type-post","3":"status-publish","4":"format-standard","5":"has-post-thumbnail","7":"category-baloncesto","8":"tag-baloncesto","9":"tag-basketball","10":"tag-deportes","11":"tag-es","12":"tag-espana","13":"tag-spain","14":"tag-sports"},"share_on_mastodon":{"url":"","error":""},"_links":{"self":[{"href":"https:\/\/www.europesays.com\/es\/wp-json\/wp\/v2\/posts\/126766","targetHints":{"allow":["GET"]}}],"collection":[{"href":"https:\/\/www.europesays.com\/es\/wp-json\/wp\/v2\/posts"}],"about":[{"href":"https:\/\/www.europesays.com\/es\/wp-json\/wp\/v2\/types\/post"}],"author":[{"embeddable":true,"href":"https:\/\/www.europesays.com\/es\/wp-json\/wp\/v2\/users\/2"}],"replies":[{"embeddable":true,"href":"https:\/\/www.europesays.com\/es\/wp-json\/wp\/v2\/comments?post=126766"}],"version-history":[{"count":0,"href":"https:\/\/www.europesays.com\/es\/wp-json\/wp\/v2\/posts\/126766\/revisions"}],"wp:featuredmedia":[{"embeddable":true,"href":"https:\/\/www.europesays.com\/es\/wp-json\/wp\/v2\/media\/126767"}],"wp:attachment":[{"href":"https:\/\/www.europesays.com\/es\/wp-json\/wp\/v2\/media?parent=126766"}],"wp:term":[{"taxonomy":"category","embeddable":true,"href":"https:\/\/www.europesays.com\/es\/wp-json\/wp\/v2\/categories?post=126766"},{"taxonomy":"post_tag","embeddable":true,"href":"https:\/\/www.europesays.com\/es\/wp-json\/wp\/v2\/tags?post=126766"}],"curies":[{"name":"wp","href":"https:\/\/api.w.org\/{rel}","templated":true}]}}