{"id":126772,"date":"2025-09-20T05:46:05","date_gmt":"2025-09-20T05:46:05","guid":{"rendered":"https:\/\/www.europesays.com\/es\/126772\/"},"modified":"2025-09-20T05:46:05","modified_gmt":"2025-09-20T05:46:05","slug":"este-piso-en-lisboa-convertido-en-oasis-de-naturaleza-y-calma-demuestra-que-no-hace-falta","status":"publish","type":"post","link":"https:\/\/www.europesays.com\/es\/126772\/","title":{"rendered":"Este piso en Lisboa, convertido en oasis de naturaleza y calma, demuestra que no hace falta"},"content":{"rendered":"<p>\u201cEl proyecto reimagina el apartamento como un refugio del ritmo de la ciudad, donde el arte de vivir bien se despliega entre rincones tropicales llenos de plantas de origen mediterr\u00e1neo y brasile\u00f1o, y estancias de tonos y materiales naturales. Desde el principio, el encargo fue claro: <strong>cada espacio deb\u00eda tener una conexi\u00f3n visual con la vegetaci\u00f3n.<\/strong> De este modo, la naturaleza se entrelaza con la arquitectura como una fuente cotidiana de serenidad y presencia\u201d, explican desde <a data-offer-url=\"https:\/\/abacarchitects.com\/\" class=\"external-link\" data-event-click=\"{&quot;element&quot;:&quot;ExternalLink&quot;,&quot;outgoingURL&quot;:&quot;https:\/\/abacarchitects.com\/&quot;}\" href=\"https:\/\/abacarchitects.com\/\" rel=\"nofollow noopener\" target=\"_blank\">AB+AC Architects<\/a>, a cargo del proyecto.<\/p>\n<p>Daybed B\u00fcndner SQR, de Joana Vila\u00e7a; taburete Oath de Further Ther; FlexiLibrary de AB+AC y obra fotogr\u00e1fica de Andr\u00e9 Chedid.<\/p>\n<p>Louren\u00e7o Teixeira de Abreu<\/p>\n<p>Adem\u00e1s de usar la naturaleza para conseguir este efecto de relajaci\u00f3n, para ahondar en la sensaci\u00f3n de calma, el premiado estudio decidi\u00f3 <strong>organizar la vivienda siguiendo los principios del esencialismo<\/strong>. Es decir, promoviendo el orden arquitect\u00f3nico, minimizando el ruido visual a trav\u00e9s de mobiliario a medida y almacenaje oculto y dejando espacio \u201csolo a lo que realmente se necesita y se aprecia\u201d.<\/p>\n<p>En la cocina, cer\u00e1mica de Further Ther.<\/p>\n<p>Louren\u00e7o Teixeira de Abreu<\/p>\n<p>La mayor\u00eda de las piezas decorativas de la casa son de dise\u00f1adores locales afincados en Lisboa. Muchas de ellas forman parte de Luso Collective, en cuya colecci\u00f3n tambi\u00e9n ha contribuido AB+AC Architects con una creaci\u00f3n propia.<\/p>\n<p>Louren\u00e7o Teixeira de Abreu<\/p>\n<p>De esta manera, los recorridos que dibujan la propia casa est\u00e1n definidos por el equilibrio y la fluidez, favoreciendo tanto la vida en familia como los momentos de retiro individual. \u201cLas zonas de estar, descanso y trabajo en casa se organizan con intenci\u00f3n, <strong>asegurando que cada actividad tenga su propio espacio dedicado, al tiempo que se adaptan al ritmo cambiante de la vida diaria\u201d.<\/strong><\/p>\n<p>El espacio com\u00fan, a diferencia de las estancias privadas, se caracteriza por su amplitud y apertura.<\/p>\n<p>Louren\u00e7o Teixeira de Abreu<\/p>\n","protected":false},"excerpt":{"rendered":"\u201cEl proyecto reimagina el apartamento como un refugio del ritmo de la ciudad, donde el arte de vivir&hellip;\n","protected":false},"author":2,"featured_media":126773,"comment_status":"","ping_status":"","sticky":false,"template":"","format":"standard","meta":{"footnotes":""},"categories":[173],"tags":[229,233,231,230,1530,232,234,146,147,25,24,23],"class_list":{"0":"post-126772","1":"post","2":"type-post","3":"status-publish","4":"format-standard","5":"has-post-thumbnail","7":"category-arte-y-diseno","8":"tag-arte","9":"tag-arte-y-diseno","10":"tag-arts","11":"tag-arts-and-design","12":"tag-casas-ad","13":"tag-design","14":"tag-diseno","15":"tag-entertainment","16":"tag-entretenimiento","17":"tag-es","18":"tag-espana","19":"tag-spain"},"share_on_mastodon":{"url":"","error":""},"_links":{"self":[{"href":"https:\/\/www.europesays.com\/es\/wp-json\/wp\/v2\/posts\/126772","targetHints":{"allow":["GET"]}}],"collection":[{"href":"https:\/\/www.europesays.com\/es\/wp-json\/wp\/v2\/posts"}],"about":[{"href":"https:\/\/www.europesays.com\/es\/wp-json\/wp\/v2\/types\/post"}],"author":[{"embeddable":true,"href":"https:\/\/www.europesays.com\/es\/wp-json\/wp\/v2\/users\/2"}],"replies":[{"embeddable":true,"href":"https:\/\/www.europesays.com\/es\/wp-json\/wp\/v2\/comments?post=126772"}],"version-history":[{"count":0,"href":"https:\/\/www.europesays.com\/es\/wp-json\/wp\/v2\/posts\/126772\/revisions"}],"wp:featuredmedia":[{"embeddable":true,"href":"https:\/\/www.europesays.com\/es\/wp-json\/wp\/v2\/media\/126773"}],"wp:attachment":[{"href":"https:\/\/www.europesays.com\/es\/wp-json\/wp\/v2\/media?parent=126772"}],"wp:term":[{"taxonomy":"category","embeddable":true,"href":"https:\/\/www.europesays.com\/es\/wp-json\/wp\/v2\/categories?post=126772"},{"taxonomy":"post_tag","embeddable":true,"href":"https:\/\/www.europesays.com\/es\/wp-json\/wp\/v2\/tags?post=126772"}],"curies":[{"name":"wp","href":"https:\/\/api.w.org\/{rel}","templated":true}]}}