{"id":126794,"date":"2025-09-20T06:04:08","date_gmt":"2025-09-20T06:04:08","guid":{"rendered":"https:\/\/www.europesays.com\/es\/126794\/"},"modified":"2025-09-20T06:04:08","modified_gmt":"2025-09-20T06:04:08","slug":"pedro-sanchez-rego-con-32-millones-publicos-la-vuelta-a-espana-para-luego-boicotearla","status":"publish","type":"post","link":"https:\/\/www.europesays.com\/es\/126794\/","title":{"rendered":"Pedro S\u00e1nchez reg\u00f3 con 3,2 millones p\u00fablicos la Vuelta a Espa\u00f1a para luego boicotearla"},"content":{"rendered":"<p><strong>La Vuelta Ciclista a Espa\u00f1a recibi\u00f3 en esta \u00faltima edici\u00f3n 3,2 millones de euros patrocinio provenientes de estamentos p\u00fablicos<\/strong> para terminar con su \u00faltima <a href=\"https:\/\/okdiario.com\/deportes\/ayuso-concedera-medalla-oro-comunidad-madrid-vuelta-ganador-vingegaard-15431445\" rel=\"nofollow noopener\" target=\"_blank\">etapa cancelada<\/a> en las calles de Madrid. Los manifestantes propalestinos <a href=\"https:\/\/okdiario.com\/espana\/sanchez-alenta-radicales-propalestinos-vuelta-nuestra-admiracion-pueblo-que-moviliza-15407648\" rel=\"nofollow noopener\" target=\"_blank\">alentados por Pedro S\u00e1nchez<\/a> fueron los culpables de que la carrera no pudiese discurrir por sus t\u00e9rminos habituales <strong>perjudicando seriamente la credibilidad del ciclismo en Espa\u00f1a<\/strong> y perjudicando muy seriamente la <a href=\"https:\/\/okdiario.com\/deportes\/palazo-almeida-gobierno-ensuciar-imagen-madrid-15428083\" rel=\"nofollow noopener\" target=\"_blank\">imagen de Madrid.<\/a><\/p>\n<p>Resulta paradigm\u00e1tico que <strong>el Gobierno de Espa\u00f1a haya ayudado econ\u00f3micamente a la ronda espa\u00f1ola<\/strong> cuando sus socios \u2013especialmente Podemos y los partidos independentistas gallegos, vascos y catalanes\u2013<strong> han acusado a la prueba de blanquear al <a href=\"https:\/\/okdiario.com\/opinion\/sanchez-propalestino-interes-electoral-15418730\" rel=\"nofollow noopener\" target=\"_blank\">estado de Israel<\/a>.<\/strong> Organismos tan reconocidos como<strong> Loter\u00edas y Apuestas del Estado, Correos y Paradores<\/strong> han sido los principales benefactores de la prueba.<\/p>\n<p>Los contratos con estas empresas p\u00fablicas, al igual con las diversas diputaciones socialista que han pagado canon, <strong>se firmaron cuando ya se conoc\u00eda la presencia del equipo Israel-Pro Tech en la ronda.<\/strong> <a href=\"https:\/\/www.lavuelta.es\/\" rel=\"nofollow noopener\" target=\"_blank\">La Vuelta<\/a> a Espa\u00f1a anunci\u00f3 que estar\u00edan en su presentaci\u00f3n el pasado 19 de diciembre de 2024 gracias a ser el mejor equipo UCI ProTeam del ranking <a href=\"https:\/\/okdiario.com\/deportes\/uci-explota-contra-pedro-sanchez-pone-tela-juicio-capacidad-espana-acoger-deporte-15415701\" rel=\"nofollow noopener\" target=\"_blank\">UCI<\/a> de 2024 teniendo asegurada invitaci\u00f3n.<\/p>\n<p>De estos patrocinios p\u00fablicos recibidos, <strong>el\u00a0montante m\u00e1s cuantioso ha sido el de Correos, quien ha pagado 2,1 millones<\/strong> en patrocinar la prueba. <strong>Loter\u00edas y Apuestas del Estado gast\u00f3 780.000 euros<\/strong> para ser identificado como el socio del maillot de la monta\u00f1a, mientras que <strong>Paradores<\/strong> entr\u00f3 este a\u00f1o en la n\u00f3mina de patrocinadores del evento con una partida de <strong>405.350 euros.<\/strong><\/p>\n<p>El PSOE la quer\u00eda en sus diputaciones<\/p>\n<p>No s\u00f3lo estas empresas pusieron dinero, sino que <strong>gobiernos locales socialistas tambi\u00e9n pagaron<\/strong> y un buen pellizco por contar con La Vuelta que presuntamente \u2018blanquea\u2019 a Israel. <strong>La Sociedad P\u00fablica de Gesti\u00f3n y Promoci\u00f3n Tur\u00edstica y Cultural del Principado de Asturias se dej\u00f3 181.500 euros<\/strong> para conseguir que la regi\u00f3n presidida por Adri\u00e1n Barb\u00f3n contase con dos llegadas en alto en el <a href=\"https:\/\/okdiario.com\/deportes\/colosal-almeida-bate-vingegaard-infierno-del-angliru-15360415\" rel=\"nofollow noopener\" target=\"_blank\">Angliru<\/a> y en La Farrapona.<\/p>\n<p>Otro caso flagrante es el que protagoniz\u00f3 la <strong>Diputaci\u00f3n de Lugo, quien pag\u00f3 un canon de 100.000 euros por conseguir una llegada en Monforte de Lemos<\/strong>. En este lugar gobierna el socialista Jos\u00e9 Tom\u00e9 gracias a los apoyos del Bloque Nacionalista Gallego (BNG), cuyos pol\u00edticos fueron de los m\u00e1s activos en las protestas.<\/p>\n<p>Otra diputaci\u00f3n socialista que quiso pagar por tener a la Vuelta a Espa\u00f1a<strong> fue la de Le\u00f3n, presidida por Gerardo \u00c1lvarez.<\/strong> En este caso, por albergar el final de la etapa en el Puerto de El Morredero pagaron 50.000 euros. Al menos, <strong>ninguna de estas cuatro etapas regadas por subvenciones socialistas<\/strong> sufri\u00f3 corte alguno ni ning\u00fan problema de seguridad como s\u00ed sucedi\u00f3 en otras celebradas en Figueres, Bilbao, Valladolid o Madrid. Como se puede ver la Vuelta <strong>fue usada con fines pol\u00edticos por Pedro S\u00e1nchez tras gastar todo este pastizal.<\/strong><\/p>\n","protected":false},"excerpt":{"rendered":"La Vuelta Ciclista a Espa\u00f1a recibi\u00f3 en esta \u00faltima edici\u00f3n 3,2 millones de euros patrocinio provenientes de estamentos&hellip;\n","protected":false},"author":2,"featured_media":126795,"comment_status":"","ping_status":"","sticky":false,"template":"","format":"standard","meta":{"footnotes":""},"categories":[273],"tags":[313,312,168,25,24,23,167],"class_list":{"0":"post-126794","1":"post","2":"type-post","3":"status-publish","4":"format-standard","5":"has-post-thumbnail","7":"category-ciclismo","8":"tag-ciclismo","9":"tag-cycling","10":"tag-deportes","11":"tag-es","12":"tag-espana","13":"tag-spain","14":"tag-sports"},"share_on_mastodon":{"url":"","error":""},"_links":{"self":[{"href":"https:\/\/www.europesays.com\/es\/wp-json\/wp\/v2\/posts\/126794","targetHints":{"allow":["GET"]}}],"collection":[{"href":"https:\/\/www.europesays.com\/es\/wp-json\/wp\/v2\/posts"}],"about":[{"href":"https:\/\/www.europesays.com\/es\/wp-json\/wp\/v2\/types\/post"}],"author":[{"embeddable":true,"href":"https:\/\/www.europesays.com\/es\/wp-json\/wp\/v2\/users\/2"}],"replies":[{"embeddable":true,"href":"https:\/\/www.europesays.com\/es\/wp-json\/wp\/v2\/comments?post=126794"}],"version-history":[{"count":0,"href":"https:\/\/www.europesays.com\/es\/wp-json\/wp\/v2\/posts\/126794\/revisions"}],"wp:featuredmedia":[{"embeddable":true,"href":"https:\/\/www.europesays.com\/es\/wp-json\/wp\/v2\/media\/126795"}],"wp:attachment":[{"href":"https:\/\/www.europesays.com\/es\/wp-json\/wp\/v2\/media?parent=126794"}],"wp:term":[{"taxonomy":"category","embeddable":true,"href":"https:\/\/www.europesays.com\/es\/wp-json\/wp\/v2\/categories?post=126794"},{"taxonomy":"post_tag","embeddable":true,"href":"https:\/\/www.europesays.com\/es\/wp-json\/wp\/v2\/tags?post=126794"}],"curies":[{"name":"wp","href":"https:\/\/api.w.org\/{rel}","templated":true}]}}