{"id":126800,"date":"2025-09-20T06:09:35","date_gmt":"2025-09-20T06:09:35","guid":{"rendered":"https:\/\/www.europesays.com\/es\/126800\/"},"modified":"2025-09-20T06:09:35","modified_gmt":"2025-09-20T06:09:35","slug":"en-casa-tenemos-un-pequeno-gimnasio-y-en-una-esquina-minima-de-1-m2-he-creado-mi-rincon-de-meditacion","status":"publish","type":"post","link":"https:\/\/www.europesays.com\/es\/126800\/","title":{"rendered":"En casa tenemos un peque\u00f1o gimnasio y en una esquina m\u00ednima de 1 m2 he creado mi rinc\u00f3n de meditaci\u00f3n"},"content":{"rendered":"<p>Hoy en d\u00eda, desconectar y reencontrarnos con el silencio se ha convertido en un verdadero privilegio. Si vives en la ciudad, sabes de lo que hablo: d\u00edas que avanzan demasiado r\u00e1pido, llamadas, reuniones,\u00a0scrolling\u00a0y compromisos por doquier.<\/p>\n<p>Sin embargo, tener un <a href=\"https:\/\/www.elmueble.com\/bienestar\/10-ideas-para-crear-tu-propio-rincon-meditacion-casa_42593\" rel=\"nofollow noopener\" target=\"_blank\">espacio destinado a la meditaci\u00f3n y al descanso mental<\/a>, realmente es m\u00e1s f\u00e1cil de lo que parece. <strong>A veces, basta con tener un metro cuadrado libre para hacer la diferencia en tu rutina diaria<\/strong>. Bien lo sabe la interiorista Meritxell Rib\u00e8, decoradora y fundadora de\u00a0<a href=\"https:\/\/theroom-studio.com\/\" rel=\"nofollow noopener\" target=\"_blank\">The Room Studio<\/a>\u00a0(@<a href=\"https:\/\/www.instagram.com\/theroom_studio\/\" rel=\"nofollow noopener\" target=\"_blank\">theroom_studio<\/a>). La experta ha conseguido dise\u00f1ar su esquina feliz en un rinc\u00f3n de su peque\u00f1o gimnasio. All\u00ed, en tan solo 1,20 x 1,20 m, Meritxell encuentra un espacio de calma que describe como \u00abcasi clandestino\u00bb.\u00a0\u00a0<strong>\u00bfTe gustan las historias de interioristas y expertos?\u00a0<\/strong><a href=\"https:\/\/tienda.rba.es\/revistas\/suscripcion-el-mueble?ORIGIN=REF&amp;rba_medium=referral&amp;rba_source=elmueble.com&amp;rba_campaign=RBA_rev_emue_es_web_conv_pur_pro&amp;rba_term=RBA_rev_emue_es_web_conv_pur_pro_general&amp;rba_content=general_RBA_rev_emue_es_web_conv_pur_pro_general_oferta-especial-2025_general_frase-articulos-deco_web\" rel=\"nofollow noopener\" target=\"_blank\">Suscr\u00edbete a El Mueble<\/a>\u00a0y recibe las\u00a0<strong>mejores ideas para decorar<\/strong>\u00a0<strong>y transformar\u00a0<\/strong>tu casa al mejor precio.<\/p>\n<p>&#13;<img decoding=\"async\" src=\"https:\/\/www.europesays.com\/es\/wp-content\/uploads\/2025\/09\/dormitorio-blanco-y-en-tonos-tostados-00584101_d693d7a3_00584101_250910090424_600x600.webp.webp\" alt=\"dormitorio blanco y en tonos tostados 00584101\" class=\"image lazyload\"\/><\/p>\n<p class=\"epigraph\">FENG SHUI<\/p>\n<p><a href=\"https:\/\/www.elmueble.com\/decoracion\/gloria-ramos-experta-feng-shui-ni-se-te-ocurra-poner-fotos-dormitorio-personas-queridas-afectara-tu-privacidad_61720\" rel=\"nofollow noopener\" target=\"_blank\">Gloria Ramos, experta en Feng Shui: \u00abNi se te ocurra poner fotos en el dormitorio de personas queridas, afectar\u00e1 tu privacidad\u00bb<\/a><\/p>\n<p>\u00abEn toda mi carrera solo una persona me ha pedido un espacio para meditar\u00bb, reflexiona la interiorista. \u00abPero confieso que yo s\u00ed lo tengo\u00bb, afirma.<\/p>\n<p><strong>\u00abEn casa tenemos un peque\u00f1o gimnasio.\u00a0Lo usan much\u00edsimo Josep y mis hijos.\u00a0Yo, en cambio, lo he tuneado.\u00a0En una esquina m\u00ednima, de apenas metro veinte por metro veinte, he levantado mi rinc\u00f3n de meditaci\u00f3n<\/strong>\u00ab, cuenta Meritxell.\u00a0<\/p>\n<p><img loading=\"lazy\" decoding=\"async\" src=\"https:\/\/www.europesays.com\/es\/wp-content\/uploads\/2025\/09\/0009108-espejo-flores-velas-recibidor-tocador_4539c360_0009108_250916112331_1000x1299.webp.webp\" alt=\"0009108 espejo flores velas recibidor tocador\" class=\"lazyload\" width=\"1000\" height=\"1299\" data-aspectratio=\"1000\/1299\"\/><\/p>\n<p>Una iluminaci\u00f3n c\u00e1lida, velas y flores, pueden cambiar totalmente el ambiente.<\/p>\n<p>&#13;El Mueble<\/p>\n<p>\u00a0<\/p>\n<p>Seguramente te preguntar\u00e1s, \u00bfqu\u00e9 cabe en un espacio tan peque\u00f1ito?, \u00bfrealmente se puede acomodar un rinc\u00f3n de esas dimensiones? La respuesta es S\u00cd. La experta cuenta que no necesita demasiado: \u00abUna mesita de la india pintada a mano en rojo, con flores delicadas que encontr\u00e9 hace a\u00f1os en un anticuario.\u00a0Encima,\u00a0<strong><a href=\"https:\/\/www.elmueble.com\/bienestar\/lamparas-sal-que-son-beneficios-cuando-donde-usarlas_50554\" rel=\"nofollow noopener\" target=\"_blank\">mi l\u00e1mpara de sal con su suave luz<\/a>.<\/strong>\u00a0Un zafu y una esterilla lila, curioso, nunca uso este color en mis interiores, pero aqu\u00ed me resulta perfecto.\u00a0Y poco m\u00e1s.\u00a0A veces una vela, siempre sin aroma.<strong> Una l\u00e1mpara de luz indirecta que se regula. Si bajo la intensidad, las m\u00e1quinas del gimnasio se disuelven.\u00a0No desaparecen, pero dejan de tener protagonismo.\u00a0Y el rinc\u00f3n se convierte en otra cosa.\u00a0Casi un altar, un peque\u00f1o santuario dentro del caos cotidiano<\/strong>\u00ab.\u00a0<\/p>\n<p>De esta forma, se consigue un refugio casero para esconderse del mundo. \u00ab<strong>Me gusta pensar que ah\u00ed soy invisible, que nadie me molesta. Y que ese metro veinte cuadrado es solo m\u00edo.\u00a0Mi ritual: \u00a0sentarme, respirar, dejar ir<\/strong>\u00ab, concluye Meritxell.\u00a0<\/p>\n<p>&#13;<img decoding=\"async\" src=\"https:\/\/www.europesays.com\/es\/wp-content\/uploads\/2025\/09\/00480522b_00000000_91ff2ab0_250515165413_600x600.webp.webp\" alt=\"00480522b\" class=\"image lazyload\"\/><\/p>\n<p class=\"epigraph\">Saca partido a tu sal\u00f3n<\/p>\n<p><a href=\"https:\/\/www.elmueble.com\/estancias\/meritxell-ribe-interiorista-salon-pequeno-pon-muebles-grandes-contrario-es-error-que-empenece-espacio_60250\" rel=\"nofollow noopener\" target=\"_blank\">Meritxell Rib\u00e9, interiorista: \u00abEn un sal\u00f3n peque\u00f1o pon muebles grandes, lo contrario es un error que empeque\u00f1ece el espacio\u00bb <\/a><br \/>\n5 ideas para montar un rinc\u00f3n de bienestar y ejercicio en casa<\/p>\n<p>Te compartimos <strong>cinco ideas para montar tu gimnasio o tu rinc\u00f3n de meditaci\u00f3n en casa.<\/strong> Estas lecciones que hemos aprendido junto a los expertos y expertas de El Mueble pueden animarte a <a href=\"https:\/\/www.elmueble.com\/decoracion\/10-ideas-que-aprovechan-esa-esquina-salon-que-nunca-has-usado_59446\" rel=\"nofollow noopener\" target=\"_blank\">aprovechar esa esquina o habitaci\u00f3n en desuso<\/a> que tienes en tu hogar. \u00bfPor qu\u00e9 no utilizarla para darte un respiro de calma y bienestar en el d\u00eda a d\u00eda?<\/p>\n<p><img loading=\"lazy\" decoding=\"async\" src=\"https:\/\/www.europesays.com\/es\/wp-content\/uploads\/2025\/09\/00388354_00000000_66816e61_250916104653_1000x1500.webp.webp\" alt=\"00388354\" class=\"lazyload\" width=\"1000\" height=\"1500\" data-aspectratio=\"1000\/1500\"\/><\/p>\n<p>Puf de punto de Mat\u00e8ria y colchonetas y cojines de Filocolore.\u00a0<\/p>\n<p>&#13;El Mueble<br \/>\n1. Define el espacio<\/p>\n<p>Antes de todo, debes revisar cu\u00e1nto espacio tienes disponible y qu\u00e9 objetivo tiene tu rinc\u00f3n especial. \u00bfQuieres un mini gimnasio? \u00bfTe apetece un rinc\u00f3n para meditar? \u00bfQuiz\u00e1s quieres un peque\u00f1o estudio de yoga? Sea cual sea la funci\u00f3n del lugar debe haber espacio suficiente para que puedas practicar c\u00f3modamente. En este caso, se ha destinado un <a href=\"https:\/\/www.elmueble.com\/decoracion\/ideas-faciles-para-decorar-jardin-sin-gastar-mucho_54740\" rel=\"nofollow noopener\" target=\"_blank\">peque\u00f1o espacio en la terraza<\/a> para meditar, leer y hasta estirar si el cuerpo te lo pide. Acomoda el lugar con cojines y colchones c\u00f3modos y, por supuesto, no olvides incorporar iluminaci\u00f3n y tejidos amables con la piel.<\/p>\n<p>&#13;<img decoding=\"async\" src=\"https:\/\/www.europesays.com\/es\/wp-content\/uploads\/2025\/09\/mujer-ordenando-00000000-bb08903c-240227092737_867b4272_250612152704_600x600.webp.webp\" alt=\"mujer ordenando 00000000 bb08903c 240227092737\" class=\"image lazyload\"\/><\/p>\n<p class=\"epigraph\">El orden da paz y felicidad<\/p>\n<p><a href=\"https:\/\/www.elmueble.com\/bienestar\/entrevista-a-maria-leaniz-sobre-felicidad-y-orden_60636\" rel=\"nofollow noopener\" target=\"_blank\">Mar\u00eda Le\u00e1niz, experta en orden: \u00abEl orden es un generador directo de satisfacci\u00f3n, paz, seguridad y autoestima; todas ellas v\u00edas directas hacia la felicidad\u00bb<\/a><br \/>\n2. Menos es m\u00e1s: prioriza lo esencial<\/p>\n<p>Todo depende de la amplitud del lugar, pero<strong> recuerda que <a href=\"https:\/\/www.elmueble.com\/bienestar\/entrevista-a-maria-leaniz-sobre-felicidad-y-orden_60636\" rel=\"nofollow noopener\" target=\"_blank\">el orden trae calma mental.<\/a>\u00a0<\/strong>Por lo tanto, es aconsejable contar con lo esencial y no rellenar el ambiente con objetos innecesarios. Una esterilla, un par de mancuernas y unas bandas el\u00e1sticas pueden ser m\u00e1s que suficientes. Si tienes m\u00e1s espacio, puedes incorporar una bicicleta est\u00e1tica o una cinta de correr.\u00a0<\/p>\n<p><img loading=\"lazy\" decoding=\"async\" src=\"https:\/\/www.europesays.com\/es\/wp-content\/uploads\/2025\/09\/decorar-un-cesto-con-velas-electricas_fa7eedbe_00515433_250916111528_1000x1498.webp.webp\" alt=\"Decorar un cesto con velas el\u00e9ctricas\" class=\"lazyload\" width=\"1000\" height=\"1498\" data-aspectratio=\"1000\/1498\"\/><\/p>\n<p>Si tienes ni\u00f1os o mascotas en casa, prueba con velas el\u00e9ctricas: son m\u00e1s seguras.<\/p>\n<p>&#13;El Mueble<br \/>\n3. Crea una atm\u00f3sfera adecuada<\/p>\n<p>La iluminaci\u00f3n, los aromas y los colores nos pueden transportar inmediatamente a un espacio de serenidad y bienestar. Tal y como menciona Meritxell, <strong>incorpora l\u00e1mparas regulables para que puedas manejar la intensidad a tu antojo<\/strong>. Las velas (tradicionales o el\u00e9ctricas) tambi\u00e9n hacen lo suyo. Esto es sumamente importante si vas a destinar el espacio al yoga, la meditaci\u00f3n o la relajaci\u00f3n.<\/p>\n<p>\u00a0<\/p>\n<p><img loading=\"lazy\" decoding=\"async\" src=\"https:\/\/www.europesays.com\/es\/wp-content\/uploads\/2025\/09\/y-un-gimnasio-privado_892646d4_250916111224_1000x1271.webp.webp\" alt=\"\u00a1Y un gimnasio privado!\" class=\"lazyload\" width=\"1000\" height=\"1271\" data-aspectratio=\"1000\/1271\"\/><\/p>\n<p>Gimnasio privado con mancuernas y m\u00e1quinas de ejercicios.<\/p>\n<p>&#13;Felipe Scheffel \/ Eva Baena<br \/>\n4. Almacenamiento y orden<\/p>\n<p>El desorden es enemigo del bienestar. Por muy peque\u00f1o que sea el espacio, debemos mantenerlo siempre bien organizado y evitar dejar elementos desperdigados por la habitaci\u00f3n. Si vas a instalar un peque\u00f1o gimnasio en casa, procura que las mancuernas y esterillas tengan su lugar definido.\u00a0<\/p>\n<p><img loading=\"lazy\" decoding=\"async\" src=\"https:\/\/www.europesays.com\/es\/wp-content\/uploads\/2025\/09\/mikados-vela-aromatica-y-jabones-de-la-coleccion-momentos-el-mueble_456438_00000000_250916111413_100.webp\" alt=\"Mikados, vela arom\u00e1tica y jabones de la colecci\u00f3n Momentos El Mueble_456438\" class=\"lazyload\" width=\"1000\" height=\"1028\" data-aspectratio=\"1000\/1028\"\/><\/p>\n<p>Utiliza un mikado o vela arom\u00e1tica de olor suave.<\/p>\n<p>&#13;El Mueble<br \/>\n5. Dise\u00f1o sensorial<\/p>\n<p>No subestimes el poder de los sentidos. En un rinc\u00f3n destinado al bienestar, es clave contar con tejidos agradables, una planta fresca y quiz\u00e1s alg\u00fan tipo de aromaterapia. Asimismo, prioriza el uso de colores suaves y alg\u00fan <a href=\"https:\/\/www.elmueble.com\/ideas\/diy\/como-hacer-velas-caseras_42175\" rel=\"nofollow noopener\" target=\"_blank\">detalle personal como una vela<\/a> o un s\u00edmbolo que te conecte con la serenidad y la relajaci\u00f3n.\u00a0<\/p>\n<p><script async src=\"\/\/www.instagram.com\/embed.js\"><\/script><\/p>\n","protected":false},"excerpt":{"rendered":"Hoy en d\u00eda, desconectar y reencontrarnos con el silencio se ha convertido en un verdadero privilegio. Si vives&hellip;\n","protected":false},"author":2,"featured_media":126801,"comment_status":"","ping_status":"","sticky":false,"template":"","format":"standard","meta":{"footnotes":""},"categories":[173],"tags":[229,233,231,230,232,234,146,147,25,24,23],"class_list":{"0":"post-126800","1":"post","2":"type-post","3":"status-publish","4":"format-standard","5":"has-post-thumbnail","7":"category-arte-y-diseno","8":"tag-arte","9":"tag-arte-y-diseno","10":"tag-arts","11":"tag-arts-and-design","12":"tag-design","13":"tag-diseno","14":"tag-entertainment","15":"tag-entretenimiento","16":"tag-es","17":"tag-espana","18":"tag-spain"},"share_on_mastodon":{"url":"","error":""},"_links":{"self":[{"href":"https:\/\/www.europesays.com\/es\/wp-json\/wp\/v2\/posts\/126800","targetHints":{"allow":["GET"]}}],"collection":[{"href":"https:\/\/www.europesays.com\/es\/wp-json\/wp\/v2\/posts"}],"about":[{"href":"https:\/\/www.europesays.com\/es\/wp-json\/wp\/v2\/types\/post"}],"author":[{"embeddable":true,"href":"https:\/\/www.europesays.com\/es\/wp-json\/wp\/v2\/users\/2"}],"replies":[{"embeddable":true,"href":"https:\/\/www.europesays.com\/es\/wp-json\/wp\/v2\/comments?post=126800"}],"version-history":[{"count":0,"href":"https:\/\/www.europesays.com\/es\/wp-json\/wp\/v2\/posts\/126800\/revisions"}],"wp:featuredmedia":[{"embeddable":true,"href":"https:\/\/www.europesays.com\/es\/wp-json\/wp\/v2\/media\/126801"}],"wp:attachment":[{"href":"https:\/\/www.europesays.com\/es\/wp-json\/wp\/v2\/media?parent=126800"}],"wp:term":[{"taxonomy":"category","embeddable":true,"href":"https:\/\/www.europesays.com\/es\/wp-json\/wp\/v2\/categories?post=126800"},{"taxonomy":"post_tag","embeddable":true,"href":"https:\/\/www.europesays.com\/es\/wp-json\/wp\/v2\/tags?post=126800"}],"curies":[{"name":"wp","href":"https:\/\/api.w.org\/{rel}","templated":true}]}}