{"id":126810,"date":"2025-09-20T06:16:09","date_gmt":"2025-09-20T06:16:09","guid":{"rendered":"https:\/\/www.europesays.com\/es\/126810\/"},"modified":"2025-09-20T06:16:09","modified_gmt":"2025-09-20T06:16:09","slug":"de-la-cierva-y-nicolas-elle","status":"publish","type":"post","link":"https:\/\/www.europesays.com\/es\/126810\/","title":{"rendered":"DE LA CIERVA Y NICOL\u00c1S &#8211; ELLE"},"content":{"rendered":"<ol>\n<li><a href=\"https:\/\/news.google.com\/rss\/articles\/CBMikwFBVV95cUxPVVVnNlpmY2JiX3Q1dVJYUzJjdzNOeTNhUDVUY0hsLXZLdGhzSGRDbWlxV0hiMTJLSXNUeV81ZWRQQ0pYaFBJWFpZTTkyVUFGNDdtZUFDTE40WVlyMVpaZnJLMnNZNGZJTF9lMG1Jc0xEc2liNW1INGoyMEJRZXl3VUJ1LURsSi1WN29IOHhweGhJMUk?oc=5\" target=\"_blank\" rel=\"nofollow noopener\">DE LA CIERVA Y NICOL\u00c1S<\/a>&nbsp;&nbsp;ELLE<\/li>\n<li><a href=\"https:\/\/news.google.com\/rss\/articles\/CBMitgFBVV95cUxPWjUxa1BKTUNXOFV4bjBRZHdaMGxnNk4zMl8tS3F3YmNka3BkY2lHaUtQWkNrXzQxZnBNYUJ5eVg1dllsSDVYLTljVVBQU0hyYUpldFlwc3kzb0pmZkFuWWFpRVhfYzZwUlBzN2Y2QU8tcjdrVmx6T1RnYmk4cjllSlFYWGlLWkVQTm1BX2tQb2FkWnk1QW1vMHZxU3JsN0hMV1lSMlFWcHV5LWhZbkVTLUx5NXdmZw?oc=5\" target=\"_blank\" rel=\"nofollow noopener\">ISABEL SANCHIS<\/a>&nbsp;&nbsp;ELLE<\/li>\n<li><a href=\"https:\/\/news.google.com\/rss\/articles\/CBMiwwFBVV95cUxQOUQzWnhUQ2xjUnVyS2JjUC1Famw2cTBhamRQUVJKUWwtbjVQNkctMGZBdGdjalItNElGMUVvMWN5MVVpWGZqeFJ1VUJVNmtPN25pYm1zRklOQkJfTnZ0WVlWUk5iamxqZzllMWROcjZCVzJVZjFVcTR1dERDOTRCODE5S3NpUHp3WW85cy1oUWVyTG9lclZESTZobV9rMEYwdC1UelQ1NDQ5WUQ5clRsTGVuckM1NFdMS2c5Q0x0RlBVX00?oc=5\" target=\"_blank\" rel=\"nofollow noopener\">La moda espa\u00f1ola apuesta por la diversificaci\u00f3n para conquistar nuevos p\u00fablicos<\/a>&nbsp;&nbsp;EL PA\u00cdS<\/li>\n<li><a href=\"https:\/\/news.google.com\/rss\/articles\/CBMiowFBVV95cUxPcldncElKLXRvUEkyeWM2UWVMZkVpM3hPWXNFdlJYVG1BdTdFRmJaWW5KbHRBamYtUUFPb3lycXRxeG9LN0h6WWN2b1RMdkRHcGNCTTd5UlNLTVNKRktBdGVJZVRydUNyVThnUjhwYnVXYzBIbF84bFBfcVBjVFVRSEhGdVA5X0c0NlhLTkRWZlhWUUxUclVLUFR4ejFYUGU0QUJN?oc=5\" target=\"_blank\" rel=\"nofollow noopener\">MBFWMadrid: De la colecci\u00f3n de \u00c1gatha Ruiz de la Prada hecha con IA al debut de nuevas marcas en la pasarela<\/a>&nbsp;&nbsp;ABC<\/li>\n<li><a href=\"https:\/\/news.google.com\/rss\/articles\/CBMinAFBVV95cUxOQzYwdUFrdzhOLUxKeFBpUnNQNzlDdzk0ODBQR2djeGN3ckdEUjc2ZjBsc3dZUWhmdDdreVFaQTI5WEtBYjN3eGFpdFZKRUw0YlIyczdHS2dHWjRJYlBCa181SHZZLWVUaEJib1MyMmdlTXpNM1kyUzZnMEp6YVJsSHVZbEdwMjFBTTA4YUF5cGsyVFM3ekFJS2F5cXg?oc=5\" target=\"_blank\" rel=\"nofollow noopener\">La Mercedes-Benz Fashion Week Madrid se llena de famosos<\/a>&nbsp;&nbsp;Diario AS<\/li>\n<\/ol>\n","protected":false},"excerpt":{"rendered":"DE LA CIERVA Y NICOL\u00c1S&nbsp;&nbsp;ELLE ISABEL SANCHIS&nbsp;&nbsp;ELLE La moda espa\u00f1ola apuesta por la diversificaci\u00f3n para conquistar nuevos p\u00fablicos&nbsp;&nbsp;EL&hellip;\n","protected":false},"author":2,"featured_media":126811,"comment_status":"","ping_status":"","sticky":false,"template":"","format":"standard","meta":{"footnotes":""},"categories":[91],"tags":[253,146,147,25,24,23],"class_list":{"0":"post-126810","1":"post","2":"type-post","3":"status-publish","4":"format-standard","5":"has-post-thumbnail","7":"category-entretenimiento","8":"tag-discover","9":"tag-entertainment","10":"tag-entretenimiento","11":"tag-es","12":"tag-espana","13":"tag-spain"},"share_on_mastodon":{"url":"","error":""},"_links":{"self":[{"href":"https:\/\/www.europesays.com\/es\/wp-json\/wp\/v2\/posts\/126810","targetHints":{"allow":["GET"]}}],"collection":[{"href":"https:\/\/www.europesays.com\/es\/wp-json\/wp\/v2\/posts"}],"about":[{"href":"https:\/\/www.europesays.com\/es\/wp-json\/wp\/v2\/types\/post"}],"author":[{"embeddable":true,"href":"https:\/\/www.europesays.com\/es\/wp-json\/wp\/v2\/users\/2"}],"replies":[{"embeddable":true,"href":"https:\/\/www.europesays.com\/es\/wp-json\/wp\/v2\/comments?post=126810"}],"version-history":[{"count":0,"href":"https:\/\/www.europesays.com\/es\/wp-json\/wp\/v2\/posts\/126810\/revisions"}],"wp:featuredmedia":[{"embeddable":true,"href":"https:\/\/www.europesays.com\/es\/wp-json\/wp\/v2\/media\/126811"}],"wp:attachment":[{"href":"https:\/\/www.europesays.com\/es\/wp-json\/wp\/v2\/media?parent=126810"}],"wp:term":[{"taxonomy":"category","embeddable":true,"href":"https:\/\/www.europesays.com\/es\/wp-json\/wp\/v2\/categories?post=126810"},{"taxonomy":"post_tag","embeddable":true,"href":"https:\/\/www.europesays.com\/es\/wp-json\/wp\/v2\/tags?post=126810"}],"curies":[{"name":"wp","href":"https:\/\/api.w.org\/{rel}","templated":true}]}}