{"id":126814,"date":"2025-09-20T06:19:07","date_gmt":"2025-09-20T06:19:07","guid":{"rendered":"https:\/\/www.europesays.com\/es\/126814\/"},"modified":"2025-09-20T06:19:07","modified_gmt":"2025-09-20T06:19:07","slug":"crece-el-temor-a-una-escalada-del-conflicto-con-rusia-tras-las-violaciones-del-espacio-aereo-de-la-otan","status":"publish","type":"post","link":"https:\/\/www.europesays.com\/es\/126814\/","title":{"rendered":"Crece el temor a una escalada del conflicto con Rusia tras las violaciones del espacio a\u00e9reo de la OTAN"},"content":{"rendered":"<p class=\"articleParagraph\"><b>Rusia <\/b>elev\u00f3 este viernes a\u00fan m\u00e1s la tensi\u00f3n en el <b>flanco oriental de la OTAN<\/b>, al violar con tres cazas el espacio a\u00e9reo de <b>Estonia<\/b>, una \u00abprovocaci\u00f3n\u00bb que se produce diez d\u00edas despu\u00e9s de la incursi\u00f3n de 19 drones rusos en <b>Polonia <\/b>y seis jornadas despu\u00e9s de que un veh\u00edculo a\u00e9reo no tripulado ruso se adentrara en <b>Ruman\u00eda<\/b>. El Ministerio de Defensa ruso ha negado a \u00faltima hora de este viernes que sus aviones violaran el espacio a\u00e9reo estonio.<\/p>\n<p class=\"articleParagraph\">En paralelo, Polonia inform\u00f3 de que hab\u00eda detectado tambi\u00e9n este viernes dos cazas rusos <b>sobre el mar B\u00e1ltico<\/b>, donde efectuaron un vuelo a baja altura <b>en las inmediaciones de la plataforma de extracci\u00f3n de petr\u00f3leo &#8216;Petrobaltic&#8217;<\/b> y violaron su zona de seguridad, seg\u00fan la Guardia Fronteriza polaca.<\/p>\n<p class=\"articleParagraph\">El primer ministro estonio, <b>Kristen Michal<\/b>, convoc\u00f3 de inmediato un gabinete de seguridad y el Gobierno decidi\u00f3, a propuesta del Ministerio de Exteriores, solicitar consultas en virtud del<b> Art\u00edculo 4 del Tratado de la OTAN<\/b>, que cualquier aliado puede invocar cuando vea amenazada su <b>integridad territorial<\/b>, <b>independencia pol\u00edtica<\/b> o <b>seguridad<\/b>.<\/p>\n<p>Consultas con los aliados<\/p>\n<p class=\"articleParagraph\">\u00abTal violaci\u00f3n es completamente inaceptable y <b>la respuesta de la OTAN a cualquier provocaci\u00f3n debe ser unida y firme.<\/b> Consideramos esencial consultar con nuestros aliados para garantizar una evaluaci\u00f3n compartida de la situaci\u00f3n y acordar nuestros pr\u00f3ximos pasos. <b>Toda la Alianza se toma este incidente en serio\u00bb<\/b>, se\u00f1al\u00f3 Michal en un comunicado.<\/p>\n<p class=\"articleParagraph\">Desde la creaci\u00f3n de la Alianza Atl\u00e1ntica en 1948, el Art\u00edculo 4 ha sido invocado en <b>ocho ocasiones<\/b>, la \u00faltima vez el pasado d\u00eda 10 tras la violaci\u00f3n de los drones rusos del espacio a\u00e9reo polaco, lo que oblig\u00f3 a la OTAN a derribar por primera vez veh\u00edculos a\u00e9reos no tripulados en territorio aliado.<\/p>\n<p class=\"articleParagraph\">El secretario general de la OTAN, <b>Mark Rutte<\/b>, convers\u00f3 tras el incidente con Michal para analizar lo ocurrido.<\/p>\n<p class=\"articleParagraph\">Los tres cazas rusos MiG-31 entraron el viernes por la ma\u00f1ana en el espacio a\u00e9reo del pa\u00eds b\u00e1ltico y permanecieron <b>casi 12 minutos<\/b> sobre la isla de Vaindloo, en el golfo de Finlandia, lo que <b>oblig\u00f3 a aviones de la patrulla a\u00e9rea de la OTAN a intervenir<\/b>.<\/p>\n<p class=\"articleParagraph\">Sobre el golfo de Finlandia fueron interceptadas por cazas finlandeses y una vez dentro del espacio a\u00e9reo estonio, cazas F-35 de la Fuerza A\u00e9rea italiana de la Patrulla A\u00e9rea del B\u00e1ltico de la OTAN desplegados en la base a\u00e9rea estonia de \u00c4mari se hicieron cargo y <b>escoltaron a las aeronaves rusas fuera del espacio a\u00e9reo estonio<\/b>.<\/p>\n<p class=\"articleParagraph\">Seg\u00fan el primer ministro estonio, lo ocurrido fue \u00abun<b> acto tan provocador\u00bb<\/b> por parte de Rusia que demuestra que la guerra del Kremlin en Ucrania <b>no avanza seg\u00fan lo planeado<\/b>.<\/p>\n<p class=\"articleParagraph\">\u00abEl objetivo es desviar la atenci\u00f3n y la ayuda a Ucrania obligando a los pa\u00edses de la OTAN a centrarse m\u00e1s en la defensa de sus propios territorios\u00bb, afirm\u00f3 Michal.<\/p>\n<p>Provocaciones cada vez m\u00e1s frecuentes<\/p>\n<p class=\"articleParagraph\">El ministro de Exteriores de Estonia, <b>Margus Tsahkna<\/b>, que convoc\u00f3 de inmediato al encargado de negocios de la embajada de Rusia en Tallin, recalc\u00f3 que <b>Estonia no se enfrentar\u00e1 sola a tales violaciones<\/b>, \u00abcada vez m\u00e1s frecuentes\u00bb en el flanco oriental de la OTAN.<\/p>\n<p class=\"articleParagraph\">Por su parte, el ministro de Defensa, <b>Hanno Pevkur<\/b>, calific\u00f3 la violaci\u00f3n del espacio a\u00e9reo estonio de <b>\u00ababsolutamente inaceptable\u00bb<\/b>.<\/p>\n<p class=\"articleParagraph\">\u00abRusia contin\u00faa su guerra en Ucrania y act\u00faa con creciente agresividad hacia Estonia y <b>hacia todo el flanco oriental de la OTAN<\/b>, como tambi\u00e9n ilustran los recientes acontecimientos en<b> Polonia y Ruman\u00eda<\/b>\u00ab, sostuvo.<\/p>\n<p class=\"articleParagraph\">La \u00faltima \u00abprovocaci\u00f3n\u00bb de Rusia se produce de hecho en medio de una serie de recientes violaciones del espacio a\u00e9reo por parte de Rusia en pa\u00edses de la OTAN, record\u00f3 el Gobierno estonio, que recalc\u00f3 que adem\u00e1s de las incursiones de drones en Polonia y Ruman\u00eda, tambi\u00e9n fueron encontrados recientemente <b>restos de un dron kamikaze ruso en la costa occidental de Letonia<\/b>.<\/p>\n<p class=\"articleParagraph\">Este nuevo incidente en Estonia subraya, seg\u00fan Pevkur, la importancia de la recientemente lanzada operaci\u00f3n de vigilancia de la OTAN,<b> &#8216;Centinela Oriental&#8217;,<\/b> que debe fortalecer la defensa a\u00e9rea aliada en todo el flanco oriental.<\/p>\n<p class=\"articleParagraph\">La presidenta de la Comisi\u00f3n Europea (CE), <b>Ursula von der Leyen<\/b>, prometi\u00f3 que la Uni\u00f3n Europea (UE)<b> responder\u00e1 \u00abcon determinaci\u00f3n\u00bb a \u00abcada provocaci\u00f3n\u00bb de Rusia<\/b>, en tanto que la jefa de la diplomacia comunitaria, <b>Kaja Kallas<\/b>, afirm\u00f3 que Rusia \u00abse est\u00e1 volviendo <b>cada vez m\u00e1s peligrosa\u00bb<\/b> y que es necesario \u00abdetenerla\u00bb.<\/p>\n<p class=\"articleParagraph\">El presidente ucraniano, <b>Volod\u00edmir Zelenski<\/b>, denunci\u00f3 una <b>\u00absistem\u00e1tica campa\u00f1a\u00bb de Rusia contra Europa, la OTAN y Occidente<\/b>, y pidi\u00f3 \u00abunidad y firmeza\u00bb.<\/p>\n<p>    Client Challenge<\/p>\n<p>\n      A required part of this site couldn\u2019t load. This may be due to a browser<br \/>\n      extension, network issues, or browser settings. Please check your<br \/>\n      connection, disable any ad blockers, or try using a different browser.\n    <\/p>\n<p class=\"articleParagraph\">El ministro de Asuntos Exteriores espa\u00f1ol, <b>Jos\u00e9 Manuel Albares<\/b>, destac\u00f3 que se trata de <b>una \u00abviolaci\u00f3n inaceptable\u00bb<\/b>.<\/p>\n","protected":false},"excerpt":{"rendered":"Rusia elev\u00f3 este viernes a\u00fan m\u00e1s la tensi\u00f3n en el flanco oriental de la OTAN, al violar con&hellip;\n","protected":false},"author":2,"featured_media":126815,"comment_status":"","ping_status":"","sticky":false,"template":"","format":"standard","meta":{"footnotes":""},"categories":[42],"tags":[17,18,13,14,11,61,62,63,64,19,20,9,10,15,16,12,21,22,65,66,67],"class_list":{"0":"post-126814","1":"post","2":"type-post","3":"status-publish","4":"format-standard","5":"has-post-thumbnail","7":"category-internacional","8":"tag-breaking-news","9":"tag-breakingnews","10":"tag-featured-news","11":"tag-featurednews","12":"tag-headlines","13":"tag-internacional","14":"tag-international","15":"tag-international-news","16":"tag-internationalnews","17":"tag-latest-news","18":"tag-latestnews","19":"tag-news","20":"tag-noticias","21":"tag-noticias-destacadas","22":"tag-noticiasdestacadas","23":"tag-titulares","24":"tag-ultimas-noticias","25":"tag-ultimasnoticias","26":"tag-world","27":"tag-world-news","28":"tag-worldnews"},"share_on_mastodon":{"url":"","error":""},"_links":{"self":[{"href":"https:\/\/www.europesays.com\/es\/wp-json\/wp\/v2\/posts\/126814","targetHints":{"allow":["GET"]}}],"collection":[{"href":"https:\/\/www.europesays.com\/es\/wp-json\/wp\/v2\/posts"}],"about":[{"href":"https:\/\/www.europesays.com\/es\/wp-json\/wp\/v2\/types\/post"}],"author":[{"embeddable":true,"href":"https:\/\/www.europesays.com\/es\/wp-json\/wp\/v2\/users\/2"}],"replies":[{"embeddable":true,"href":"https:\/\/www.europesays.com\/es\/wp-json\/wp\/v2\/comments?post=126814"}],"version-history":[{"count":0,"href":"https:\/\/www.europesays.com\/es\/wp-json\/wp\/v2\/posts\/126814\/revisions"}],"wp:featuredmedia":[{"embeddable":true,"href":"https:\/\/www.europesays.com\/es\/wp-json\/wp\/v2\/media\/126815"}],"wp:attachment":[{"href":"https:\/\/www.europesays.com\/es\/wp-json\/wp\/v2\/media?parent=126814"}],"wp:term":[{"taxonomy":"category","embeddable":true,"href":"https:\/\/www.europesays.com\/es\/wp-json\/wp\/v2\/categories?post=126814"},{"taxonomy":"post_tag","embeddable":true,"href":"https:\/\/www.europesays.com\/es\/wp-json\/wp\/v2\/tags?post=126814"}],"curies":[{"name":"wp","href":"https:\/\/api.w.org\/{rel}","templated":true}]}}