{"id":126816,"date":"2025-09-20T06:20:08","date_gmt":"2025-09-20T06:20:08","guid":{"rendered":"https:\/\/www.europesays.com\/es\/126816\/"},"modified":"2025-09-20T06:20:08","modified_gmt":"2025-09-20T06:20:08","slug":"la-unidad-movil-de-donacion-de-sangre-estara-de-lunes-a-jueves-en-santa-brigida-ayuntamiento-de-la-villa-de-santa-brigida","status":"publish","type":"post","link":"https:\/\/www.europesays.com\/es\/126816\/","title":{"rendered":"La unidad m\u00f3vil de donaci\u00f3n de sangre estar\u00e1 de lunes a jueves en Santa Br\u00edgida \u00bb Ayuntamiento de la Villa de Santa Br\u00edgida"},"content":{"rendered":"<p>Bajo el lema Plasma tu amor por los dem\u00e1s, la <strong>Direcci\u00f3n General de Hemodonaci\u00f3n y Hemoterapia<\/strong> del <strong>Servicio Canario de la Salud<\/strong> (SCS) instala una unidad m\u00f3vil en Santa Br\u00edgida, con el objetivo de facilitar la donaci\u00f3n de sangre a la poblaci\u00f3n del municipio. El dispositivo estar\u00e1 ubicado en la calle Nueva, n\u00famero 13, junto al Ayuntamiento, desde este <strong>lunes, 22, hasta el jueves, 25 de septiembre.<\/strong><\/p>\n<p>El equipo sanitario atender\u00e1 a los donantes de 10:10 a 14:00 horas y de 17:00 a 21:00 horas<\/p>\n<p class=\"has-text-color has-link-color wp-elements-192b2fac682d34830d2bf142c4870f8c\" style=\"color:#7a0f0f\"><strong>Requisitos para donar<\/strong><\/p>\n<p>\u2013 Tener entre\u00a0<strong>18 y 65 a\u00f1os<\/strong>\u00a0(hasta 70 a\u00f1os si es su primera donaci\u00f3n)<\/p>\n<p>\u2013 Pesar\u00a0<strong>m\u00e1s de 50 kg<\/strong><\/p>\n<p>\u2013 Gozar de\u00a0<strong>buena salud general<\/strong><\/p>\n<p>\u2013 No estar embarazada<\/p>\n<p class=\"has-text-color has-link-color wp-elements-06203227e29df3b03bf3c8e49f3467b0\" style=\"color:#6b0c0c\"><strong>Puntos fijos de donaci\u00f3n<\/strong><\/p>\n<p>Adem\u00e1s de la unidad m\u00f3vil, la ciudadan\u00eda puede acudir a varios puntos fijos de donaci\u00f3n distribuidos por la isla:<\/p>\n<p><strong>Sede provincial de Las Palmas de Gran Canaria<\/strong><br \/>Calle Alfonso XIII, n\u00famero 4<\/p>\n<ul>\n<li>Lunes a mi\u00e9rcoles: de 8:15 a 20:00 horas<\/li>\n<li>Jueves y viernes: de 9:15 a 20:00 horas<\/li>\n<\/ul>\n<p><strong>Punto fijo de Vecindario<\/strong>\u00a0(anexo al Centro de Salud de Santa Luc\u00eda de Tirajana)<\/p>\n<ul>\n<li>Lunes a mi\u00e9rcoles: de 10:15 a 13:15 y de 16:15 a 20:15 horas<\/li>\n<li>Jueves y viernes: de 10:15 a 13:15 horas (excepto festivos)<\/li>\n<\/ul>\n<p><strong>Hospitales de la Red Transfusional Canaria<\/strong>\u00a0(sin cita previa):<\/p>\n<ul>\n<li>Hospital Universitario Materno-Infantil de Canarias: lunes a viernes, de 10:30 a 13:30 horas<\/li>\n<li>Hospital Universitario de Gran Canaria Doctor Negr\u00edn: lunes a viernes, de 8:30 a 19:30 horas<\/li>\n<li>Hospital Universitario Insular de Gran Canaria: lunes a viernes, de 10:00 a 19:30 horas<\/li>\n<\/ul>\n<p>(Todos estos centros disponen de vado reservado para donantes).<\/p>\n<p><strong>Hospital Roca San Agust\u00edn<\/strong><br \/>Donaci\u00f3n sin cita previa llamando al 928 730 362 (opci\u00f3n 3)<\/p>\n<ul>\n<li>Lunes a mi\u00e9rcoles: de 8:00 a 14:00 horas (excepto festivos)<\/li>\n<\/ul>\n<p>Para cualquier consulta, el SCS pone a disposici\u00f3n de los ciudadanos el <strong>tel\u00e9fono gratuito<\/strong> de atenci\u00f3n al donante: 900 234 061.<\/p>\n<p><a href=\"https:\/\/whatsapp.com\/channel\/0029VahknXBDzgTHGJW3DC1v\" rel=\"nofollow noopener\" target=\"_blank\">S\u00edguenos a trav\u00e9s del canal de WhatsApp<\/a><\/p>\n","protected":false},"excerpt":{"rendered":"Bajo el lema Plasma tu amor por los dem\u00e1s, la Direcci\u00f3n General de Hemodonaci\u00f3n y Hemoterapia del Servicio&hellip;\n","protected":false},"author":2,"featured_media":126817,"comment_status":"","ping_status":"","sticky":false,"template":"","format":"standard","meta":{"footnotes":""},"categories":[8],"tags":[17,18,25,24,13,14,11,19,20,9,10,15,16,23,12,21,22],"class_list":{"0":"post-126816","1":"post","2":"type-post","3":"status-publish","4":"format-standard","5":"has-post-thumbnail","7":"category-espana","8":"tag-breaking-news","9":"tag-breakingnews","10":"tag-es","11":"tag-espana","12":"tag-featured-news","13":"tag-featurednews","14":"tag-headlines","15":"tag-latest-news","16":"tag-latestnews","17":"tag-news","18":"tag-noticias","19":"tag-noticias-destacadas","20":"tag-noticiasdestacadas","21":"tag-spain","22":"tag-titulares","23":"tag-ultimas-noticias","24":"tag-ultimasnoticias"},"share_on_mastodon":{"url":"","error":""},"_links":{"self":[{"href":"https:\/\/www.europesays.com\/es\/wp-json\/wp\/v2\/posts\/126816","targetHints":{"allow":["GET"]}}],"collection":[{"href":"https:\/\/www.europesays.com\/es\/wp-json\/wp\/v2\/posts"}],"about":[{"href":"https:\/\/www.europesays.com\/es\/wp-json\/wp\/v2\/types\/post"}],"author":[{"embeddable":true,"href":"https:\/\/www.europesays.com\/es\/wp-json\/wp\/v2\/users\/2"}],"replies":[{"embeddable":true,"href":"https:\/\/www.europesays.com\/es\/wp-json\/wp\/v2\/comments?post=126816"}],"version-history":[{"count":0,"href":"https:\/\/www.europesays.com\/es\/wp-json\/wp\/v2\/posts\/126816\/revisions"}],"wp:featuredmedia":[{"embeddable":true,"href":"https:\/\/www.europesays.com\/es\/wp-json\/wp\/v2\/media\/126817"}],"wp:attachment":[{"href":"https:\/\/www.europesays.com\/es\/wp-json\/wp\/v2\/media?parent=126816"}],"wp:term":[{"taxonomy":"category","embeddable":true,"href":"https:\/\/www.europesays.com\/es\/wp-json\/wp\/v2\/categories?post=126816"},{"taxonomy":"post_tag","embeddable":true,"href":"https:\/\/www.europesays.com\/es\/wp-json\/wp\/v2\/tags?post=126816"}],"curies":[{"name":"wp","href":"https:\/\/api.w.org\/{rel}","templated":true}]}}