{"id":126824,"date":"2025-09-20T06:27:13","date_gmt":"2025-09-20T06:27:13","guid":{"rendered":"https:\/\/www.europesays.com\/es\/126824\/"},"modified":"2025-09-20T06:27:13","modified_gmt":"2025-09-20T06:27:13","slug":"el-ultimo-vuelo-del-tandem-el-documental-que-demuestra-el-poder-inclusivo-del-ciclismo","status":"publish","type":"post","link":"https:\/\/www.europesays.com\/es\/126824\/","title":{"rendered":"\u2018El \u00faltimo vuelo del t\u00e1ndem\u2019, el documental que demuestra el poder inclusivo del ciclismo"},"content":{"rendered":"<p class=\"\">El <a href=\"https:\/\/as.com\/ciclismo\/\" target=\"_self\" rel=\"nofollow noopener\" title=\"https:\/\/as.com\/ciclismo\/\">ciclismo<\/a> es capaz de cambiar vidas. De generar espacios en los que sentirse uno mismo y ayudar a personas que, en ocasiones, <b>sufren en silencio porque sienten que no encajan<\/b>. Buena muestra de ello es el cortometraje El \u00faltimo vuelo del t\u00e1ndem que, impulsado por Escuela Ideo, <b>relata una emotiva historia de inclusi\u00f3n y solidaridad a trav\u00e9s de pedaladas<\/b>.<\/p>\n<p class=\"\">El documental, <a href=\"https:\/\/as.com\/masdeporte\/polideportivo\/el-ultimo-vuelo-del-tandem-es-una-herramienta-de-inclusion-y-una-fabrica-de-felicidad-n\/\" target=\"_self\" rel=\"nofollow noopener\" title=\"https:\/\/as.com\/masdeporte\/polideportivo\/el-ultimo-vuelo-del-tandem-es-una-herramienta-de-inclusion-y-una-fabrica-de-felicidad-n\/\">que fue presentado en el II Congreso Deporte en Positivo de AS<\/a> y ha salido a la luz esta semana en YouTube con motivo de la Semana de la Movilidad, <b>tiene como protagonista a un viejo t\u00e1ndem llamado <\/b><b>\u00d3rbita<\/b> que result\u00f3 ser la soluci\u00f3n perfecta para que ni\u00f1os con diversidad funcional pudiesen realizar las bicicletadas que organizaba el centro junto a sus compa\u00f1eros <b>sin quedarse atr\u00e1s y sentirse apartados<\/b>.<\/p>\n<p class=\"\">De esta forma, <b>\u00d3rbita<\/b><b> se convirti\u00f3 en una puerta hacia la felicidad<\/b> para ni\u00f1os como <b>Jaime y Gonzalo<\/b>, que sufren una <b>hemiparesia<\/b> (debilidad o falta de masa muscular en un lado del cuerpo), o <b>Sergio<\/b>, con una enfermedad rara que le produce <b>hipoton\u00eda<\/b> (bajada de tono muscular que limita la posibilidad de hacer esfuerzos f\u00edsicos de forma continuada). <\/p>\n<p class=\"\">Con la ayuda de sus profesores <b>David Mart\u00edn y Pablo Llobera<\/b>, comenzaron a \u201cvolar\u201d, \u201csentir el aire y la naturaleza en sus caras\u201d y \u201ccreer que pod\u00edan ir junto a sus compa\u00f1eros y no a 100 kil\u00f3metros de ellos\u201d, <b>permitiendo sentirse parte del conjunto<\/b> y dando lugar a algunos de los mejores recuerdos de su etapa escolar.<\/p>\n<p class=\"\">Sin embargo, el paso de los a\u00f1os no perdona y \u00d3rbita comenz\u00f3 a \u201chacer ruidos por todas partes\u201d y dar la sensaci\u00f3n de que \u201cen cualquier momento se pod\u00eda partir en dos\u201d, seg\u00fan sus usuarios m\u00e1s ac\u00e9rrimos. <b>Fue entonces cuando<\/b> <b>Mart\u00edn y Llobera plantearon el reto del que se nutre el documental<\/b>: recorrer 100 kil\u00f3metros sobre \u00e9l para recaudar fondos y comprar un nuevo t\u00e1ndem para los ni\u00f1os que viniesen detr\u00e1s.<\/p>\n<p class=\"\">La idea cogi\u00f3 forma y, durante una ma\u00f1ana fr\u00eda y lluviosa, ambos educadores decidieron montarse en el t\u00e1ndem para, acompa\u00f1ados por varias familias en sus bicicletas, <b>cumplir el desaf\u00edo y despedirle como se merec\u00eda por diferentes carriles bici madrile\u00f1os<\/b>.<\/p>\n<p class=\"\">Durante ese recorrido, <b>varios alumnos relatan las experiencias vividas a bordo de <\/b><b>\u00d3rbita<\/b> mientras que los padres involucrados en el proyecto desvelan la importancia que el viejo t\u00e1ndem ha tenido en las vidas de sus hijos. <\/p>\n<p class=\"\">\u201cSon escalones que hay que ir subiendo y, cuando llegas a la cima y ves el horizonte, eso te da la capacidad de prever un futuro. <b>Tienen que ser aut\u00f3nomos pese a que tendamos a sobreprotegerlos<\/b>. Es beneficioso que se esfuercen\u201d, comenta el padre de Gonzalo, que adem\u00e1s fue quien compr\u00f3 y don\u00f3 el t\u00e1ndem a la escuela. \u201c<b>Estos ni\u00f1os necesitan que crean en ellos para poder avanzar<\/b>, los que vengan detr\u00e1s van a vivir una historia muy bonita\u201d, relata la madre de Sergio entre l\u00e1grimas.<\/p>\n<p class=\"\">Tras alcanzar los 100 kil\u00f3metros entre \u201cpedaladas de felicidad e inclusividad\u201d, seg\u00fan Mart\u00edn, el cortometraje muestra <b>escenas de celebraci\u00f3n con las que se \u2018despide\u2019 a <\/b><b>\u00d3rbita<\/b>. Un adi\u00f3s emotivo que sirvi\u00f3 para dar paso a otro t\u00e1ndem que, a d\u00eda de hoy, <b>ya hace \u2018volar\u2019 a nuevos alumnos de Escuela Ideo que lo necesitan<\/b>.<\/p>\n<p><img decoding=\"async\" src=\"https:\/\/www.europesays.com\/es\/wp-content\/uploads\/2025\/09\/VXRJ5PX2OZGZLGA23QOUOMRKEQ.jpg\" alt=\"\u2018El \u00faltimo vuelo del t\u00e1ndem\u2019, el documental que demuestra el poder inclusivo del ciclismo\" height=\"818\" width=\"1920\"   loading=\"lazy\"\/>Los participantes completaron el resto por carriles bicis como los de Colmenar Viejo o El Pardo.El \u00faltimo vuelo del t<\/p>\n<p class=\"\">El \u00faltimo vuelo del t\u00e1ndem <b>es un ejemplo m\u00e1s del poder inclusivo del ciclismo<\/b>, un deporte que promulga valores como la solidaridad, el trabajo en equipo y la superaci\u00f3n <b>para mejorar la vida de las personas<\/b>.<\/p>\n<p>Noticias relacionadas<a href=\"https:\/\/as.com\/masdeporte\/polideportivo\/el-consejo-espanol-para-la-igualdad-en-el-deporte-se-reune-por-primera-vez-con-el-fin-de-promover-mayores-avances-en-la-presencia-de-mujeres-directiva-n\/\" class=\"s_m_w\" title=\"La reuni\u00f3n de este Consejo impulsado por ADESP ha servido tambi\u00e9n para respaldar la reivindicaci\u00f3n de los y las deportistas entorno a sus derechos sociales dentro de la Seguridad Social.\" data-tb-link=\"\" rel=\"nofollow noopener\" target=\"_blank\"><img decoding=\"async\" src=\"https:\/\/www.europesays.com\/es\/wp-content\/uploads\/2025\/09\/NI66XNTLWBBIZFDFEPHWXXLX4I.jpeg\" alt=\"El Consejo Espa\u00f1ol para la Igualdad en el Deporte se re\u00fane para promover avances en la presencia de mujeres directivas\" class=\"\" height=\"1\" width=\"1\"   loading=\"lazy\" data-tb-thumbnail=\"\"\/><\/a><a href=\"https:\/\/as.com\/masdeporte\/polideportivo\/un-fid-de-superheroes-n\/\" class=\"s_m_w\" title=\"AS acoge la presentaci\u00f3n de la IX edici\u00f3n del Foro Internacional del Deporte, con Iker Casillas, Alberto Contador, Mireia Belmonte y Paul Montiel. Del 25 al 27 de septiembre, en Le\u00f3n.\" data-tb-link=\"\" rel=\"nofollow noopener\" target=\"_blank\"><img decoding=\"async\" src=\"https:\/\/www.europesays.com\/es\/wp-content\/uploads\/2025\/09\/25FEZME3HJBTPDLL2HUY374WDM.jpg\" alt=\"Un FID de superh\u00e9roes\" class=\"\" height=\"1\" width=\"1\"   loading=\"lazy\" data-tb-thumbnail=\"\"\/><\/a><\/p>\n<p class=\"\"><b>\u00a1Tus opiniones importan! <\/b>Comenta en los art\u00edculos y suscr\u00edbete gratis a nuestra <a href=\"https:\/\/asfan.as.com\/newsletters\/\" rel=\"nofollow noopener\" title=\"https:\/\/asfan.as.com\/newsletters\/\" target=\"_blank\">newsletter<\/a> y a las alertas informativas en la <a href=\"https:\/\/as.com\/aplicacion-de-as-n\/\" rel=\"nofollow noopener\" title=\"https:\/\/as.com\/aplicacion-de-as-n\/\" target=\"_blank\">App<\/a> o el canal de <a href=\"https:\/\/www.whatsapp.com\/channel\/0029VaAasdA7j6g745nz9M10\" rel=\"nofollow noopener\" title=\"https:\/\/www.whatsapp.com\/channel\/0029VaAasdA7j6g745nz9M10\" target=\"_blank\">WhatsApp<\/a>. <\/p>\n<p class=\"\">\u00bfBuscas licenciar contenido? Haz clic <a href=\"https:\/\/profesional.elpais.com\/soluciones-sindicacion?utm_medium=interno&amp;utm_source=crosslinking&amp;utm_campaign=sindicacion_as_pie_articulos\" rel=\"nofollow noopener\" title=\"https:\/\/profesional.elpais.com\/soluciones-sindicacion?utm_medium=interno&amp;utm_source=crosslinking&amp;utm_campaign=sindicacion_as_pie_articulos\" target=\"_blank\">aqu\u00ed<\/a><\/p>\n","protected":false},"excerpt":{"rendered":"El ciclismo es capaz de cambiar vidas. De generar espacios en los que sentirse uno mismo y ayudar&hellip;\n","protected":false},"author":2,"featured_media":126825,"comment_status":"","ping_status":"","sticky":false,"template":"","format":"standard","meta":{"footnotes":""},"categories":[273],"tags":[313,312,168,25,24,23,167],"class_list":{"0":"post-126824","1":"post","2":"type-post","3":"status-publish","4":"format-standard","5":"has-post-thumbnail","7":"category-ciclismo","8":"tag-ciclismo","9":"tag-cycling","10":"tag-deportes","11":"tag-es","12":"tag-espana","13":"tag-spain","14":"tag-sports"},"share_on_mastodon":{"url":"","error":""},"_links":{"self":[{"href":"https:\/\/www.europesays.com\/es\/wp-json\/wp\/v2\/posts\/126824","targetHints":{"allow":["GET"]}}],"collection":[{"href":"https:\/\/www.europesays.com\/es\/wp-json\/wp\/v2\/posts"}],"about":[{"href":"https:\/\/www.europesays.com\/es\/wp-json\/wp\/v2\/types\/post"}],"author":[{"embeddable":true,"href":"https:\/\/www.europesays.com\/es\/wp-json\/wp\/v2\/users\/2"}],"replies":[{"embeddable":true,"href":"https:\/\/www.europesays.com\/es\/wp-json\/wp\/v2\/comments?post=126824"}],"version-history":[{"count":0,"href":"https:\/\/www.europesays.com\/es\/wp-json\/wp\/v2\/posts\/126824\/revisions"}],"wp:featuredmedia":[{"embeddable":true,"href":"https:\/\/www.europesays.com\/es\/wp-json\/wp\/v2\/media\/126825"}],"wp:attachment":[{"href":"https:\/\/www.europesays.com\/es\/wp-json\/wp\/v2\/media?parent=126824"}],"wp:term":[{"taxonomy":"category","embeddable":true,"href":"https:\/\/www.europesays.com\/es\/wp-json\/wp\/v2\/categories?post=126824"},{"taxonomy":"post_tag","embeddable":true,"href":"https:\/\/www.europesays.com\/es\/wp-json\/wp\/v2\/tags?post=126824"}],"curies":[{"name":"wp","href":"https:\/\/api.w.org\/{rel}","templated":true}]}}