{"id":126826,"date":"2025-09-20T06:29:08","date_gmt":"2025-09-20T06:29:08","guid":{"rendered":"https:\/\/www.europesays.com\/es\/126826\/"},"modified":"2025-09-20T06:29:08","modified_gmt":"2025-09-20T06:29:08","slug":"problemas-de-lesiones-en-el-valencia-basket","status":"publish","type":"post","link":"https:\/\/www.europesays.com\/es\/126826\/","title":{"rendered":"Problemas de lesiones en el Valencia Basket"},"content":{"rendered":"<p><strong>Por Eurohoops Team\/<a href=\"https:\/\/www.eurohoops.net\/es\/euroleague-es\/1870389\/problemas-de-lesiones-en-el-valencia-basket\/mailto:info@eurohops.net\" rel=\"nofollow noopener\" target=\"_blank\">\u00a0info@eurohoops.net<\/a><\/strong><\/p>\n<p>El <a href=\"https:\/\/www.eurohoops.net\/basket\/valencia\/?lang=en\" title=\"Valencia\" target=\"_blank\" class=\"auto-link\" rel=\"nofollow noopener\">Valencia<\/a> Basket se enfrenta a un rev\u00e9s al inicio de la temporada, con varias bajas importantes.<\/p>\n<p>El mayor golpe es la baja de Jean Montero: el base dominicano se perder\u00e1 el inicio de la competici\u00f3n tras ser operado de una lesi\u00f3n en un dedo.<\/p>\n<p>Montero recibi\u00f3 tratamiento con PRP durante el verano para poder jugar con la Rep\u00fablica Dominicana. Posteriormente, regres\u00f3 a la competici\u00f3n con el <a href=\"https:\/\/www.eurohoops.net\/basket\/valencia\/?lang=en\" title=\"Valencia\" target=\"_blank\" class=\"auto-link\" rel=\"nofollow noopener\">Valencia<\/a>, anotando incluso 23 puntos contra el Murcia, pero un nuevo golpe agrav\u00f3 la lesi\u00f3n y finalmente oblig\u00f3 a la cirug\u00eda.<\/p>\n<p>Sergio De Larrea, quien jug\u00f3 con Espa\u00f1a en el EuroBasket, y Nate Sestina tambi\u00e9n tuvieron problemas de lesiones.<\/p>\n<p>\u201cCon De Larrea optamos por un tratamiento conservador y no se ha operado del hombro. Nate Sestina tuvo que operarse este verano de dos hernias\u201d, se\u00f1al\u00f3 Arbalejo.<\/p>\n<p>Pero todas estas ausencias no ser\u00e1n las \u00fanicas:\u00a0\u201cBrancou Badio tiene un problema muscular y ha estado de baja una semana, podr\u00edan ser tres o cuatro. Xabi L\u00f3pez-Arostegui, con una fractura en el dedo, tambi\u00e9n estar\u00e1 de baja entre tres y cuatro semanas. Montero, entre cuatro y cinco. As\u00ed que, obviamente, los tres est\u00e1n pr\u00e1cticamente descartados para la Supercopa\u201d, a\u00f1adi\u00f3 Arbalejo. \u201cTambi\u00e9n es muy improbable que lleguen a tiempo para la doble jornada de la Euroliga\u201d.<\/p>\n","protected":false},"excerpt":{"rendered":"Por Eurohoops Team\/\u00a0info@eurohoops.net El Valencia Basket se enfrenta a un rev\u00e9s al inicio de la temporada, con varias&hellip;\n","protected":false},"author":2,"featured_media":126827,"comment_status":"","ping_status":"","sticky":false,"template":"","format":"standard","meta":{"footnotes":""},"categories":[269],"tags":[299,298,168,25,24,23,167],"class_list":{"0":"post-126826","1":"post","2":"type-post","3":"status-publish","4":"format-standard","5":"has-post-thumbnail","7":"category-baloncesto","8":"tag-baloncesto","9":"tag-basketball","10":"tag-deportes","11":"tag-es","12":"tag-espana","13":"tag-spain","14":"tag-sports"},"share_on_mastodon":{"url":"","error":""},"_links":{"self":[{"href":"https:\/\/www.europesays.com\/es\/wp-json\/wp\/v2\/posts\/126826","targetHints":{"allow":["GET"]}}],"collection":[{"href":"https:\/\/www.europesays.com\/es\/wp-json\/wp\/v2\/posts"}],"about":[{"href":"https:\/\/www.europesays.com\/es\/wp-json\/wp\/v2\/types\/post"}],"author":[{"embeddable":true,"href":"https:\/\/www.europesays.com\/es\/wp-json\/wp\/v2\/users\/2"}],"replies":[{"embeddable":true,"href":"https:\/\/www.europesays.com\/es\/wp-json\/wp\/v2\/comments?post=126826"}],"version-history":[{"count":0,"href":"https:\/\/www.europesays.com\/es\/wp-json\/wp\/v2\/posts\/126826\/revisions"}],"wp:featuredmedia":[{"embeddable":true,"href":"https:\/\/www.europesays.com\/es\/wp-json\/wp\/v2\/media\/126827"}],"wp:attachment":[{"href":"https:\/\/www.europesays.com\/es\/wp-json\/wp\/v2\/media?parent=126826"}],"wp:term":[{"taxonomy":"category","embeddable":true,"href":"https:\/\/www.europesays.com\/es\/wp-json\/wp\/v2\/categories?post=126826"},{"taxonomy":"post_tag","embeddable":true,"href":"https:\/\/www.europesays.com\/es\/wp-json\/wp\/v2\/tags?post=126826"}],"curies":[{"name":"wp","href":"https:\/\/api.w.org\/{rel}","templated":true}]}}