{"id":126836,"date":"2025-09-20T06:34:13","date_gmt":"2025-09-20T06:34:13","guid":{"rendered":"https:\/\/www.europesays.com\/es\/126836\/"},"modified":"2025-09-20T06:34:13","modified_gmt":"2025-09-20T06:34:13","slug":"algunos-concursantes-de-ot-no-sabian-leer-un-reloj-de-agujas-la-ciencia-tiene-pistas-de-por-que-cada-vez-es-mas-comun","status":"publish","type":"post","link":"https:\/\/www.europesays.com\/es\/126836\/","title":{"rendered":"Algunos concursantes de OT no sab\u00edan leer un reloj de agujas. La ciencia tiene pistas de por qu\u00e9 cada vez es m\u00e1s com\u00fan"},"content":{"rendered":"<p>Una escena de la Academia de Operaci\u00f3n Triunfo 2025 <a rel=\"noopener, noreferrer nofollow\" href=\"https:\/\/www.instagram.com\/reel\/DOu_t_FAsTU\/?utm_source=ig_web_copy_link\" target=\"_blank\">se ha vuelto viral<\/a> con m\u00e1s de un mill\u00f3n de reproducciones, pero no lo hac\u00eda por el talento vocal de los participantes: varios concursantes de entre 19 y 20 a\u00f1os no sab\u00edan leer <a rel=\"noopener, noreferrer nofollow\" href=\"https:\/\/www.elcomercio.es\/culturas\/tv\/momento-surrealista-operacion-triunfo-concursantes-agujas-reloj-20250918194352-nt.html\" target=\"_blank\">lo que marcaban las agujas de un reloj<\/a> de pared. \u00abTendr\u00e9 que fingir que s\u00e9 leer eso\u00bb, dec\u00eda una de las participantes. \u00abLiteral, yo igual\u00bb respond\u00eda otra de las participantes.<\/p>\n<p>Por curioso que parezca, ninguno de los presentes durante la hora del desayuno en la Academia de OT sab\u00eda exactamente <a class=\"text-outboundlink\" href=\"https:\/\/www.xataka.com\/otros\/hay-razon-que-agujas-reloj-giran-como-hacen-podrian-hacerlo-perfectamente-al-reves\" data-vars-post-title=\"Hay una raz\u00f3n por la que las agujas del reloj giran como lo hacen. Podr\u00edan hacerlo perfectamente al rev\u00e9s\" data-vars-post-url=\"https:\/\/www.xataka.com\/otros\/hay-razon-que-agujas-reloj-giran-como-hacen-podrian-hacerlo-perfectamente-al-reves\" rel=\"nofollow noopener\" target=\"_blank\">cu\u00e1l era la manecilla de las horas<\/a> y cu\u00e1l la de los minutos. \u00abLa peque\u00f1a es la que marca la hora y esta es la que marca los minutos. O sea que ser\u00e1n las 10 porque aqu\u00ed es 11 y aqu\u00ed es 12\u2033, explicaba Salma, de 19 a\u00f1os. \u00ab\u00bfC\u00f3mo sabes eso? Yo no s\u00e9 eso\u00bb, le respond\u00eda Olivia, con la misma edad.<\/p>\n<p><a rel=\"noopener, noreferrer nofollow\" href=\"https:\/\/elpais.com\/television\/2025-09-15\/noemi-galera-directora-de-la-academia-de-ot-estoy-de-acuerdo-en-no-participar-en-eurovision-si-esta-israel.html\" target=\"_blank\">Noem\u00ed Galera<\/a>, la m\u00e1xima responsable de la formaci\u00f3n de los concursantes de esta edici\u00f3n del <a class=\"text-outboundlink\" href=\"https:\/\/www.xataka.com\/streaming\/operacion-triunfo-herramienta-prime-video-para-crecer-a-toda-velocidad-clave-esta-latinoamerica\" data-vars-post-title=\"Alta tecnolog\u00eda y Generaci\u00f3n Z: Amazon tiene muy claro d\u00f3nde est\u00e1 el futuro de &#039;Operaci\u00f3n Triunfo&#039;\" data-vars-post-url=\"https:\/\/www.xataka.com\/streaming\/operacion-triunfo-herramienta-prime-video-para-crecer-a-toda-velocidad-clave-esta-latinoamerica\" rel=\"nofollow noopener\" target=\"_blank\">reality musical auspiciada por Prime Video<\/a>, tuvo que hacer acto de presencia y, no sin cierta estupefacci\u00f3n, explicarles c\u00f3mo funcionaba ese extra\u00f1o artilugio con agujas que colgaba de la pared.<\/p>\n<p>    <a href=\"https:\/\/www.xataka.com\/magnet\/granjero-penso-que-vaca-se-habia-comido-su-rolex-50-anos-tarde-ha-recupero-necesitaba-buena-limpieza\" class=\"pivot-outboundlink\" data-vars-post-title=\"Un granjero pens\u00f3 que una vaca se hab\u00eda comido su Rolex. 50 a\u00f1os m\u00e1s tarde lo recuper\u00f3, pero necesitaba una buena limpieza\" rel=\"nofollow noopener\" target=\"_blank\"><br \/>\n     <img loading=\"lazy\" decoding=\"async\" alt=\"Un granjero pens\u00f3 que una vaca se hab\u00eda comido su Rolex. 50 a\u00f1os m\u00e1s tarde lo recuper\u00f3, pero necesitaba una buena limpieza\" width=\"375\" height=\"142\" src=\"https:\/\/www.europesays.com\/es\/wp-content\/uploads\/2025\/09\/1758350053_529_375_142.jpeg\"\/><br \/>\n    <\/a><\/p>\n<p>La brecha generacional de la tecnolog\u00eda<\/p>\n<p>Lo que parec\u00eda una an\u00e9cdota es, en realidad, una se\u00f1al de c\u00f3mo <a class=\"text-outboundlink\" href=\"https:\/\/www.xataka.com\/empresas-y-economia\/hemos-encontrado-kriptonita-generacion-z-expertos-apps-no-saben-usar-impresora-1\" data-vars-post-title=\"Hemos encontrado la &quot;kriptonita&quot; de la Generaci\u00f3n Z: son expertos en apps, pero no saben usar una impresora \" data-vars-post-url=\"https:\/\/www.xataka.com\/empresas-y-economia\/hemos-encontrado-kriptonita-generacion-z-expertos-apps-no-saben-usar-impresora-1\" rel=\"nofollow noopener\" target=\"_blank\">la falta de exposici\u00f3n<\/a> a elementos que las generaciones anteriores consideramos comunes, provoca que <a class=\"text-outboundlink\" href=\"https:\/\/www.xataka.com\/perifericos\/generacion-digital-su-nacimiento-tiene-problema-tecnologico-uno-teclados-fisicos\" data-vars-post-title=\"La generaci\u00f3n m\u00e1s digital desde su nacimiento tiene un problema tecnol\u00f3gico. Uno con los teclados f\u00edsicos \" data-vars-post-url=\"https:\/\/www.xataka.com\/perifericos\/generacion-digital-su-nacimiento-tiene-problema-tecnologico-uno-teclados-fisicos\" rel=\"nofollow noopener\" target=\"_blank\">se pierda la familiaridad<\/a> con ellos.<\/p>\n<p>Ser incapaz de <strong>leer la hora en un reloj anal\u00f3gico<\/strong> es solo un ejemplo de ello. Lo m\u00e1s curioso es que la escena que recogieron <a class=\"text-outboundlink\" href=\"https:\/\/www.xataka.com\/cine-y-tv\/amazon-cree-tener-llave-para-arrasar-audiencias-cansadas-tele-tradicional-chenoa-operacion-triunfo\" data-vars-post-title=\"C\u00f3mo Prime Video usa a Chenoa y &#039;Operaci\u00f3n Triunfo&#039; para arrasar con las audiencias cansadas de la tele tradicional\" data-vars-post-url=\"https:\/\/www.xataka.com\/cine-y-tv\/amazon-cree-tener-llave-para-arrasar-audiencias-cansadas-tele-tradicional-chenoa-operacion-triunfo\" rel=\"nofollow noopener\" target=\"_blank\">las c\u00e1maras de OT<\/a> no son un caso aislado cada vez m\u00e1s j\u00f3venes de todo el mundo son incapaces de leer la hora si no es en un reloj digital, de la misma forma que no entienden la relaci\u00f3n entre <a rel=\"noopener, noreferrer nofollow\" href=\"https:\/\/www.elespanol.com\/ciencia\/tecnologia\/20160824\/150235581_0.html\" target=\"_blank\">una cinta de cassette y un bol\u00edgrafo BIC<\/a>.<\/p>\n<p>El auge de los dispositivos electr\u00f3nicos ha hecho que sea mucho m\u00e1s sencillo <a class=\"text-outboundlink\" href=\"https:\/\/www.xataka.com\/accesorios\/casio-revive-iconico-dw-5000-nuevo-modelo-identico-a-su-primer-reloj-digital-g-shock-mejorado\" data-vars-post-title=\"Casio revive el ic\u00f3nico DW-5000: el nuevo modelo es id\u00e9ntico a su primer reloj digital G-Shock (pero mejorado) \" data-vars-post-url=\"https:\/\/www.xataka.com\/accesorios\/casio-revive-iconico-dw-5000-nuevo-modelo-identico-a-su-primer-reloj-digital-g-shock-mejorado\" rel=\"nofollow noopener\" target=\"_blank\">encontrar relojes digitales<\/a> que anal\u00f3gicos. Los tienes en la pantalla del m\u00f3vil, en los smartwatches, <a class=\"text-outboundlink\" href=\"https:\/\/www.xataka.com\/otros\/le-pedi-a-mi-ordenador-que-anunciara-horas-para-intentar-ser-productivo-ha-acabado-siendo-util-para-mi-salud\" data-vars-post-title=\"Le ped\u00ed a mi ordenador que anunciara las horas para intentar ser m\u00e1s productivo y ha acabado siendo m\u00e1s \u00fatil para mi salud\" data-vars-post-url=\"https:\/\/www.xataka.com\/otros\/le-pedi-a-mi-ordenador-que-anunciara-horas-para-intentar-ser-productivo-ha-acabado-siendo-util-para-mi-salud\" rel=\"nofollow noopener\" target=\"_blank\">en el ordenador<\/a>, en los televisores, en el transporte p\u00fablico e incluso en las marquesinas de la calle. En cambio, haciendo un ejercicio de memoria, \u00bfsabr\u00edas decir cuantas veces has le\u00eddo la hora en un reloj anal\u00f3gico hoy?<\/p>\n<p>De hecho, esta exposici\u00f3n se ha reducido tanto que incluso <a rel=\"noopener, noreferrer nofollow\" href=\"https:\/\/revistas.uned.es\/index.php\/educacionXX1\/article\/view\/23913\/20515\" target=\"_blank\">se han publicado ensayos acad\u00e9micos<\/a> de la Universidad Complutense, la Universidad de Alcal\u00e1 y la Universidad Metropolitana de Ciencias de la Educaci\u00f3n en los que se cuestiona si el profesorado deber\u00eda hacer un mayor esfuerzo lectivo en la ense\u00f1anza del <a class=\"text-outboundlink\" href=\"https:\/\/www.xataka.com\/investigacion\/constantes-universo-no-constantes-hemos-dado-importante-paso-para-saberlo-clave-esta-reloj-nuclear\" data-vars-post-title=\"\u00bfY si las constantes del universo no son tan constantes? Hemos dado un importante paso para saberlo. La clave est\u00e1 en el reloj nuclear\" data-vars-post-url=\"https:\/\/www.xataka.com\/investigacion\/constantes-universo-no-constantes-hemos-dado-importante-paso-para-saberlo-clave-esta-reloj-nuclear\" rel=\"nofollow noopener\" target=\"_blank\">concepto del tiempo<\/a> e incluyendo la lectura de los relojes anal\u00f3gicos.<\/p>\n<p>    <a href=\"https:\/\/www.xataka.com\/accesorios\/pocas-personas-llegaran-a-tener-fortuna-que-atesora-bill-gates-hay-algo-que-podremos-tener-su-coleccion-relojes\" class=\"pivot-outboundlink\" data-vars-post-title=\"Bill Gates tiene una fortuna de 107.000 millones de d\u00f3lares y una colecci\u00f3n de relojes barat\u00edsima: todos Casio\" rel=\"nofollow noopener\" target=\"_blank\"><br \/>\n     <img loading=\"lazy\" decoding=\"async\" alt=\"Bill Gates tiene una fortuna de 107.000 millones de d\u00f3lares y una colecci\u00f3n de relojes barat\u00edsima: todos Casio\" width=\"375\" height=\"142\" src=\"https:\/\/www.europesays.com\/es\/wp-content\/uploads\/2025\/09\/1758350053_52_375_142.jpeg\"\/><br \/>\n    <\/a><\/p>\n<p>La ciencia le pone n\u00fameros<\/p>\n<p>Un <a rel=\"noopener, noreferrer nofollow\" href=\"https:\/\/pubmed.ncbi.nlm.nih.gov\/39527860\/\" target=\"_blank\">estudio<\/a> desarrollado por neur\u00f3logos de Israel, pidi\u00f3 a j\u00f3venes de la generaci\u00f3n Z (nacidos despu\u00e9s de 1997) que dibujaran un reloj marcando una hora concreta que ellos le indicaban, en un test habitual en las valoraciones cognitivas denominado prueba del dibujo del reloj o CDT (clock drawing test).<\/p>\n<p>Aunque la mayor\u00eda lo consigui\u00f3 con \u00e9xito, la puntuaci\u00f3n media fue de 8,1 sobre 10 y los m\u00e1s j\u00f3venes del grupo fueron los que m\u00e1s errores cometieron. Los autores sugieren que la falta de pr\u00e1ctica podr\u00eda estar detr\u00e1s de esa menor soltura a la hora de representar algo que, en teor\u00eda resulta tan b\u00e1sico para cualquier persona de m\u00e1s de 30 a\u00f1os.<\/p>\n<p>                   <img class=\"centro_sinmarco\" height=\"3744\" width=\"5616\" loading=\"lazy\" decoding=\"async\"  fetchpriority=\"high\"  src=\"https:\/\/www.europesays.com\/es\/wp-content\/uploads\/2025\/09\/1758350053_462_450_1000.jpeg\" alt=\"reloj\"\/><\/p>\n<p>Leer la hora en un reloj anal\u00f3gico exige identificar dos manecillas, interpretar su posici\u00f3n y traducirla en un n\u00famero. Por sencillo que parezca es un <a class=\"text-outboundlink\" href=\"https:\/\/www.xataka.com\/medicina-y-salud\/a-dos-seran-tres-millones-personas-tardaran-semanas-recuperarse-como-afecta-cambio-hora-al-sueno\" data-vars-post-title=\"A las dos ser\u00e1n las tres y millones de personas tardar\u00e1n semanas en recuperarse: c\u00f3mo afecta el cambio de hora al sue\u00f1o \" data-vars-post-url=\"https:\/\/www.xataka.com\/medicina-y-salud\/a-dos-seran-tres-millones-personas-tardaran-semanas-recuperarse-como-afecta-cambio-hora-al-sueno\" rel=\"nofollow noopener\" target=\"_blank\">peque\u00f1o reto cognitivo y matem\u00e1tico<\/a>. En cambio, mirar un m\u00f3vil y leer \u00ab14:37\u00bb no requiere ning\u00fan procesado visoespacial ni su conversi\u00f3n a un formato num\u00e9rico como s\u00ed exigen los relojes anal\u00f3gicos.<\/p>\n<p>Con el formato de<a class=\"text-outboundlink\" href=\"https:\/\/www.xataka.com\/empresas-y-economia\/ventas-relojes-inteligentes-se-estan-disparando-no-solo-cosa-apple\" data-vars-post-title=\"Hay una nueva fiebre por los relojes inteligentes. Y el motivo es sencillo: el precio medio est\u00e1 cayendo\" data-vars-post-url=\"https:\/\/www.xataka.com\/empresas-y-economia\/ventas-relojes-inteligentes-se-estan-disparando-no-solo-cosa-apple\" rel=\"nofollow noopener\" target=\"_blank\">\u00a0reloj digital<\/a>, el cerebro obtiene el dato sin c\u00e1lculos intermedios, lo que explica por qu\u00e9 los <a rel=\"noopener, noreferrer nofollow\" href=\"https:\/\/pubmed.ncbi.nlm.nih.gov\/34703454\/\" target=\"_blank\">relojes digitales son m\u00e1s f\u00e1ciles de usar<\/a> e intuitivos para quienes lo usan a diario y no requiere de un cierto entrenamiento cognitivo para leerlo e interpretarlo con fluidez.<\/p>\n<p>Fuera de la academia tampoco saben la hora<\/p>\n<p>Esta situaci\u00f3n no es exclusiva de los participantes de esta edici\u00f3n 2025 de Operaci\u00f3n Triunfo. En EEUU, <a rel=\"noopener, noreferrer nofollow\" href=\"https:\/\/today.yougov.com\/society\/articles\/52878-younger-americans-hard-time-reading-clocks\" target=\"_blank\">una encuesta de YouGov<\/a> revel\u00f3 que el 83% de los mayores de 45 a\u00f1os pueden leer la hora en un reloj anal\u00f3gico de forma inmediata, frente al 43% de los j\u00f3venes menores de 30 a\u00f1os que ten\u00edan esta habilidad. El 45% de esos j\u00f3venes tardaba unos segundos en hacerlo y el 12% o no era capaz de leerlo o tardaba m\u00e1s de unos segundos en conseguirlo.<\/p>\n<p>En Reino Unido los datos no son mucho mejores. De acuerdo a <a rel=\"noopener, noreferrer nofollow\" href=\"https:\/\/www.telegraph.co.uk\/education\/2018\/04\/24\/schools-removing-analogue-clocks-exam-halls-teenagers-unable\/\" target=\"_blank\">lo publicado<\/a> por The Telegraph, algunas escuelas estaban sustituyendo los relojes anal\u00f3gicos por digitales en las aulas de examen porque los estudiantes no sab\u00edan cu\u00e1nto tiempo de examen les quedaba.<\/p>\n<p>Esto no significa que la Generaci\u00f3n Z \u00abno sepa\u00bb leer relojes, sino que lo hace con menos fluidez. La habilidad no desaparece, pero se convierte en algo accesorio, poco practicado y menos presente en su vida cotidiana.<\/p>\n<p>La escena vivida en la Academia de Operaci\u00f3n Triunfo refleja m\u00e1s un cambio cultural y generacional que un fallo individual. La p\u00e9rdida de soltura con los relojes de agujas es el resultado l\u00f3gico de la digitalizaci\u00f3n: usamos lo que vemos m\u00e1s. Y hoy, lo que vemos m\u00e1s es <a class=\"text-outboundlink\" href=\"https:\/\/www.xataka.com\/basics\/como-saber-que-apple-watch-tengo-conocer-nombre-tu-modelo-concreto\" data-vars-post-title=\"C\u00f3mo saber qu\u00e9 Apple Watch tengo y conocer el nombre de tu modelo concreto \" data-vars-post-url=\"https:\/\/www.xataka.com\/basics\/como-saber-que-apple-watch-tengo-conocer-nombre-tu-modelo-concreto\" rel=\"nofollow noopener\" target=\"_blank\">la hora en pantallas<\/a>.<\/p>\n<p>En Xataka | <a class=\"text-outboundlink\" href=\"https:\/\/www.xataka.com\/empresas-y-economia\/hubo-dia-que-comprar-reloj-lujo-era-negocio-muy-rentable-aranceles-eeuu-estan-volviendo-a-conseguir\" data-vars-post-title=\"El mercado de los relojes de lujo de segunda mano estaba en crisis. Los aranceles de EEUU lo est\u00e1n reavivando\" data-vars-post-url=\"https:\/\/www.xataka.com\/empresas-y-economia\/hubo-dia-que-comprar-reloj-lujo-era-negocio-muy-rentable-aranceles-eeuu-estan-volviendo-a-conseguir\" rel=\"nofollow noopener\" target=\"_blank\">El mercado de los relojes de lujo de segunda mano estaba en crisis. Los aranceles de EEUU lo est\u00e1n reavivando<\/a><\/p>\n<p>Imagen | Amazon \/ Unsplash (<a rel=\"noopener, noreferrer nofollow\" href=\"https:\/\/unsplash.com\/es\/fotos\/persona-sosteniendo-reloj-despertador-analogico-de-doble-campana-rojo-y-beige-FfbVFLAVscw\" target=\"_blank\">Malvestida<\/a>, <a rel=\"noopener, noreferrer nofollow\" href=\"https:\/\/unsplash.com\/es\/fotos\/mujer-cubriendo-la-cara-con-un-reloj-de-pared-ACB5nvhnm6c\" target=\"_blank\">RODOLFO BARRETTO<\/a>)<\/p>\n<p> <script async src=\"\/\/www.instagram.com\/embed.js\"><\/script><\/p>\n","protected":false},"excerpt":{"rendered":"Una escena de la Academia de Operaci\u00f3n Triunfo 2025 se ha vuelto viral con m\u00e1s de un mill\u00f3n&hellip;\n","protected":false},"author":2,"featured_media":126837,"comment_status":"","ping_status":"","sticky":false,"template":"","format":"standard","meta":{"footnotes":""},"categories":[171],"tags":[146,147,25,24,23,214],"class_list":{"0":"post-126836","1":"post","2":"type-post","3":"status-publish","4":"format-standard","5":"has-post-thumbnail","7":"category-tv","8":"tag-entertainment","9":"tag-entretenimiento","10":"tag-es","11":"tag-espana","12":"tag-spain","13":"tag-tv"},"share_on_mastodon":{"url":"","error":""},"_links":{"self":[{"href":"https:\/\/www.europesays.com\/es\/wp-json\/wp\/v2\/posts\/126836","targetHints":{"allow":["GET"]}}],"collection":[{"href":"https:\/\/www.europesays.com\/es\/wp-json\/wp\/v2\/posts"}],"about":[{"href":"https:\/\/www.europesays.com\/es\/wp-json\/wp\/v2\/types\/post"}],"author":[{"embeddable":true,"href":"https:\/\/www.europesays.com\/es\/wp-json\/wp\/v2\/users\/2"}],"replies":[{"embeddable":true,"href":"https:\/\/www.europesays.com\/es\/wp-json\/wp\/v2\/comments?post=126836"}],"version-history":[{"count":0,"href":"https:\/\/www.europesays.com\/es\/wp-json\/wp\/v2\/posts\/126836\/revisions"}],"wp:featuredmedia":[{"embeddable":true,"href":"https:\/\/www.europesays.com\/es\/wp-json\/wp\/v2\/media\/126837"}],"wp:attachment":[{"href":"https:\/\/www.europesays.com\/es\/wp-json\/wp\/v2\/media?parent=126836"}],"wp:term":[{"taxonomy":"category","embeddable":true,"href":"https:\/\/www.europesays.com\/es\/wp-json\/wp\/v2\/categories?post=126836"},{"taxonomy":"post_tag","embeddable":true,"href":"https:\/\/www.europesays.com\/es\/wp-json\/wp\/v2\/tags?post=126836"}],"curies":[{"name":"wp","href":"https:\/\/api.w.org\/{rel}","templated":true}]}}