{"id":126838,"date":"2025-09-20T06:35:07","date_gmt":"2025-09-20T06:35:07","guid":{"rendered":"https:\/\/www.europesays.com\/es\/126838\/"},"modified":"2025-09-20T06:35:07","modified_gmt":"2025-09-20T06:35:07","slug":"queremos-disfrutarlo-adelante-y-al-centro","status":"publish","type":"post","link":"https:\/\/www.europesays.com\/es\/126838\/","title":{"rendered":"Queremos disfrutarlo adelante y al centro"},"content":{"rendered":"<p class=\"paragraph\">No es algo nuevo, pero siempre resulta ins\u00f3lito ver a <b>seguidores de un artista haciendo fila en las puertas del recinto<\/b> un d\u00eda antes del concierto de sus entretelas. <a href=\"https:\/\/www.heraldo.es\/noticias\/ocio-y-cultura\/2025\/09\/19\/enrique-bunbury-zaragoza-concierto-huracan-ambulante-1855350.html\" title=\"Bunbury llega plet\u00f3rico a Zaragoza con su concierto y un deseo: &quot;Que tengas suertecita&quot;\" rel=\"nofollow noopener\" target=\"_blank\">Es el caso del recital bunburiano<\/a> de este s\u00e1bado 20 de septiembre en Zaragoza: desde el d\u00eda anterior por la ma\u00f1ana se pod\u00eda ver a un grupo de fans en la puerta D del Pr\u00edncipe Felipe. Un contingente con mayor\u00eda mexicana junto a seguidores de distintos puntos de Espa\u00f1a, incluyendo un zaragozano (\u00d3scar) consagrado a la m\u00fasica de Bunbury y H\u00e9roes desde hace m\u00e1s de tres d\u00e9cadas.<\/p>\n<p class=\"paragraph\">Por ah\u00ed asomaba la tropa mexicana con Vanessa, Aldo, Eric, Marco, Dylan, Yasmin y \u00c1ngel. Junto a ellos, las madrile\u00f1as Olga y Stella (esta \u00faltima, cantante profesional),  el santanderino Manuel, otro \u00d3scar (segoviano, como Juan Valdivia), Luis y Luc\u00eda desde Valencia.<b> \u201cVenimos varios directamente desde M\u00e9xico -apuntaba Vanessa, <\/b>aludiendo a su grupo- y algunos hemos estado en los conciertos de Madrid y Barcelona. Yo ya vi a H\u00e9roes en 2007, en los shows del 4 y 6 de octubre en el Foro Sol de Ciudad de M\u00e9xico. Bunbury es mejor que otros porque se renueva, pero no abandona su esencia. Estamos aqu\u00ed de acampada porque queremos disfrutarlo adelante y al centro, cerquitita\u201d.<\/p>\n<p class=\"paragraph\">Entre los congregados hab\u00eda ilusi\u00f3n por alguna sorpresa en el repertorio, conscientes de que el grueso de las canciones que sonar\u00e1n esta noche son las que han ido protagonizando los repertorios del resto de la gira.<b> \u201cEn Barcelona hizo \u2018Canto (el mismo dolor), cosa que agradec\u00ed much\u00edsimo.<\/b> En Madrid recuper\u00f3 \u2018El aragon\u00e9s errante\u2019 tras much\u00edsimos a\u00f1os sin hacerla en directo, y ojal\u00e1 cante en Zaragoza \u2018El anzuelo\u2019, de verdad\u201d, explicaba la mexicana, que encontr\u00f3 aprobaci\u00f3n un\u00e1nime sobre esta \u00faltima ilusi\u00f3n entre los presentes. \u00abEst\u00e1 con el Hurac\u00e1n, hay que aprovecharlo. Y Ana Bel\u00e9n Estaje es maravillosa\u201d.<\/p>\n","protected":false},"excerpt":{"rendered":"No es algo nuevo, pero siempre resulta ins\u00f3lito ver a seguidores de un artista haciendo fila en las&hellip;\n","protected":false},"author":2,"featured_media":126839,"comment_status":"","ping_status":"","sticky":false,"template":"","format":"standard","meta":{"footnotes":""},"categories":[170],"tags":[2339,17833,146,147,25,24,39244,184,185,23,491],"class_list":{"0":"post-126838","1":"post","2":"type-post","3":"status-publish","4":"format-standard","5":"has-post-thumbnail","7":"category-musica","8":"tag-concierto","9":"tag-enrique-bunbury","10":"tag-entertainment","11":"tag-entretenimiento","12":"tag-es","13":"tag-espana","14":"tag-huracan-ambulante","15":"tag-music","16":"tag-musica","17":"tag-spain","18":"tag-zaragoza"},"share_on_mastodon":{"url":"","error":""},"_links":{"self":[{"href":"https:\/\/www.europesays.com\/es\/wp-json\/wp\/v2\/posts\/126838","targetHints":{"allow":["GET"]}}],"collection":[{"href":"https:\/\/www.europesays.com\/es\/wp-json\/wp\/v2\/posts"}],"about":[{"href":"https:\/\/www.europesays.com\/es\/wp-json\/wp\/v2\/types\/post"}],"author":[{"embeddable":true,"href":"https:\/\/www.europesays.com\/es\/wp-json\/wp\/v2\/users\/2"}],"replies":[{"embeddable":true,"href":"https:\/\/www.europesays.com\/es\/wp-json\/wp\/v2\/comments?post=126838"}],"version-history":[{"count":0,"href":"https:\/\/www.europesays.com\/es\/wp-json\/wp\/v2\/posts\/126838\/revisions"}],"wp:featuredmedia":[{"embeddable":true,"href":"https:\/\/www.europesays.com\/es\/wp-json\/wp\/v2\/media\/126839"}],"wp:attachment":[{"href":"https:\/\/www.europesays.com\/es\/wp-json\/wp\/v2\/media?parent=126838"}],"wp:term":[{"taxonomy":"category","embeddable":true,"href":"https:\/\/www.europesays.com\/es\/wp-json\/wp\/v2\/categories?post=126838"},{"taxonomy":"post_tag","embeddable":true,"href":"https:\/\/www.europesays.com\/es\/wp-json\/wp\/v2\/tags?post=126838"}],"curies":[{"name":"wp","href":"https:\/\/api.w.org\/{rel}","templated":true}]}}