{"id":126842,"date":"2025-09-20T06:37:14","date_gmt":"2025-09-20T06:37:14","guid":{"rendered":"https:\/\/www.europesays.com\/es\/126842\/"},"modified":"2025-09-20T06:37:14","modified_gmt":"2025-09-20T06:37:14","slug":"luca-zidane-cambia-de-nacionalidad-para-jugar-el-mundial-con-argelia","status":"publish","type":"post","link":"https:\/\/www.europesays.com\/es\/126842\/","title":{"rendered":"Luca Zidane &#8216;cambia&#8217; de nacionalidad para jugar el Mundial con Argelia"},"content":{"rendered":"<p>19\/09\/2025<br \/>\n<br \/><strong><br \/>\nActualizado 20\/09\/2025 a las 05:57h.<br \/>\n<\/strong><\/p>\n<p class=\"voc-p\" style=\"\">La FIFA ha aprobado el cambio de Federaci\u00f3n de Luca Zidane, hijo del mediapunta franc\u00e9s <a href=\"https:\/\/www.abc.es\/noticias\/zinedine-zidane\/\" target=\"_self\" data-voc-vtm-id=\"in-text-traffic\" title=\"Zinedine Zidane\" data-mrf-link=\"www.abc.es\" rel=\"nofollow noopener\">Zinedine Zidane<\/a>, que a partir de ahora podr\u00e1 ser convocado con la selecci\u00f3n de Argelia, lo que le abre las puertas a seguir los pasos de su padre y disputar el pr\u00f3ximo Mundial.<\/p>\n<p class=\"voc-p\" style=\"\">El cambio de selecci\u00f3n de Zidane, que jug\u00f3 con Francia en categor\u00edas inferiores, fue aprobad y publicado este viernes por la FIFA en su plataforma de Cambio de Asociaci\u00f3n.<\/p>\n<p class=\"voc-p\" style=\"\">Zidane juega en el Granada, equipo de la segunda divisi\u00f3n, y su cambio de selecci\u00f3n indica que los argelinos buscan ampliar su plantilla de porteros.<\/p>\n<p class=\"voc-p\" style=\"\">Argelia ha utilizado a cuatro porteros en el \u00faltimo a\u00f1o de competici\u00f3n, siendo Alexis Guendouz, del Mouloudia Alger, la primera opci\u00f3n. Tambi\u00e9n han aparecido Oussama Benbot, quien tambi\u00e9n juega en casa; Anthony Mandrea, que compite en la tercera divisi\u00f3n francesa; y Alexandre Oukidja, que juega en la liga serbia.<\/p>\n<p class=\"voc-p\" style=\"\">Zidane, de 27 a\u00f1os, es el segundo de cuatro hermanos, todos ellos formados en la cantera del Real Madrid.<\/p>\n<p class=\"voc-p\" style=\"\">Disput\u00f3 dos partidos con el Real Madrid y tambi\u00e9n tiene experiencia en La Liga con el <a href=\"https:\/\/www.abc.es\/deportes\/futbol\/abci-luca-zidane-salva-rayo-ante-guijuelo-tanda-penaltis-202112022202_noticia.html\" target=\"_self\" data-voc-vtm-id=\"in-text-traffic\" title=\"Rayo Vallecano\" data-mrf-link=\"www.abc.es\" rel=\"nofollow noopener\">Rayo Vallecano<\/a>, pero durante las \u00faltimas cuatro temporadas compiti\u00f3 en la segunda divisi\u00f3n espa\u00f1ola con el \u00c9ibar y ahora con el Granada.<\/p>\n<p class=\"voc-p\" style=\"\">Zidane fue internacional con Francia en varias categor\u00edas inferiores, incluyendo la sub-20, lo que requiri\u00f3 un cambio formal de selecci\u00f3n para estar disponible para Argelia.<\/p>\n<p class=\"voc-p\" style=\"\">El cambio ha sido factible por sus abuelos, los padres de Zinedine Zidane, son originarios de la regi\u00f3n de Cabilia, en Argelia.<\/p>\n<p class=\"voc-p\" style=\"\">Se espera que Argelia se asegure una plaza en la fase final de 2026 en su partido de clasificaci\u00f3n contra Somalia el pr\u00f3ximo mes.<\/p>\n<p class=\"voc-p\" style=\"\">Zinedine Zidane gan\u00f3 el <a href=\"https:\/\/www.abc.es\/mundial-futbol\/historia-mundiales\/francia-1998.html\" target=\"_self\" data-voc-vtm-id=\"in-text-traffic\" title=\"Mundial con Francia en 1998\" data-mrf-link=\"www.abc.es\" rel=\"nofollow noopener\">Mundial con Francia en 1998<\/a>, brillando en su victoria en casa, pero fue expulsado en la final de 2006 en Alemania, donde perdieron contra Italia.<\/p>\n<p>Reportar un error<\/p>\n","protected":false},"excerpt":{"rendered":"19\/09\/2025 Actualizado 20\/09\/2025 a las 05:57h. La FIFA ha aprobado el cambio de Federaci\u00f3n de Luca Zidane, hijo&hellip;\n","protected":false},"author":2,"featured_media":126843,"comment_status":"","ping_status":"","sticky":false,"template":"","format":"standard","meta":{"footnotes":""},"categories":[93],"tags":[5390,1838,168,25,24,7532,10268,1070,35511,23,167,41134],"class_list":{"0":"post-126842","1":"post","2":"type-post","3":"status-publish","4":"format-standard","5":"has-post-thumbnail","7":"category-deportes","8":"tag-argelia","9":"tag-cambia","10":"tag-deportes","11":"tag-es","12":"tag-espana","13":"tag-jugar","14":"tag-luca","15":"tag-mundial","16":"tag-nacionalidad","17":"tag-spain","18":"tag-sports","19":"tag-zidane"},"share_on_mastodon":{"url":"","error":""},"_links":{"self":[{"href":"https:\/\/www.europesays.com\/es\/wp-json\/wp\/v2\/posts\/126842","targetHints":{"allow":["GET"]}}],"collection":[{"href":"https:\/\/www.europesays.com\/es\/wp-json\/wp\/v2\/posts"}],"about":[{"href":"https:\/\/www.europesays.com\/es\/wp-json\/wp\/v2\/types\/post"}],"author":[{"embeddable":true,"href":"https:\/\/www.europesays.com\/es\/wp-json\/wp\/v2\/users\/2"}],"replies":[{"embeddable":true,"href":"https:\/\/www.europesays.com\/es\/wp-json\/wp\/v2\/comments?post=126842"}],"version-history":[{"count":0,"href":"https:\/\/www.europesays.com\/es\/wp-json\/wp\/v2\/posts\/126842\/revisions"}],"wp:featuredmedia":[{"embeddable":true,"href":"https:\/\/www.europesays.com\/es\/wp-json\/wp\/v2\/media\/126843"}],"wp:attachment":[{"href":"https:\/\/www.europesays.com\/es\/wp-json\/wp\/v2\/media?parent=126842"}],"wp:term":[{"taxonomy":"category","embeddable":true,"href":"https:\/\/www.europesays.com\/es\/wp-json\/wp\/v2\/categories?post=126842"},{"taxonomy":"post_tag","embeddable":true,"href":"https:\/\/www.europesays.com\/es\/wp-json\/wp\/v2\/tags?post=126842"}],"curies":[{"name":"wp","href":"https:\/\/api.w.org\/{rel}","templated":true}]}}