{"id":126849,"date":"2025-09-20T06:43:09","date_gmt":"2025-09-20T06:43:09","guid":{"rendered":"https:\/\/www.europesays.com\/es\/126849\/"},"modified":"2025-09-20T06:43:09","modified_gmt":"2025-09-20T06:43:09","slug":"america-se-llena-de-reyes-el-encuentro-de-felipe-vi-con-trump-en-nueva-york-mientras-don-juan-carlos-compite-en-las-regatas-y-dona-sofia-finaliza-sus-actos-en-washington","status":"publish","type":"post","link":"https:\/\/www.europesays.com\/es\/126849\/","title":{"rendered":"Am\u00e9rica se llena de reyes: el encuentro de Felipe VI con Trump en Nueva York mientras don Juan Carlos compite en las regatas y do\u00f1a Sof\u00eda finaliza sus actos en Washington"},"content":{"rendered":"<p>Despu\u00e9s de <a href=\"https:\/\/www.revistavanityfair.es\/articulos\/kate-middleton-reina-camilla-melania-cena-gala-trump-windsor\" rel=\"nofollow noopener\" target=\"_blank\">visitar a Carlos III<\/a> los Trump se preparan para recibir a otro monarca: <a href=\"https:\/\/www.revistavanityfair.es\/articulos\/felipe-letizia-egipto-visita-tumbas-faraones-luxor\" rel=\"nofollow noopener\" target=\"_blank\">Felipe VI<\/a>.<\/p>\n<p>Seg\u00fan ha anunciado este viernes la casa real, el rey asistir\u00e1 a la recepci\u00f3n que ofrecer\u00e1n el presidente y la primera dama de Estados Unidos con ocasi\u00f3n del <strong>debate general del 80\u00ba periodo de sesiones de la Asamblea General de las Naciones Unidas<\/strong>, un acto al que don Felipe viajar\u00e1 acompa\u00f1ado del presidente Pedro S\u00e1nchez, y en el que coincidir\u00e1 con otros jefes de Estado y otros miembros de la realeza como <a href=\"https:\/\/www.revistavanityfair.es\/articulos\/reina-maxima-holanda-vestido-flecos-maxi-pamela\" rel=\"nofollow noopener\" target=\"_blank\">M\u00e1xima de Holanda<\/a>.<\/p>\n<p>La recepci\u00f3n de los Trump tendr\u00e1 lugar en el hotel Lotte Palace Hotel de Nueva York, la ciudad sede de la ONU, donde el rey llegar\u00e1 el lunes 22 tras haber presidido algunas audiencias en el la Zarzuela (por ejemplo, para recibir a los expedicionarios \u00abMiguel de la Quadra-Salcedo\u201d).<\/p>\n<p>Su agenda oficial comenzar\u00e1 ese mismo d\u00eda con un encuentro a los espa\u00f1oles que trabajan en la ONU, a quienes dirigir\u00e1 un discurso en la residencia de la Embajada en la Misi\u00f3n Permanente ante esta organizaci\u00f3n. Al d\u00eda siguiente, asistir\u00e1 a la inauguraci\u00f3n del debate antes de la recepci\u00f3n con los Trump, y el mi\u00e9rcoles 24, realizar\u00e1 la que ser\u00e1 su cuarta intervenci\u00f3n ante la ONU.<\/p>\n<p>Casualmente, en Estados Unidos no solo tomar\u00e1 el testigo de la <a href=\"https:\/\/www.revistavanityfair.es\/articulos\/reina-sofia-infancia-egipto-hotel-mena-house-viaje-letizia-felipe\" rel=\"nofollow noopener\" target=\"_blank\">reina Sof\u00eda<\/a>, quien se encuentra desde ayer en Washington para presidir el II simposio America&amp;Spain este s\u00e1bado, sino que adem\u00e1s coincidir\u00e1 con el viaje que est\u00e1n tambi\u00e9n realizando a Nueva York <a data-offer-url=\"https:\/\/www.larazon.es\/gente\/casa-real\/viaje-don-juan-carlos-nueva-york-infanta-elena-fiesta-tematica-bollywood_2025091668c91107d8e27966645fb81c.html\" class=\"external-link\" data-event-click=\"{&quot;element&quot;:&quot;ExternalLink&quot;,&quot;outgoingURL&quot;:&quot;https:\/\/www.larazon.es\/gente\/casa-real\/viaje-don-juan-carlos-nueva-york-infanta-elena-fiesta-tematica-bollywood_2025091668c91107d8e27966645fb81c.html&quot;}\" href=\"https:\/\/www.larazon.es\/gente\/casa-real\/viaje-don-juan-carlos-nueva-york-infanta-elena-fiesta-tematica-bollywood_2025091668c91107d8e27966645fb81c.html\" rel=\"nofollow noopener\" target=\"_blank\">el rey Juan Carlos y la infanta Elena<\/a> para participar en la final del campeonato del mundo de vela de 6m que arrancar\u00e1 el mismo d\u00eda que llega Felipe.<\/p>\n<p>X content<\/p>\n<p>This content can also be viewed on the site it <a href=\"https:\/\/twitter.com\/CasaReal\/status\/1968899181461807606\" target=\"_blank\" rel=\"nofollow noreferrer noopener\" aria-label=\"Opens in a new window\" class=\"BaseWrap-sc-gzmcOU BaseText-eqOrNE BaseLink-eTpkqh ConsentBannerLink-dEGWLe deqABF cPEMFS upmqy\">originates<\/a> from.<\/p>\n<p>Habr\u00e1 que ver ahora si el encuentro del monarca con Trump sirve para que el presidente renueve la invitaci\u00f3n que le hizo en febrero de 2020 para visitarle junto a la <a href=\"https:\/\/www.revistavanityfair.es\/articulos\/reina-letizia-ciudad-muertos-el-cairo-egipto#intcid=_vanity-fair-es-verso-hp-trending_79ecc2e2-a624-48f0-98de-2469dc6dad16_popular4-2\" rel=\"nofollow noopener\" target=\"_blank\">reina Letizia<\/a> en la Casa Blanca, un viaje de Estado que hubo que cancelar por la pandemia y que cinco a\u00f1os despu\u00e9s sigue pendiente. Los reyes hab\u00edan tenido la oportunidad de reunirse con \u00e9l y la primera dama Melania Trump en 2018, pero aquella fue <a href=\"https:\/\/www.revistavanityfair.es\/poder\/articulos\/melania-letizia-te-pastas-crisis-humanitaria-felipe-vi-donald-trump\/31823\" rel=\"nofollow noopener\" target=\"_blank\">una visita oficial<\/a> y no con la categor\u00eda de Estado.<\/p>\n<p><script async src=\"https:\/\/platform.twitter.com\/widgets.js\" charset=\"utf-8\"><\/script><\/p>\n","protected":false},"excerpt":{"rendered":"Despu\u00e9s de visitar a Carlos III los Trump se preparan para recibir a otro monarca: Felipe VI. Seg\u00fan&hellip;\n","protected":false},"author":2,"featured_media":126850,"comment_status":"","ping_status":"","sticky":false,"template":"","format":"standard","meta":{"footnotes":""},"categories":[8],"tags":[17,18,25,24,1887,13,14,14587,11,19,20,11440,9,10,15,16,23,12,21,22],"class_list":{"0":"post-126849","1":"post","2":"type-post","3":"status-publish","4":"format-standard","5":"has-post-thumbnail","7":"category-espana","8":"tag-breaking-news","9":"tag-breakingnews","10":"tag-es","11":"tag-espana","12":"tag-familia-real-espanola","13":"tag-featured-news","14":"tag-featurednews","15":"tag-felipe-de-borbon","16":"tag-headlines","17":"tag-latest-news","18":"tag-latestnews","19":"tag-letizia-ortiz","20":"tag-news","21":"tag-noticias","22":"tag-noticias-destacadas","23":"tag-noticiasdestacadas","24":"tag-spain","25":"tag-titulares","26":"tag-ultimas-noticias","27":"tag-ultimasnoticias"},"share_on_mastodon":{"url":"","error":""},"_links":{"self":[{"href":"https:\/\/www.europesays.com\/es\/wp-json\/wp\/v2\/posts\/126849","targetHints":{"allow":["GET"]}}],"collection":[{"href":"https:\/\/www.europesays.com\/es\/wp-json\/wp\/v2\/posts"}],"about":[{"href":"https:\/\/www.europesays.com\/es\/wp-json\/wp\/v2\/types\/post"}],"author":[{"embeddable":true,"href":"https:\/\/www.europesays.com\/es\/wp-json\/wp\/v2\/users\/2"}],"replies":[{"embeddable":true,"href":"https:\/\/www.europesays.com\/es\/wp-json\/wp\/v2\/comments?post=126849"}],"version-history":[{"count":0,"href":"https:\/\/www.europesays.com\/es\/wp-json\/wp\/v2\/posts\/126849\/revisions"}],"wp:featuredmedia":[{"embeddable":true,"href":"https:\/\/www.europesays.com\/es\/wp-json\/wp\/v2\/media\/126850"}],"wp:attachment":[{"href":"https:\/\/www.europesays.com\/es\/wp-json\/wp\/v2\/media?parent=126849"}],"wp:term":[{"taxonomy":"category","embeddable":true,"href":"https:\/\/www.europesays.com\/es\/wp-json\/wp\/v2\/categories?post=126849"},{"taxonomy":"post_tag","embeddable":true,"href":"https:\/\/www.europesays.com\/es\/wp-json\/wp\/v2\/tags?post=126849"}],"curies":[{"name":"wp","href":"https:\/\/api.w.org\/{rel}","templated":true}]}}