{"id":126855,"date":"2025-09-20T06:46:06","date_gmt":"2025-09-20T06:46:06","guid":{"rendered":"https:\/\/www.europesays.com\/es\/126855\/"},"modified":"2025-09-20T06:46:06","modified_gmt":"2025-09-20T06:46:06","slug":"javier-zulueta-protagonista-en-el-toreo-a-una-semana-de-tomar-la-alternativa-en-la-maestranza-ocio-y-cultura","status":"publish","type":"post","link":"https:\/\/www.europesays.com\/es\/126855\/","title":{"rendered":"Javier Zulueta, protagonista en El Toreo a una semana de tomar la alternativa en la Maestranza | Ocio y cultura"},"content":{"rendered":"<p class=\"loc\">Sevilla<\/p>\n<p>Nueva edici\u00f3n en la matinal de este s\u00e1bado, d\u00eda 20 de septiembre, del programa El Toreo, en esta ocasi\u00f3n con invitado especial: el novillero Javier Zulueta, quien el domingo de la pr\u00f3xima semana tomar\u00e1 la alternativa en la Maestranza ante toros de N\u00fa\u00f1ez del Cuvillo, con Morante y Roca Rey en el cartel.<\/p>\n<p>En fin de semana de festejos en plazas de la provincia:<\/p>\n<p>-Ayer viernes en Mor\u00f3n, el homenaje al maestro del rejoneo Javier Buend\u00eda con Andy Cartagena, Diego Ventura y Lea Vicens. <\/p>\n<p>-Este s\u00e1bado en \u00c9cija, toros de N\u00fa\u00f1ez de Tarifa para Curro D\u00edaz, Cayetano y \u00c1ngel Jim\u00e9nez &#8216;El Astigitano&#8217;.<\/p>\n<p>-Y ma\u00f1ana domingo en La Algaba, cierre de sus novilladas de promoci\u00f3n: a las 6 de la tarde, erales de Agust\u00edn Lunar para Manuel Quintana de C\u00f3rdoba, Javier Torres &#8216;Bombita&#8217; de Sevilla, Pedro Caminero de Palencia y Crist\u00f3bal de Lara de Huelva.<\/p>\n<p>-Y en Utrera, a las 7, tambi\u00e9n festejo sin picadores con reses de Salvador Guardiola y Guada\u00edra para Isaac Galv\u00edn, de la Escuela de San Fernando; Manuel Troncoso, de la de Utrera, al igual que David Ram\u00edrez y Curro Sierra; y Armando Rojo de la de Sevilla. <\/p>\n<p>M\u00e1s noticias y sevillanos en los ruedos<\/p>\n<p>Recordamos los dos actos taurinos que tuvieron lugar el pasado mi\u00e9rcoles:<\/p>\n<p>1) En el Sal\u00f3n de Carteles de la Maestranza se present\u00f3 el festival del 13 de octubre a beneficio de las hermandades de San Bernardo y El Amor. En el cartel, Manzanares, Talavante, Juan Ortega, Aguado, Manuel V\u00e1zquez, Zulueta y el novillero Manuel Dom\u00ednguez. <\/p>\n<p>Por cierto, Manzanares que convalece de una lesi\u00f3n en las costillas que se produjo el lunes en Murcia; recordamos que el alicantino abre el viernes la Feria de San Miguel. Este viernes le sustituy\u00f3 Ismael Mart\u00edn en Salamanca y Pablo Aguado har\u00e1 lo propio este s\u00e1bado en Nimes.<\/p>\n<p>2) Y por la tarde, en Caja Rural del Sur (Plaza de la Magdalena), tuvo lugar la presentaci\u00f3n del documental que el compa\u00f1ero Juan Belmonte ha realizado con el t\u00edtulo &#8216;Juan Garc\u00eda Monde\u00f1o, el torero m\u00edstico&#8217;.<\/p>\n<p><b>-S\u00e1bado, 20 de septiembre-<\/b><\/p>\n<p><b>Almod\u00f3var del Campo (Ciudad Real).<\/b> Toros de Zacar\u00edas Moreno para Morante de la Puebla, Alejandro Talavante, Juan Ortega.<\/p>\n<p><b>Nimes (Francia). <\/b>Novillos de Aim\u00e9 Gallon e Hijos para Javier Zulueta, Mart\u00edn Morilla, V\u00edctor.<\/p>\n<p><b>Nimes (Francia). <\/b>Toros de Jandilla para Roca Rey, Pablo Aguado por Manzanares y Aar\u00f3n Palacio. <\/p>\n<p><b>Guadalajara. <\/b>Toros de Alcurruc\u00e9n para Miguel \u00c1ngel Perera, Daniel Luque, Fernando Adri\u00e1n.<\/p>\n<p><b>San Agust\u00edn de Guadalix (Madrid). <\/b>Novillos de Hermanos Sandoval y Zacar\u00edas Moreno para Mariscal Ruiz, Julio M\u00e9ndez, Julio Norte hijo.<\/p>\n<p><b>Salamanca. <\/b>Toros de Hdros. de \u00c1ngel S\u00e1nchez y S\u00e1nchez para Rui Fernandes, Diego Ventura, Guillermo Hermoso de Mendoza.<\/p>\n<p><b>Villamart\u00edn (C\u00e1diz).<\/b> Toros de Murube y Toros de Lagunajanda para Andy Cartagena, Manuel Escribano, Octavio Chac\u00f3n.<\/p>\n<p><b>\u00c9cija (Sevilla).<\/b> Toros de N\u00fa\u00f1ez de Tarifa para Curro D\u00edaz, Cayetano, \u00c1ngel Jim\u00e9nez &#8216;El Astigitano&#8217;.<\/p>\n<p><b>-Domingo, 21 de septiembre-<\/b><\/p>\n<p><b>Lorca (Murcia).<\/b> Toros de \u00c1lvaro N\u00fa\u00f1ez Benjumea para Jos\u00e9 Mar\u00eda Manzanares, Paco Ure\u00f1a, Juan Ortega.<\/p>\n<p><b>Murcia. <\/b>Toros de Los Espartales para Andy Cartagena, Diego Ventura, Lea Vicens.<\/p>\n<p><b>Nimes (Francia). <\/b>Toros de La Quinta para Miguel \u00c1ngel Perera, Daniel Luque, El Rafi.<\/p>\n<p><b>Guadalajara. <\/b>Toros de Zalduendo para Sebasti\u00e1n Castella, Pablo Aguado, Tom\u00e1s Rufo.<\/p>\n<p><b>Salamanca. <\/b>Toros de Garcigrande, La Ventana del Puerto, Domingo Hern\u00e1ndez Mart\u00edn, Hnos. Garc\u00eda Jim\u00e9nez, Olga Garc\u00eda Jim\u00e9nez y Carmen Lorenzo para Morante de la Puebla, Alejandro Talavante, Borja Jim\u00e9nez.<\/p>\n<p><b>L\u00e1ujar de Andarax (Almer\u00eda).<\/b> Toros y novillos de Francisco Campos Pe\u00f1a, Francisco Javier Ara\u00faz de Robles y Chamaco para Sebasti\u00e1n Fern\u00e1ndez, Salvador Cort\u00e9s, Mariscal Ruiz.<\/p>\n","protected":false},"excerpt":{"rendered":"Sevilla Nueva edici\u00f3n en la matinal de este s\u00e1bado, d\u00eda 20 de septiembre, del programa El Toreo, en&hellip;\n","protected":false},"author":2,"featured_media":126856,"comment_status":"","ping_status":"","sticky":false,"template":"","format":"standard","meta":{"footnotes":""},"categories":[277],"tags":[373,168,25,24,23,167,374],"class_list":{"0":"post-126855","1":"post","2":"type-post","3":"status-publish","4":"format-standard","5":"has-post-thumbnail","7":"category-toreo","8":"tag-bullfighting","9":"tag-deportes","10":"tag-es","11":"tag-espana","12":"tag-spain","13":"tag-sports","14":"tag-toreo"},"share_on_mastodon":{"url":"","error":""},"_links":{"self":[{"href":"https:\/\/www.europesays.com\/es\/wp-json\/wp\/v2\/posts\/126855","targetHints":{"allow":["GET"]}}],"collection":[{"href":"https:\/\/www.europesays.com\/es\/wp-json\/wp\/v2\/posts"}],"about":[{"href":"https:\/\/www.europesays.com\/es\/wp-json\/wp\/v2\/types\/post"}],"author":[{"embeddable":true,"href":"https:\/\/www.europesays.com\/es\/wp-json\/wp\/v2\/users\/2"}],"replies":[{"embeddable":true,"href":"https:\/\/www.europesays.com\/es\/wp-json\/wp\/v2\/comments?post=126855"}],"version-history":[{"count":0,"href":"https:\/\/www.europesays.com\/es\/wp-json\/wp\/v2\/posts\/126855\/revisions"}],"wp:featuredmedia":[{"embeddable":true,"href":"https:\/\/www.europesays.com\/es\/wp-json\/wp\/v2\/media\/126856"}],"wp:attachment":[{"href":"https:\/\/www.europesays.com\/es\/wp-json\/wp\/v2\/media?parent=126855"}],"wp:term":[{"taxonomy":"category","embeddable":true,"href":"https:\/\/www.europesays.com\/es\/wp-json\/wp\/v2\/categories?post=126855"},{"taxonomy":"post_tag","embeddable":true,"href":"https:\/\/www.europesays.com\/es\/wp-json\/wp\/v2\/tags?post=126855"}],"curies":[{"name":"wp","href":"https:\/\/api.w.org\/{rel}","templated":true}]}}