{"id":12687,"date":"2025-07-29T22:58:07","date_gmt":"2025-07-29T22:58:07","guid":{"rendered":"https:\/\/www.europesays.com\/es\/12687\/"},"modified":"2025-07-29T22:58:07","modified_gmt":"2025-07-29T22:58:07","slug":"khloe-kardashian-celebra-el-3-cumpleanos-de-su-hijo-con-esta-alucinante-fiesta-de-mickey-mouse","status":"publish","type":"post","link":"https:\/\/www.europesays.com\/es\/12687\/","title":{"rendered":"Khlo\u00e9 Kardashian celebra el 3 cumplea\u00f1os de su hijo con esta alucinante fiesta de Mickey Mouse"},"content":{"rendered":"<p id=\"ehJBCLcM-3\" data-wc=\"118\">Hamburguesas, fritos y helados con la forma de Mickey Mouse, todos los dulces que te puedas imaginar, merchandising,\u00a0tartas tem\u00e1ticas y la decoraci\u00f3n m\u00e1s Disney desde la entrada de la casa hasta la gigantesca piscina, son solo algunos de los ingredientes de la espectacular fiesta de cumplea\u00f1os de Tatum Thompson, el segundo hijo de <a class=\"hm-link\" href=\"https:\/\/www.hola.com\/belleza\/20250701841357\/khloe-kardashian-confiesa-retoques-esteticos\/\" data-mrf-recirculation=\"article-body-link\" rel=\"nofollow noopener\" target=\"_blank\">Khlo\u00e9 Kardashian<\/a> que naci\u00f3 por vientre de alquiler en el a\u00f1o 2022. Con motivo de su tercer aniversario, el peque\u00f1o de la casa, junto al resto de sus amigos, ha alucinado con la espectacular fiesta que se ha encargado de organizar la celebritie americana y que es un sue\u00f1o hecho realidad para cualquier amante del entra\u00f1able personaje. \u00bfQuieres verlo? \u00a1No te pierdas el v\u00eddeo!<\/p>\n","protected":false},"excerpt":{"rendered":"Hamburguesas, fritos y helados con la forma de Mickey Mouse, todos los dulces que te puedas imaginar, merchandising,\u00a0tartas&hellip;\n","protected":false},"author":2,"featured_media":12688,"comment_status":"","ping_status":"","sticky":false,"template":"","format":"standard","meta":{"footnotes":""},"categories":[174],"tags":[517,255,253,146,147,25,24,256,8780,23],"class_list":{"0":"post-12687","1":"post","2":"type-post","3":"status-publish","4":"format-standard","5":"has-post-thumbnail","7":"category-famosos","8":"tag-actualidad","9":"tag-celebrities","10":"tag-discover","11":"tag-entertainment","12":"tag-entretenimiento","13":"tag-es","14":"tag-espana","15":"tag-famosos","16":"tag-khloe-kardashian","17":"tag-spain"},"share_on_mastodon":{"url":"","error":""},"_links":{"self":[{"href":"https:\/\/www.europesays.com\/es\/wp-json\/wp\/v2\/posts\/12687","targetHints":{"allow":["GET"]}}],"collection":[{"href":"https:\/\/www.europesays.com\/es\/wp-json\/wp\/v2\/posts"}],"about":[{"href":"https:\/\/www.europesays.com\/es\/wp-json\/wp\/v2\/types\/post"}],"author":[{"embeddable":true,"href":"https:\/\/www.europesays.com\/es\/wp-json\/wp\/v2\/users\/2"}],"replies":[{"embeddable":true,"href":"https:\/\/www.europesays.com\/es\/wp-json\/wp\/v2\/comments?post=12687"}],"version-history":[{"count":0,"href":"https:\/\/www.europesays.com\/es\/wp-json\/wp\/v2\/posts\/12687\/revisions"}],"wp:featuredmedia":[{"embeddable":true,"href":"https:\/\/www.europesays.com\/es\/wp-json\/wp\/v2\/media\/12688"}],"wp:attachment":[{"href":"https:\/\/www.europesays.com\/es\/wp-json\/wp\/v2\/media?parent=12687"}],"wp:term":[{"taxonomy":"category","embeddable":true,"href":"https:\/\/www.europesays.com\/es\/wp-json\/wp\/v2\/categories?post=12687"},{"taxonomy":"post_tag","embeddable":true,"href":"https:\/\/www.europesays.com\/es\/wp-json\/wp\/v2\/tags?post=12687"}],"curies":[{"name":"wp","href":"https:\/\/api.w.org\/{rel}","templated":true}]}}